{"id":272923,"date":"2025-07-25T14:05:11","date_gmt":"2025-07-25T14:05:11","guid":{"rendered":"https:\/\/www.europesays.com\/fr\/272923\/"},"modified":"2025-07-25T14:05:11","modified_gmt":"2025-07-25T14:05:11","slug":"deux-pistes-evoquees-apres-la-decouverte-des-boites-noires","status":"publish","type":"post","link":"https:\/\/www.europesays.com\/fr\/272923\/","title":{"rendered":"deux pistes \u00e9voqu\u00e9es apr\u00e8s la d\u00e9couverte des bo\u00eetes noires"},"content":{"rendered":"<blockquote class=\"twitter-tweet\">\n<p lang=\"en\" dir=\"ltr\">\ud83d\udea8 BREAKING: Tragic An-24 crash in Russia&rsquo;s Amur region claims 49 lives, including 5 children. The Angara Airlines flight from Khabarovsk to Tynda vanished after a failed landing attempt. Wreckage found burning on a remote mountainside. RIP. \ud83d\ude4f <a href=\"https:\/\/t.co\/oKmSANbbHb\" rel=\"nofollow\">pic.twitter.com\/oKmSANbbHb<\/a><\/p>\n<p>\u2014 Fahad Naim (@Fahadnaimb) <a href=\"https:\/\/twitter.com\/Fahadnaimb\/status\/1948303504717525133?ref_src=twsrc%5Etfw\" rel=\"nofollow noopener\" target=\"_blank\">July 24, 2025<\/a><\/p><\/blockquote>\n<p>\u00ab\u00a0Les enregistreurs de bord ont \u00e9t\u00e9 retrouv\u00e9s sur les lieux de la catastrophe et seront prochainement envoy\u00e9s \u00e0 Moscou pour \u00eatre analys\u00e9s\u00a0\u00bb, a fait savoir le minist\u00e8re, dans un communiqu\u00e9 sur Telegram. Il a soulign\u00e9 que l\u2019agence de l\u2019aviation civile russe et celle de la surveillance des transports allaient effectuer une \u00ab\u00a0v\u00e9rification\u00a0\u00bb des activit\u00e9s d\u2019Angara Airlines.<\/p>\n<p>Le gouverneur de la r\u00e9gion de l\u2019Amour, Vassili Orlov, a affirm\u00e9 sur Telegram que deux pistes principales \u00e9taient actuellement envisag\u00e9es pour expliquer le drame\u00a0: celle d&rsquo;\u00ab\u00a0une d\u00e9faillance technique\u00a0\u00bb et celle d\u2019une \u00ab\u00a0erreur de pilotage\u00a0\u00bb.<\/p>\n<p>De mauvaises conditions m\u00e9t\u00e9orologiques<\/p>\n<p>Jeudi, le directeur de la compagnie a\u00e9rienne, Sergue\u00ef Salamanov, avait pour sa part assur\u00e9 au m\u00e9dia russe REN TV que l\u2019appareil accident\u00e9 avait d\u00e9coll\u00e9 avec deux heures de retard en raison de mauvaises conditions m\u00e9t\u00e9orologiques. \u00ab\u00a0Les conditions n\u2019\u00e9taient pas favorables au vol\u00a0\u00bb mais \u00ab\u00a0le commandant a pris la d\u00e9cision de l\u2019effectuer\u00a0\u00bb, a comment\u00e9 M. Salamanov, relevant que ce pilote, \u00e2g\u00e9 de 61\u00a0ans, \u00e9tait \u00ab\u00a0exp\u00e9riment\u00e9\u00a0\u00bb et avait 11\u00a0000 heures de vol \u00e0 son actif.<\/p>\n<p>D\u2019apr\u00e8s l\u2019agence de presse TASS, citant une source au sein des autorit\u00e9s a\u00e9roportuaires, l\u2019avion avait \u00e9t\u00e9 fabriqu\u00e9 il y a pr\u00e8s de 50\u00a0ans, en 1976, par l\u2019usine Aviant \u00e0 Kiev, en Ukraine, qui faisait alors partie de l\u2019Union sovi\u00e9tique. En 2021, son certificat de navigabilit\u00e9 avait \u00e9t\u00e9 prolong\u00e9 jusqu\u2019en 2036, toujours d\u2019apr\u00e8s cette agence de presse.<\/p>\n<p>        <script async src=\"https:\/\/platform.twitter.com\/widgets.js\" charset=\"utf-8\"><\/script><\/p>\n","protected":false},"excerpt":{"rendered":"\ud83d\udea8 BREAKING: Tragic An-24 crash in Russia&rsquo;s Amur region claims 49 lives, including 5 children. The Angara Airlines&hellip;\n","protected":false},"author":2,"featured_media":272924,"comment_status":"","ping_status":"","sticky":false,"template":"","format":"standard","meta":{"footnotes":""},"categories":[1591],"tags":[11,1887,12,1885,1886,132],"class_list":{"0":"post-272923","1":"post","2":"type-post","3":"status-publish","4":"format-standard","5":"has-post-thumbnail","7":"category-russie","8":"tag-actualites","9":"tag-federation-de-russie","10":"tag-news","11":"tag-russia","12":"tag-russian-federation","13":"tag-russie"},"share_on_mastodon":{"url":"https:\/\/pubeurope.com\/@fr\/114914258010817296","error":""},"_links":{"self":[{"href":"https:\/\/www.europesays.com\/fr\/wp-json\/wp\/v2\/posts\/272923","targetHints":{"allow":["GET"]}}],"collection":[{"href":"https:\/\/www.europesays.com\/fr\/wp-json\/wp\/v2\/posts"}],"about":[{"href":"https:\/\/www.europesays.com\/fr\/wp-json\/wp\/v2\/types\/post"}],"author":[{"embeddable":true,"href":"https:\/\/www.europesays.com\/fr\/wp-json\/wp\/v2\/users\/2"}],"replies":[{"embeddable":true,"href":"https:\/\/www.europesays.com\/fr\/wp-json\/wp\/v2\/comments?post=272923"}],"version-history":[{"count":0,"href":"https:\/\/www.europesays.com\/fr\/wp-json\/wp\/v2\/posts\/272923\/revisions"}],"wp:featuredmedia":[{"embeddable":true,"href":"https:\/\/www.europesays.com\/fr\/wp-json\/wp\/v2\/media\/272924"}],"wp:attachment":[{"href":"https:\/\/www.europesays.com\/fr\/wp-json\/wp\/v2\/media?parent=272923"}],"wp:term":[{"taxonomy":"category","embeddable":true,"href":"https:\/\/www.europesays.com\/fr\/wp-json\/wp\/v2\/categories?post=272923"},{"taxonomy":"post_tag","embeddable":true,"href":"https:\/\/www.europesays.com\/fr\/wp-json\/wp\/v2\/tags?post=272923"}],"curies":[{"name":"wp","href":"https:\/\/api.w.org\/{rel}","templated":true}]}}