{"id":272925,"date":"2025-07-25T14:06:12","date_gmt":"2025-07-25T14:06:12","guid":{"rendered":"https:\/\/www.europesays.com\/fr\/272925\/"},"modified":"2025-07-25T14:06:12","modified_gmt":"2025-07-25T14:06:12","slug":"lukraine-a-obtenu-une-promesse-de-financement-pour-trois-systemes-patriot-dit-zelensky-25-07-2025-a-1502","status":"publish","type":"post","link":"https:\/\/www.europesays.com\/fr\/272925\/","title":{"rendered":"L&rsquo;Ukraine a obtenu une promesse de financement pour trois syst\u00e8mes Patriot, dit Zelensky &#8211; 25\/07\/2025 \u00e0 15:02"},"content":{"rendered":"<p>\n (Bien lire que l&rsquo;Ukraine a obtenu une promesse de financement,<br \/>\npas les syst\u00e8mes eux-m\u00eames, dans le titre et au \u00a71)\n<\/p>\n<p>\n L&rsquo;Ukraine a obtenu de ses<br \/>\npartenaires la confirmation qu&rsquo;ils financeront l&rsquo;acquisition de<br \/>\ntrois syst\u00e8mes de d\u00e9fense antimissile Patriot de conception<br \/>\nam\u00e9ricaine et des discussions sont en cours pour financer<br \/>\nl&rsquo;achat de sept autres, a d\u00e9clar\u00e9 jeudi le pr\u00e9sident ukrainien<br \/>\nVolodimir Zelensky, dont les propos ont \u00e9t\u00e9 diffus\u00e9s vendredi.\n<\/p>\n<p>\n \u00ab\u00a0J&rsquo;ai officiellement re\u00e7u la confirmation de l&rsquo;Allemagne<br \/>\npour deux syst\u00e8mes, et de la Norv\u00e8ge pour un syst\u00e8me. Nous<br \/>\ntravaillons actuellement avec des partenaires n\u00e9erlandais\u00a0\u00bb,<br \/>\na-t-il d\u00e9clar\u00e9 \u00e0 des journalistes.<br \/>\nLe pr\u00e9sident am\u00e9ricain, Donald Trump, a annonc\u00e9 au d\u00e9but du mois<br \/>\nque des milliards de dollars d&rsquo;armes am\u00e9ricaines iraient \u00e0<br \/>\nl&rsquo;Ukraine, notamment des syst\u00e8mes Patriot, ouvrant la voie \u00e0 des<br \/>\ndiscussions sur les partenaires susceptibles de contribuer au<br \/>\nfinancement de l&rsquo;achat de ces armes en guise de soutien \u00e0 Kyiv.\n<\/p>\n<p>\n Dans un document pr\u00e9par\u00e9 par les services du pr\u00e9sident<br \/>\nukrainien, Kyiv dit avoir besoin de 40 milliards de dollars l&rsquo;an<br \/>\nprochain pour financer ces \u00e9quipements. Une enveloppe<br \/>\nsuppl\u00e9mentaire de 25 milliards de dollars est jug\u00e9e n\u00e9cessaire<br \/>\npour la production de missiles, de drones et de syst\u00e8mes de<br \/>\nguerre \u00e9lectronique, ajoutent les services du pr\u00e9sident<br \/>\nukrainien.\n<\/p>\n<p>\n (Reportage Anastasiia Malenko, version fran\u00e7aise Claude<br \/>\nChendjou, \u00e9dit\u00e9 par Kate Entringer)<\/p>\n","protected":false},"excerpt":{"rendered":"(Bien lire que l&rsquo;Ukraine a obtenu une promesse de financement, pas les syst\u00e8mes eux-m\u00eames, dans le titre et&hellip;\n","protected":false},"author":2,"featured_media":2486,"comment_status":"","ping_status":"","sticky":false,"template":"","format":"standard","meta":{"footnotes":""},"categories":[1590],"tags":[400,11,398,408,405,1777,674,403,402,399,404,12,401,406,220,407],"class_list":{"0":"post-272925","1":"post","2":"type-post","3":"status-publish","4":"format-standard","5":"has-post-thumbnail","7":"category-ukraine","8":"tag-action-cac-40","9":"tag-actualites","10":"tag-bourse-de-paris","11":"tag-boursorama","12":"tag-cotations","13":"tag-eu","14":"tag-europe","15":"tag-indices-devises","16":"tag-investir","17":"tag-investissement","18":"tag-marche-boursier","19":"tag-news","20":"tag-sicav","21":"tag-trackers","22":"tag-ukraine","23":"tag-warrants"},"share_on_mastodon":{"url":"https:\/\/pubeurope.com\/@fr\/114914262023792550","error":""},"_links":{"self":[{"href":"https:\/\/www.europesays.com\/fr\/wp-json\/wp\/v2\/posts\/272925","targetHints":{"allow":["GET"]}}],"collection":[{"href":"https:\/\/www.europesays.com\/fr\/wp-json\/wp\/v2\/posts"}],"about":[{"href":"https:\/\/www.europesays.com\/fr\/wp-json\/wp\/v2\/types\/post"}],"author":[{"embeddable":true,"href":"https:\/\/www.europesays.com\/fr\/wp-json\/wp\/v2\/users\/2"}],"replies":[{"embeddable":true,"href":"https:\/\/www.europesays.com\/fr\/wp-json\/wp\/v2\/comments?post=272925"}],"version-history":[{"count":0,"href":"https:\/\/www.europesays.com\/fr\/wp-json\/wp\/v2\/posts\/272925\/revisions"}],"wp:featuredmedia":[{"embeddable":true,"href":"https:\/\/www.europesays.com\/fr\/wp-json\/wp\/v2\/media\/2486"}],"wp:attachment":[{"href":"https:\/\/www.europesays.com\/fr\/wp-json\/wp\/v2\/media?parent=272925"}],"wp:term":[{"taxonomy":"category","embeddable":true,"href":"https:\/\/www.europesays.com\/fr\/wp-json\/wp\/v2\/categories?post=272925"},{"taxonomy":"post_tag","embeddable":true,"href":"https:\/\/www.europesays.com\/fr\/wp-json\/wp\/v2\/tags?post=272925"}],"curies":[{"name":"wp","href":"https:\/\/api.w.org\/{rel}","templated":true}]}}