{"id":272926,"date":"2025-07-25T14:07:14","date_gmt":"2025-07-25T14:07:14","guid":{"rendered":"https:\/\/www.europesays.com\/fr\/272926\/"},"modified":"2025-07-25T14:07:14","modified_gmt":"2025-07-25T14:07:14","slug":"donald-trump-estime-que-ce-quemmanuel-macron-dit-na-pas-dimportance","status":"publish","type":"post","link":"https:\/\/www.europesays.com\/fr\/272926\/","title":{"rendered":"Donald Trump estime que ce qu&rsquo;Emmanuel Macron dit \u00ab\u00a0n&rsquo;a pas d&rsquo;importance\u00a0\u00bb"},"content":{"rendered":"<p>Aujourd&rsquo;hui \u00e0 15h58<\/p>\n<p>L&rsquo;Italie refuse toute reconnaissance d&rsquo;un \u00c9tat palestinien pour le moment<\/p>\n<p>\u00ab\u00a0On ne peut plus accepter massacres et famine\u00a0\u00bb dans la bande de Gaza, a affirm\u00e9 \u00e0 Rome le ministre italien des Affaires \u00e9trang\u00e8res Antonio Tajani, se refusant cependant \u00e0 reconna\u00eetre \u00e0 ce stade l&rsquo;\u00c9tat palestinien va le faire la France.<\/p>\n<blockquote class=\"embed embed_quote\"><p>\u00ab\u00a0La reconnaissance d&rsquo;un nouvel \u00c9tat palestinien doit avoir lieu en m\u00eame temps que leur reconnaissance de l&rsquo;\u00c9tat d&rsquo;Isra\u00ebl\u00a0\u00bb, a-t-il estim\u00e9, s&rsquo;attirant les critiques de l&rsquo;opposition.<\/p><\/blockquote>\n<p>Aujourd&rsquo;hui \u00e0 15h54<\/p>\n<p>\u00ab\u00a0Ce qu&rsquo;il dit n&rsquo;a pas d&rsquo;importance\u00a0\u00bb: Donald Trump tacle Emmanuel Macron<\/p>\n<p>Avant son d\u00e9part pour l&rsquo;\u00c9cosse, Donald Trump a comment\u00e9 la d\u00e9cision d&rsquo;Emmanuel Macron de reconna\u00eetre l&rsquo;\u00c9tat de Palestine. \u00ab\u00a0C&rsquo;est un bon gars mais ce qu&rsquo;il dit n&rsquo;a pas d&rsquo;importance\u00a0\u00bb, a tacl\u00e9 le pr\u00e9sident am\u00e9ricain.<\/p>\n<blockquote class=\"embed embed_quote\"><p>\u00ab\u00a0C&rsquo;est un bon gars, je l&rsquo;aime bien mais sa d\u00e9claration n&rsquo;a pas de poids\u00a0\u00bb, a-t-il encore estim\u00e9.<\/p><\/blockquote>\n<p>Aujourd&rsquo;hui \u00e0 14h44<\/p>\n<p>Les R\u00e9publicains estiment que \u00ab\u00a0la reconnaissance d&rsquo;un \u00c9tat de Palestine donnerait une victoire au Hamas\u00a0\u00bb<\/p>\n<p>Dans un communiqu\u00e9, le parti Les R\u00e9publicains assure que le conditions de la reconnaissance d&rsquo;un \u00c9tat palestinien \u00ab\u00a0ne sont pas r\u00e9unies\u00a0\u00bb aujourd&rsquo;hui.<\/p>\n<p>\u00ab\u00a0Notre famille politique gaulliste a toujours \u00e9t\u00e9 favorable \u00e0 la reconnaissance d&rsquo;un \u00c9tat palestinien\u00a0\u00bb, assure le parti, mais que estime qu&rsquo;actuellement, \u00ab\u00a0la reconnaissance d\u2019un \u00c9tat de Palestine donnerait une victoire au Hamas, organisation terroriste alors m\u00eame que les otages ne sont pas lib\u00e9r\u00e9s\u00a0\u00bb.<\/p>\n<blockquote class=\"embed embed_quote\"><p>\u00ab\u00a0La France doit renouer avec sa capacit\u00e9 \u00e0 \u00eatre une puissance d&rsquo;\u00e9quilibre: si la s\u00e9curit\u00e9 d\u2019Isra\u00ebl n\u2019est pas n\u00e9gociable, la reconnaissance d\u2019un \u00c9tat palestinien ne peut se faire \u00e0 n\u2019importe quel prix\u00a0\u00bb, estime encore LR.<\/p><\/blockquote>\n<p>Aujourd&rsquo;hui \u00e0 14h03<\/p>\n<p>\u00ab\u00a0La France offrira la C\u00f4te d&rsquo;Azur\u00a0\u00bb: l&rsquo;ambassadeur des \u00c9tats-Unis en Isra\u00ebl ironise<\/p>\n<p>L&rsquo;ambassadeur des \u00c9tats-Unis en Isra\u00ebl, Mike Huckabee, a ironis\u00e9 sur le fait que Macron n&rsquo;avait pas pr\u00e9cis\u00e9 o\u00f9 serait situ\u00e9 le futur \u00c9tat palestinien.<\/p>\n<blockquote class=\"embed embed_quote\"><p>\u00ab\u00a0Je peux d\u00e9sormais r\u00e9v\u00e9ler en exclusivit\u00e9 que la France offrira la C\u00f4te d&rsquo;Azur\u00a0\u00bb, a-t-il d\u00e9clar\u00e9 sur X.<\/p><\/blockquote>\n<p>Aujourd&rsquo;hui \u00e0 12h54<\/p>\n<p>149 pays ont d\u00e9j\u00e0 reconnu un \u00c9tat de Palestine<\/p>\n<p>La France pourrait \u00eatre le 150e pays \u00e0 reconna\u00eetre un \u00c9tat de Palestine si Emmanuel Macron tient son engagement en septembre devant les Nations unies.<\/p>\n<p>Actuellement, le minist\u00e8re des Affaires \u00e9trang\u00e8res palestinien d\u00e9compte 149 pays reconnaissant un \u00c9tat palestinien (dont le Vatican qui ne fait pas partie des \u00c9tats membres de l&rsquo;ONU). Aucun des pays du G7 n&rsquo;en fait toutefois partie.<\/p>\n<p>Plus d&rsquo;informations sur les pays reconnaissant un \u00c9tat de Palestine dans <a href=\"https:\/\/www.bfmtv.com\/international\/moyen-orient\/palestine\/carte-quels-pays-ont-deja-reconnu-l-etat-de-palestine_AN-202507250277.html\" title=\"CARTE. Quels pays ont d\u00e9j\u00e0 reconnu l&#039;\u00c9tat de Palestine?\" class=\"internal_link\" rel=\"nofollow noopener\" target=\"_blank\">notre article<\/a>.<\/p>\n<p>Aujourd&rsquo;hui \u00e0 12h18<\/p>\n<p>Emmanuel Macron \u00ab\u00a0est en train de prendre le temps\u00a0\u00bb estime la rapporteure sp\u00e9ciale de l&rsquo;ONU<\/p>\n<p>\u00c0 l&rsquo;antenne de BFMTV, la rapporteure sp\u00e9ciale de l&rsquo;ONU pour les Territoires palestiniens Francesca Albanese d\u00e9plore la th\u00e9\u00e2tralit\u00e9 de l&rsquo;annonce d&rsquo;Emmanuel Macron de reconna\u00eetre un \u00c9tat de Palestine en septembre. \u00ab\u00a0Les autres pays n&rsquo;ont pas fait toute cette histoire: ils l&rsquo;ont reconnu, \u00e7a suffit.\u00a0\u00bb<\/p>\n<blockquote class=\"embed embed_quote\"><p>\u00ab\u00a0L\u00e0, je pense que le pr\u00e9sident Macron est en train de prendre le temps, encore. C&rsquo;est un peu son style de ce que j&rsquo;ai pu observer de l&rsquo;ext\u00e9rieur\u00a0\u00bb, lance-t-elle, tout en demandant quelles seront les actions concr\u00e8tes du chef de l&rsquo;\u00c9tat.<\/p><\/blockquote>\n<p>\u00ab\u00a0Est-ce que le pr\u00e9sident Macron va s&rsquo;impliquer? Qu&rsquo;est-ce qu&rsquo;il va faire?\u00a0\u00bb, se questionne-t-elle.<\/p>\n<p>Aujourd&rsquo;hui \u00e0 12h13<\/p>\n<p>La rapporteure sp\u00e9ciale de l&rsquo;ONU craint \u00ab\u00a0une distraction\u00a0\u00bb de la r\u00e9alit\u00e9 en Palestine<\/p>\n<p>\u00ab\u00a0Merci de cette d\u00e9cision, c&rsquo;est 30 ans en retard\u00a0\u00bb, a r\u00e9agi Francesca Albanese, rapporteure sp\u00e9ciale de l&rsquo;ONU pour les Territoires palestiniens, sur BFMTV.<\/p>\n<p>\u00ab\u00a0Je ne dis pas que c&rsquo;est mauvais, mais je ne voudrais pas que cela soit une distraction de ce qu&rsquo;il se passe maintenant et des obligations de la France vis-\u00e0-vis de la r\u00e9alit\u00e9 en Palestine, en cause d&rsquo;Isra\u00ebl.\u00a0\u00bb<\/p>\n<p>Elle appelle \u00e0 se focaliser sur \u00ab\u00a0les urgences\u00a0\u00bb, c&rsquo;est-\u00e0-dire les besoins humanitaires \u00e0 Gaza et les \u00ab\u00a0crimes contre l&rsquo;humanit\u00e9\u00a0\u00bb d&rsquo;Isra\u00ebl.<\/p>\n<p>Elle demande des sanctions, notamment pour s&rsquo;assurer du retrait des troupes d&rsquo;Isra\u00ebl sur les Territoires palestiniens et du d\u00e9mant\u00e8lement de ses colonies.<\/p>\n<p>Aujourd&rsquo;hui \u00e0 12h00<\/p>\n<p>L&rsquo;Allemagne \u00ab\u00a0n&rsquo;envisage pas de reconna\u00eetre un \u00c9tat palestinien \u00e0 court terme\u00a0\u00bb<\/p>\n<p>Le gouvernement allemand \u00ab\u00a0n&rsquo;envisage pas de reconna\u00eetre un \u00c9tat palestinien \u00e0 court terme\u00a0\u00bb, a-t-il indiqu\u00e9 dans un communiqu\u00e9.<\/p>\n<p>Berlin \u00ab\u00a0continue de consid\u00e9rer la reconnaissance d&rsquo;un \u00c9tat palestinien comme l&rsquo;une des derni\u00e8res \u00e9tapes vers la solution \u00e0 deux \u00c9tats\u00a0\u00bb, pr\u00e9cise le gouvernement, rappelant que la s\u00e9curit\u00e9 d&rsquo;Isra\u00ebl \u00ab\u00a0rev\u00eat une importance primordiale\u00a0\u00bb pour l&rsquo;Allemagne.<\/p>\n<p>Aujourd&rsquo;hui \u00e0 11h55<\/p>\n<p>Mahmoud Abbas salue \u00ab\u00a0une victoire pour la cause palestinienne\u00a0\u00bb<\/p>\n<p>Le pr\u00e9sident de l&rsquo;Autorit\u00e9 palestinienne Mahmoud Abbas a f\u00e9licit\u00e9 la d\u00e9cision d&rsquo;Emmanuel Macron de reconna\u00eetre un \u00c9tat de Palestine et a estim\u00e9 qu&rsquo;il s&rsquo;agissait d'\u00a0\u00bbune victoire pour la cause palestinienne\u00a0\u00bb.<\/p>\n<p>\u00ab\u00a0Cela refl\u00e8te l&rsquo;engagement de la France \u00e0 soutenir le peuple palestinien et ses droits l\u00e9gitimes \u00e0 sa terre et sa patrie\u00a0\u00bb, a-t-il poursuivi dans un communiqu\u00e9.<\/p>\n<p>Aujourd&rsquo;hui \u00e0 11h47<\/p>\n<p>Une d\u00e9cision de reconnaissance \u00ab\u00a0pr\u00e9matur\u00e9e\u00a0\u00bb qui n\u00e9cessite des \u00ab\u00a0conditions pr\u00e9alables\u00a0\u00bb, pour le consistoire<\/p>\n<p>Le consistoire central isra\u00e9lite de France et le Grand Rabbin de France Ha\u00efm Korsia, ont exprim\u00e9 dans un communiqu\u00e9 la \u00ab\u00a0profonde inqui\u00e9tude de la communaut\u00e9 juive de France\u00a0\u00bb apr\u00e8s l&rsquo;annonce d&rsquo;Emmanuel Macron de reconna\u00eetre un \u00c9tat de Palestine.<\/p>\n<p>Dans un communiqu\u00e9, le consistoire qualifie cette reconnaissance d'\u00a0\u00bbunilat\u00e9rale\u00a0\u00bb et \u00ab\u00a0pr\u00e9matur\u00e9e\u00a0\u00bb, \u00e9voquant \u00ab\u00a0de lourdes cons\u00e9quences pour la s\u00e9curit\u00e9 des Juifs en Isra\u00ebl comme en France si elle n&rsquo;est pas assortie de conditions pr\u00e9alables\u00a0\u00bb.<\/p>\n<p>Parmi lesquelles la lib\u00e9ration les otages isra\u00e9liens, le d\u00e9sarmement du Hamas et la reconnaissance de l&rsquo;\u00c9tat d&rsquo;Isra\u00ebl \u00ab\u00a0par tous ses voisins\u00a0\u00bb.<\/p>\n<p>Aujourd&rsquo;hui \u00e0 11h36<\/p>\n<p>Le PS salue l&rsquo;annonce d&rsquo;Emmanuel Macron mais demande des actions pour \u00ab\u00a0mettre fin au g\u00e9nocide en cours\u00a0\u00bb<\/p>\n<p>Apr\u00e8s des d\u00e9clarations de plusieurs de ses cadres depuis hier, le Parti socialiste a publi\u00e9 un communiqu\u00e9 pour \u00ab\u00a0saluer l&rsquo;annonce de la reconnaissance de l&rsquo;\u00c9tat de Palestine par la France\u00a0\u00bb.<\/p>\n<p>Un acte que le parti juge \u00ab\u00a0essentiel\u00a0\u00bb bien que \u00ab\u00a0tardif\u00a0\u00bb, mais qui se doit d&rsquo;\u00eatre \u00ab\u00a0accompagn\u00e9 de sanctions visant \u00e0 mettre imm\u00e9diatement un terme au g\u00e9nocide en cours \u00e0 Gaza\u00a0\u00bb.<\/p>\n<p>Le PS appelle \u00e9galement \u00e0 demander la lib\u00e9ration des otages isra\u00e9liens par le Hamas et l&rsquo;arr\u00eat de l&rsquo;annexion de la Cisjordanie vot\u00e9e par la Knesset.<\/p>\n<p>Aujourd&rsquo;hui \u00e0 10h56<\/p>\n<p>Pour Laurent Wauquiez, \u00ab\u00a0ce n&rsquo;est pas ainsi que la France contribuera \u00e0 la paix\u00a0\u00bb<\/p>\n<p>\u00ab\u00a0Ce n&rsquo;est pas ainsi que la France contribuera \u00e0 la paix\u00a0\u00bb, a \u00e0 son tour r\u00e9agi le d\u00e9put\u00e9 LR Laurent Wauquiez sur le r\u00e9seau social X.<\/p>\n<p>\u00ab\u00a0Il n&rsquo;y aura pas de paix au Proche-Orient avec les terroristes islamistes du Hamas. Il n&rsquo;y aura pas de paix tant que les otages ne seront pas lib\u00e9r\u00e9s\u00a0\u00bb, \u00e9crit-elle, rappelant qu&rsquo;il s&rsquo;agissait de conditions dict\u00e9es par Emmanuel Macron pour reconna\u00eetre l&rsquo;\u00c9tat palestinien. \u00ab\u00a0Il s&rsquo;appr\u00eate \u00e0 les oublier\u00a0\u00bb.<\/p>\n<p>Aujourd&rsquo;hui \u00e0 10h38<\/p>\n<p>Une d\u00e9cision \u00ab\u00a0inutile\u00a0\u00bb voire \u00ab\u00a0contre-productive\u00a0\u00bb pour Fran\u00e7ois-Xavier Bellamy<\/p>\n<p>Le vice-pr\u00e9sident des LR Fran\u00e7ois-Xavier Bellamy a qualifi\u00e9 d'\u00a0\u00bbinutile\u00a0\u00bb voire de \u00ab\u00a0contre-productive\u00a0\u00bb la d\u00e9cision d&rsquo;Emmanuel Macron de reconna\u00eetre l&rsquo;\u00c9tat de Palestine en septembre \u00e0 l&rsquo;ONU.<\/p>\n<p>Elle \u00ab\u00a0contribuera \u00e0 mettre en danger (&#8230;) les civils isra\u00e9liens mais aussi les civils palestiniens qui sont victimes de la barbarie du Hamas\u00a0\u00bb, a-t-il d\u00e9clar\u00e9 au micro de RTL.<\/p>\n<p>Aujourd&rsquo;hui \u00e0 10h25<\/p>\n<p>Isra\u00ebl \u00ab\u00a0en contact avec tous les dirigeants des grands pays\u00a0\u00bb pour \u00e9viter de nouvelles reconnaissances<\/p>\n<p>\u00ab\u00a0La France est un pays ami. Mais l\u00e0, nous avons un gros mal entendu entre nous et le gouvernement fran\u00e7ais\u00a0\u00bb, explique l&rsquo;ambassadeur d&rsquo;Isra\u00ebl en France Joshua Zarka sur BFMTV.<\/p>\n<p>Il avoue craindre que d&rsquo;autres pays suivent la m\u00eame voie que la France. \u00ab\u00a0C&rsquo;est pour \u00e7a que nous sommes en contact avec tous les dirigeants des grands pays.\u00a0\u00bb Cela serait \u00ab\u00a0une grave erreur pour la stabilit\u00e9 du Moyen-Orient, les Isra\u00e9liens et les Palestiniens\u00a0\u00bb, que de suivre Paris sur ce sujet, estime Joshua Zarka.<\/p>\n<p>Il s&rsquo;accorde \u00e0 dire que le choix de reconnaissance de l&rsquo;\u00c9tat palestinien d&rsquo;Emmanuel Macron est aujourd&rsquo;hui une d\u00e9cision isol\u00e9e.<\/p>\n<p>Aujourd&rsquo;hui \u00e0 10h15<\/p>\n<p>Pour un ambassadeur d&rsquo;Isra\u00ebl, Emmanuel Macron a \u00ab\u00a0repouss\u00e9 la paix\u00a0\u00bb entre deux peuples qui \u00ab\u00a0resteront l\u00e0\u00a0\u00bb<\/p>\n<p>Sur BFMTV, Joshua Zarka explique, dans un discours plut\u00f4t rare, que Palestiniens et Isra\u00e9liens doivent apprendre \u00e0 vivre en paix.<\/p>\n<p>\u00ab\u00a0Nos voisins sont Palestiniens. C&rsquo;est \u00e0 nous de vivre en paix avec eux. Nous resterons l\u00e0 et ils resteront l\u00e0. Donc il doit y avoir une solution diplomatique permanente.\u00a0\u00bb<\/p>\n<p>Il estime que ces solutions pour vivre en paix doivent \u00eatre d\u00e9cid\u00e9es par les Isra\u00e9liens et les Palestiniens \u00ab\u00a0directement, en n\u00e9gociation\u00a0\u00bb et non par la France, ajoute l&rsquo;ambassadeur qui estime qu&rsquo;Emmanuel Macron a, avec sa d\u00e9claration, influenc\u00e9 \u00ab\u00a0n\u00e9gativement\u00a0\u00bb les Palestiniens.<\/p>\n<blockquote class=\"embed embed_quote\"><p>\u00ab\u00a0Au lieu d&rsquo;aider la paix, il l&rsquo;a repouss\u00e9e.\u00a0\u00bb<\/p><\/blockquote>\n<p>Aujourd&rsquo;hui \u00e0 10h09<\/p>\n<p>La priorit\u00e9 est la construction d'\u00a0\u00bbune atmosph\u00e8re de paix\u00a0\u00bb, estime un ambassadeur d&rsquo;Isra\u00ebl<\/p>\n<p>La d\u00e9cision d&rsquo;Emmanuel Macron dit \u00ab\u00a0clairement que la pression doit \u00eatre mise sur Isra\u00ebl au lieu d&rsquo;\u00eatre mise sur le Hamas, bien que ce soit le Hamas qui a refus\u00e9 quatre fois des propositions de cessez-le-feu\u00a0\u00bb, d\u00e9nonce l&rsquo;ambassadeur d&rsquo;Isra\u00ebl en France Joshua Zarka. \u00ab\u00a0\u00c7a devient compl\u00e8tement incompr\u00e9hensible.\u00a0\u00bb<\/p>\n<p>Ce dernier estime que la priorit\u00e9 est \u00e0 \u00ab\u00a0construire une atmosph\u00e8re de paix\u00a0\u00bb. Il faut \u00ab\u00a0convaincre les autorit\u00e9s palestiniennes de se r\u00e9former et d&rsquo;apprendre \u00e0 sa population qu&rsquo;on peut vivre en paix avec nous\u00a0\u00bb, lance-t-il sur BFMTV.<\/p>\n<p>Il ajoute que \u00ab\u00a0la guerre pourrait s&rsquo;arr\u00eater imm\u00e9diatement si les otages \u00e9taient lib\u00e9r\u00e9s\u00a0\u00bb par le Hamas.<\/p>\n<p>Aujourd&rsquo;hui \u00e0 10h03<\/p>\n<p>Un ambassadeur d&rsquo;Isra\u00ebl en France d\u00e9plore \u00ab\u00a0une erreur historique\u00a0\u00bb<\/p>\n<p>\u00ab\u00a0C&rsquo;est une erreur historique, \u00e0 tous les niveaux\u00a0\u00bb, a d\u00e9clar\u00e9 Joshua Zarka, ambassadeur d&rsquo;Isra\u00ebl en France, sur BFMTV.<\/p>\n<p>\u00ab\u00a0Quand le Hamas d\u00e9cide de rejeter pour la quatri\u00e8me fois la proposition de cessez-le-feu pendant les n\u00e9gociations, la r\u00e9action de la France c&rsquo;est de reconna\u00eetre l&rsquo;\u00c9tat palestinien. C&rsquo;est une d\u00e9cision qui dit au Hamas &lsquo;continuez ce que vous faites'\u00a0\u00bb, estime Joshua Zarka.<\/p>\n<p>\u00ab\u00a0Quel est le but?\u00a0\u00bb, demande-t-il. \u00ab\u00a0Ce n&rsquo;est m\u00eame pas une reconnaissance, mais l&rsquo;annonce d&rsquo;une reconnaissance.\u00a0\u00bb<\/p>\n<p>Aujourd&rsquo;hui \u00e0 09h33<\/p>\n<p>La France \u00ab\u00a0donne raison au camp de la paix\u00a0\u00bb et \u00ab\u00a0donne tort\u00a0\u00bb au Hamas, estime Jean-No\u00ebl Barrot<\/p>\n<p>Le ministre de l&rsquo;Europe et des Affaires \u00e9trang\u00e8res a salu\u00e9 la d\u00e9cision du pr\u00e9sident de la R\u00e9publique de reconna\u00eetre un \u00c9tat palestinien comme une mesure donnant raison \u00ab\u00a0au camp de la paix contre celui de la guerre\u00a0\u00bb.<\/p>\n<blockquote class=\"embed embed_quote\"><p>\u00ab\u00a0Le Hamas a toujours refus\u00e9 la solution \u00e0 deux \u00c9tats. En reconnaissant la Palestine, la France donne tort \u00e0 ce mouvement terroriste\u00a0\u00bb, lance-t-il sur X.<\/p><\/blockquote>\n<p>Une r\u00e9ponse indirecte aux personnalit\u00e9s politiques telle que Marine Le Pen qui ont estim\u00e9 que cette annonce revenait \u00e0 l\u00e9gitimer le Hamas et ses actions.<\/p>\n<p>Aujourd&rsquo;hui \u00e0 09h28<\/p>\n<p>Le Royaume-Uni \u00ab\u00a0veut reconna\u00eetre\u00a0\u00bb un \u00c9tat palestinien mais les conditions ne sont pas r\u00e9unies<\/p>\n<p>Le secr\u00e9taire d&rsquo;\u00c9tat britannique Peter Kyle a confirm\u00e9 sur la BBC que le gouvernement du Royaume-Uni est engag\u00e9 dans la reconnaissance d&rsquo;un \u00c9tat palestinien. \u00ab\u00a0C&rsquo;est un engagement manifeste de ce gouvernement que nous voulons reconna\u00eetre un \u00c9tat pour la Palestine\u00a0\u00bb, a-t-il lanc\u00e9.<\/p>\n<p>Il ne donne toutefois aucune date pr\u00e9cise, expliquant que la souverainet\u00e9 doit pouvoir \u00eatre \u00ab\u00a0exerc\u00e9e au moment de l\u2019accession au statut d\u2019\u00c9tat\u00a0\u00bb et que la priorit\u00e9 \u00e9tait aujourd&rsquo;hui \u00e0 vaincre la famine \u00e0 Gaza.<\/p>\n<p>Le Premier ministre Keir Starmer discutera avec les leaders fran\u00e7ais et allemand dans la journ\u00e9e sur l&rsquo;aide humanitaire dont l&rsquo;enclave \u00e0 urgemment besoin.<\/p>\n<p>Aujourd&rsquo;hui \u00e0 08h59<\/p>\n<p>Marine Le Pen d\u00e9plore la reconnaissance d&rsquo;un \u00ab\u00a0\u00c9tat terroriste\u00a0\u00bb<\/p>\n<p>Marine Le Pen a estim\u00e9 sur X que reconna\u00eetre un \u00c9tat de Palestine n&rsquo;est pas \u00ab\u00a0un gage de paix pour Isra\u00ebl\u00a0\u00bb et \u00ab\u00a0l\u00e9gitime les massacreurs du 7-Octobre\u00a0\u00bb.<\/p>\n<blockquote class=\"embed embed_quote\"><p>\u00ab\u00a0Reconna\u00eetre aujourd\u2019hui un \u00c9tat palestinien, c\u2019est reconna\u00eetre un \u00c9tat Hamas et donc un \u00c9tat terroriste\u00a0\u00bb, a \u00e9crit l&rsquo;ex-candidate \u00e0 l&rsquo;\u00e9lection pr\u00e9sidentielle.<\/p><\/blockquote>\n<p>\u00c0 son tour, elle fustige une \u00ab\u00a0faute politique et morale\u00a0\u00bb d&rsquo;Emmanuel Macron.<\/p>\n<p>Aujourd&rsquo;hui \u00e0 08h31<\/p>\n<p>Une d\u00e9cision qui \u00ab\u00a0ne fera pas avancer la paix au Moyen-Orient\u00a0\u00bb, affirme le pr\u00e9sident d&rsquo;Isra\u00ebl<\/p>\n<p>Le pr\u00e9sident d&rsquo;Isra\u00ebl Isaac Herzog affirme que la d\u00e9cision d&rsquo;Emmanuel Macron de reconna\u00eetre l&rsquo;\u00c9tat de Palestine \u00ab\u00a0ne fera pas avancer la paix au Moyen-Orient\u00a0\u00bb.<\/p>\n<p>\u00ab\u00a0Cela ne contribuera pas \u00e0 vaincre la menace terroriste. Et surtout, cela n&rsquo;aidera certainement pas (les otages isra\u00e9liens du Hamas, NDLR) \u00e0 rentrer chez eux plus t\u00f4t\u00a0\u00bb, \u00e9crit-il sur X accompagn\u00e9 des photos de 48 otages.<\/p>\n<p>Aujourd&rsquo;hui \u00e0 08h26<\/p>\n<p>Une reconnaissance qui peut \u00ab\u00a0faire basculer l&rsquo;Histoire\u00a0\u00bb selon le ministre du commerce ext\u00e9rieur<\/p>\n<p>\u00ab\u00a0Il nous faut avancer dans un processus de paix durable\u00a0\u00bb, a estim\u00e9 Laurent Saint-Martin, ministre charg\u00e9 du commerce ext\u00e9rieur et des Fran\u00e7ais de l&rsquo;\u00e9tranger, sur TF1.<\/p>\n<p>Selon le ministre, la reconnaissance de l&rsquo;\u00c9tat palestinien par la France est une action n\u00e9cessaire pour trouver une solution quant \u00e0 la situation humanitaire \u00e0 Gaza.<\/p>\n<p>\u00ab\u00a0La question est la suivante: est-ce que la France peut faire basculer, par la reconnaissance de l&rsquo;\u00c9tat de Palestine, l&rsquo;Histoire et permettre un processus de paix durable? C&rsquo;est ce que fait le pr\u00e9sident de la R\u00e9publique.\u00a0\u00bb<\/p>\n<p>Aujourd&rsquo;hui \u00e0 07h33<\/p>\n<p>Un \u00ab\u00a0entretien d&rsquo;urgence\u00a0\u00bb sur Gaza entre la France, l&rsquo;Allemagne et le Royaume-Uni<\/p>\n<p>Le Premier ministre britannique Keir Starmer a annonc\u00e9 qu&rsquo;un \u00ab\u00a0entretien d&rsquo;urgence\u00a0\u00bb se tiendra dans la journ\u00e9e avec ses homologues fran\u00e7ais et allemand pour voir comment \u00ab\u00a0arr\u00eater les massacres (\u00e0 Gaza) et fournir \u00e0 la population la nourriture dont elle a d\u00e9sesp\u00e9r\u00e9ment besoin\u00a0\u00bb.<\/p>\n<p>Si Keir Starmer semble pr\u00eat, sous plusieurs conditions, \u00e0 suivre l&rsquo;exemple d&rsquo;Emmanuel Macron, l&rsquo;Allemagne est quant \u00e0 elle plus r\u00e9fractaire et estime qu&rsquo;une reconnaissance aujourd&rsquo;hui serait \u00ab\u00a0un mauvais signal\u00a0\u00bb.<\/p>\n<p>Aujourd&rsquo;hui \u00e0 06h50<\/p>\n<p>\u00c9ric Ciotti demande \u00e0 faire se prononcer le Parlement fran\u00e7ais<\/p>\n<p>\u00c9ric Ciotti, alli\u00e9 du Rassemblement national, appuie les propos de Jordan Bardella et \u00e9voque \u00ab\u00a0une d\u00e9cision pr\u00e9cipit\u00e9e\u00a0\u00bb. Il demande au Parlement de s&rsquo;exprimer et se prononcer sur la question, assembl\u00e9e avec, selon le d\u00e9put\u00e9, plus de \u00ab\u00a0l\u00e9gitimit\u00e9 pour engager la France sur un sujet aussi sensible\u00a0\u00bb.<\/p>\n<p>Aujourd&rsquo;hui \u00e0 06h45<\/p>\n<p>Le Crif alerte sur le \u00ab\u00a0danger politique\u00a0\u00bb d&rsquo;une reconnaissance \u00ab\u00a0sans conditions pr\u00e9alables\u00a0\u00bb<\/p>\n<p>\u00ab\u00a0L&rsquo;annonce de la reconnaissance d&rsquo;un \u00c9tat palestinien en septembre sans conditions pr\u00e9alables est une faute morale, une erreur diplomatique et un danger politique\u00a0\u00bb, avait r\u00e9agi le Conseil repr\u00e9sentatif des institutions juives de France (Crif) ce jeudi.<\/p>\n<p>Le Crif tient \u00e0 rappeler que certaines conditions avaient \u00e9t\u00e9 dict\u00e9es par le pr\u00e9sident de la R\u00e9publique en mai pour aboutir \u00e0 la reconnaissance de l&rsquo;\u00c9tat de Palestine, dont la \u00ab\u00a0lib\u00e9ration des otages retenus \u00e0 Gaza\u00a0\u00bb et la \u00ab\u00a0reddition du Hamas\u00a0\u00bb.<\/p>\n<p>Aujourd&rsquo;hui \u00e0 06h30<\/p>\n<p>La France, premier pays du G7 \u00e0 reconna\u00eetre l&rsquo;\u00c9tat de Palestine<\/p>\n<p>Si Emmanuel Macron tient sa promesse de reconna\u00eetre l&rsquo;\u00c9tat de Palestine, la France sera le premier pays du G7 \u00e0 prendre cette d\u00e9cision.<\/p>\n<p>Le 19 mai, le Royaume-Uni, le Canada et la France avaient ouvert la voie \u00e0 une \u00e9ventuelle reconnaissance dans une d\u00e9claration commune. Mais depuis, aucun des dirigeants n&rsquo;avait franchi le pas.<\/p>\n<p>Keir Starmer, Premier ministre britannique, a toutefois annonc\u00e9 ce jeudi qu&rsquo;un \u00ab\u00a0cessez-le-feu\u00a0\u00bb \u00e0 Gaza mettra le Royaume-Uni sur la voie de la reconnaissance de l&rsquo;\u00c9tat palestinien et de la solution \u00e0 deux-\u00c9tats.<\/p>\n<p>Aujourd&rsquo;hui \u00e0 06h19<\/p>\n<p>L&rsquo;Arabie saoudite salue une d\u00e9cision \u00ab\u00a0historique\u00a0\u00bb<\/p>\n<p>L&rsquo;Arabie saoudite s&rsquo;est f\u00e9licit\u00e9e d&rsquo;une d\u00e9cision \u00ab\u00a0historique\u00a0\u00bb et a appel\u00e9 les autres pays \u00e0 prendre \u00ab\u00a0des mesures positives similaires\u00a0\u00bb.<\/p>\n<p>En septembre, lors de la reconnaissance promise par Emmanuel Macron, le pays copr\u00e9sidera avec la France la conf\u00e9rence internationale au niveau des chefs d&rsquo;\u00c9tat et de gouvernement visant \u00e0 relancer la solution dite \u00ab\u00a0\u00e0 deux \u00c9tats\u00a0\u00bb, palestinien et isra\u00e9lien.<\/p>\n<p>Aujourd&rsquo;hui \u00e0 06h16<\/p>\n<p>Les \u00c9tats-Unis rejettent \u00ab\u00a0fermement\u00a0\u00bb une d\u00e9cision qu&rsquo;ils jugent \u00ab\u00a0imprudente\u00a0\u00bb<\/p>\n<p>Proche alli\u00e9 d&rsquo;Isra\u00ebl, les \u00c9tats-Unis ont \u00ab\u00a0fermement\u00a0\u00bb rejet\u00e9 le projet fran\u00e7ais de reconnna\u00eetre l&rsquo;\u00c9tat de Palestine, \u00e9voquant une d\u00e9cision \u00ab\u00a0imprudente\u00a0\u00bb qui fait reculer la paix.<\/p>\n<p>\u00ab\u00a0C&rsquo;est un camouflet pour les victimes du 7-Octobre\u00a0\u00bb, a d\u00e9clar\u00e9 le secr\u00e9taire d&rsquo;\u00c9tat am\u00e9ricain Marco Rubio.<\/p>\n<p>Aujourd&rsquo;hui \u00e0 06h14<\/p>\n<p>Benjamin Netanyahu \u00ab\u00a0condamne fermement\u00a0\u00bb la reconnaissance de l&rsquo;\u00c9tat palestinien<\/p>\n<p>Le Premier ministre isra\u00e9lien Benjamin Netanyahu s&rsquo;est exprim\u00e9 hier et a fermement condamn\u00e9 la d\u00e9cision de la France de reconna\u00eetre l&rsquo;\u00c9tat de Palestine.<\/p>\n<p>\u00ab\u00a0Une telle d\u00e9cision r\u00e9compense la terreur et risque de cr\u00e9er un autre mandataire iranien, tout comme l&rsquo;a \u00e9t\u00e9 Gaza\u00a0\u00bb, a-t-il d\u00e9clar\u00e9.<\/p>\n<p>Aujourd&rsquo;hui \u00e0 06h12<\/p>\n<p>Une annonce qui fait r\u00e9agir la classe politique internationale<\/p>\n<p>Bonjour et bienvenue dans ce live consacr\u00e9 aux r\u00e9actions au lendemain de l&rsquo;annonce d&rsquo;Emmanuel Macron de la reconnaissance de l&rsquo;\u00c9tat de Palestine par la France en septembre.<\/p>\n<p>Cette d\u00e9cision du chef de l&rsquo;\u00c9tat a fait beaucoup r\u00e9agir en France, mais aussi aux quatre coins du globe, entre victoire pour les uns et condamnation pour les autres.<\/p>\n","protected":false},"excerpt":{"rendered":"Aujourd&rsquo;hui \u00e0 15h58 L&rsquo;Italie refuse toute reconnaissance d&rsquo;un \u00c9tat palestinien pour le moment \u00ab\u00a0On ne peut plus accepter&hellip;\n","protected":false},"author":2,"featured_media":272927,"comment_status":"","ping_status":"","sticky":false,"template":"","format":"standard","meta":{"footnotes":""},"categories":[1589],"tags":[11,73,1866,12,1864,1865,1863,308],"class_list":{"0":"post-272926","1":"post","2":"type-post","3":"status-publish","4":"format-standard","5":"has-post-thumbnail","7":"category-etats-unis","8":"tag-actualites","9":"tag-etats-unis","10":"tag-etats-unis-damerique","11":"tag-news","12":"tag-united-states","13":"tag-united-states-of-america","14":"tag-us","15":"tag-usa"},"share_on_mastodon":{"url":"https:\/\/pubeurope.com\/@fr\/114914266162402504","error":""},"_links":{"self":[{"href":"https:\/\/www.europesays.com\/fr\/wp-json\/wp\/v2\/posts\/272926","targetHints":{"allow":["GET"]}}],"collection":[{"href":"https:\/\/www.europesays.com\/fr\/wp-json\/wp\/v2\/posts"}],"about":[{"href":"https:\/\/www.europesays.com\/fr\/wp-json\/wp\/v2\/types\/post"}],"author":[{"embeddable":true,"href":"https:\/\/www.europesays.com\/fr\/wp-json\/wp\/v2\/users\/2"}],"replies":[{"embeddable":true,"href":"https:\/\/www.europesays.com\/fr\/wp-json\/wp\/v2\/comments?post=272926"}],"version-history":[{"count":0,"href":"https:\/\/www.europesays.com\/fr\/wp-json\/wp\/v2\/posts\/272926\/revisions"}],"wp:featuredmedia":[{"embeddable":true,"href":"https:\/\/www.europesays.com\/fr\/wp-json\/wp\/v2\/media\/272927"}],"wp:attachment":[{"href":"https:\/\/www.europesays.com\/fr\/wp-json\/wp\/v2\/media?parent=272926"}],"wp:term":[{"taxonomy":"category","embeddable":true,"href":"https:\/\/www.europesays.com\/fr\/wp-json\/wp\/v2\/categories?post=272926"},{"taxonomy":"post_tag","embeddable":true,"href":"https:\/\/www.europesays.com\/fr\/wp-json\/wp\/v2\/tags?post=272926"}],"curies":[{"name":"wp","href":"https:\/\/api.w.org\/{rel}","templated":true}]}}