{"id":272934,"date":"2025-07-25T14:11:10","date_gmt":"2025-07-25T14:11:10","guid":{"rendered":"https:\/\/www.europesays.com\/fr\/272934\/"},"modified":"2025-07-25T14:11:10","modified_gmt":"2025-07-25T14:11:10","slug":"meta-va-interdire-les-publicites-politiques-dans-lue-a-cause-des-regles-impraticables-de-bruxelles-liberation","status":"publish","type":"post","link":"https:\/\/www.europesays.com\/fr\/272934\/","title":{"rendered":"Meta va interdire les publicit\u00e9s politiques dans l\u2019UE \u00e0 cause des r\u00e8gles \u00abimpraticables\u00bb de Bruxelles \u2013 Lib\u00e9ration"},"content":{"rendered":"<p class=\"sc-ksZaOG ehjQrN text-element\">Finies les spots de pubs politiques sur Facebook et Instagram. Du moins pour leurs 261 millions et 272 millions d\u2019utilisateurs mensuels respectifs dans l\u2019Union europ\u00e9enne. Meta, le groupe <a href=\"https:\/\/www.liberation.fr\/economie\/economie-numerique\/nous-etions-une-menace-pour-leur-croissance-le-cofondateur-dinstagram-regle-ses-comptes-avec-facebook-20250423_YLQWZFLBHFCQ7CZX5XVM45GNXU\/\" target=\"_blank\" rel=\"noopener\" title=\"https:\/\/www.liberation.fr\/economie\/economie-numerique\/nous-etions-une-menace-pour-leur-croissance-le-cofondateur-dinstagram-regle-ses-comptes-avec-facebook-20250423_YLQWZFLBHFCQ7CZX5XVM45GNXU\/\">qui poss\u00e8de ces plateformes<\/a>, \u00abn\u2019autorisera plus les publicit\u00e9s politiques, \u00e9lectorales et sur les enjeux sociaux sur ses plateformes dans l\u2019Union europ\u00e9enne, en raison des exigences impraticables\u00bb d\u2019un r\u00e8glement europ\u00e9en d\u00e9di\u00e9 \u00e0 la transparence de la publicit\u00e9 politique, a annonc\u00e9 l\u2019entreprise ce vendredi 25 juillet dans un communiqu\u00e9.<\/p>\n<p class=\"sc-ksZaOG ehjQrN text-element\">Cette d\u00e9cision \u00abconcerne uniquement l\u2019Union europ\u00e9enne\u00bb, assure l\u2019entreprise de Mark Zuckerberg. \u00abNous continuons \u00e0 penser que la publicit\u00e9 politique en ligne est un \u00e9l\u00e9ment essentiel de la politique moderne.\u00bb<\/p>\n<p class=\"sc-ksZaOG ehjQrN text-element\">Adopt\u00e9 en 2024 avec une pleine entr\u00e9e en vigueur en octobre 2025, le r\u00e8glement europ\u00e9en vis\u00e9 par Meta entend garantir une plus grande transparence et se pr\u00e9munir des ing\u00e9rences \u00e9trang\u00e8res \u00e0 l\u2019approche d\u2019\u00e9lections. Il impose notamment aux plateformes de signaler clairement les publicit\u00e9s \u00e0 caract\u00e8re politique et d\u2019indiquer par qui elles sont financ\u00e9es. Le profilage \u00e0 partir de donn\u00e9es personnelles relatives \u00e0 l\u2019origine ethnique, la religion, l\u2019orientation sexuelle, est interdit, de m\u00eame que <a href=\"https:\/\/www.liberation.fr\/lifestyle\/hightech\/meta-accuse-de-cibler-ses-publicites-pour-les-jeunes-selon-leur-etat-emotionnel-20250411_IAF4JHF3DBDRFNZE2WHRYSDZNM\/\" target=\"_blank\" rel=\"noopener\" title=\"https:\/\/www.liberation.fr\/lifestyle\/hightech\/meta-accuse-de-cibler-ses-publicites-pour-les-jeunes-selon-leur-etat-emotionnel-20250411_IAF4JHF3DBDRFNZE2WHRYSDZNM\/\">l\u2019utilisation des donn\u00e9es relatives \u00e0 des mineurs<\/a>.<\/p>\n<p class=\"sc-ksZaOG ehjQrN text-element\">L\u2019Union europ\u00e9enne a pris ces mesures en particulier en r\u00e9action au <a href=\"https:\/\/www.liberation.fr\/economie\/economie-numerique\/scandale-de-cambridge-analytica-facebook-accepte-de-payer-725-millions-de-dollars-a-la-justice-20221223_V3UVLSMHJNHTDJGNVYXT6YMSVI\/\" target=\"_blank\" rel=\"noopener\" title=\"https:\/\/www.liberation.fr\/economie\/economie-numerique\/scandale-de-cambridge-analytica-facebook-accepte-de-payer-725-millions-de-dollars-a-la-justice-20221223_V3UVLSMHJNHTDJGNVYXT6YMSVI\/\">scandale Cambridge Analytica<\/a>, survenu en 2018. Ce cabinet de conseil britannique avait amass\u00e9, sans autorisation et \u00e0 leur insu, les donn\u00e9es personnelles de dizaines de millions d\u2019utilisateurs de Facebook. Elles avaient ensuite \u00e9t\u00e9 utilis\u00e9es ensuite \u00e0 des fins de ciblage politique durant la campagne \u00e9lectorale am\u00e9ricaine 2016 et le r\u00e9f\u00e9rendum sur le Brexit.<\/p>\n<p class=\"sc-ksZaOG ehjQrN text-element\">Meta, qui <a href=\"https:\/\/www.liberation.fr\/economie\/economie-numerique\/pubs-ciblees-pour-les-usagers-et-la-concurrence-la-fin-de-la-collecte-des-donnees-sur-meta-representerait-un-tournant-majeur-20231103_DFXDFXD5SBFN5E67VRAM6JARUE\/\" target=\"_blank\" rel=\"noopener\" title=\"https:\/\/www.liberation.fr\/economie\/economie-numerique\/pubs-ciblees-pour-les-usagers-et-la-concurrence-la-fin-de-la-collecte-des-donnees-sur-meta-representerait-un-tournant-majeur-20231103_DFXDFXD5SBFN5E67VRAM6JARUE\/\">critique r\u00e9guli\u00e8rement la l\u00e9gislation europ\u00e9enne<\/a>, pointe les \u00abimportants d\u00e9fis op\u00e9rationnels\u00bb et \u00abincertitudes juridiques\u00bb de ces r\u00e8gles. L\u2019entreprise souligne d\u2019ailleurs, dans son communiqu\u00e9, qu\u2019elle n\u2019est pas la premi\u00e8re \u00e0 dire qu\u2019elle va renoncer aux publicit\u00e9s politiques dans l\u2019UE &#8211; Google l\u2019avait effectivement fait fin 2024.<\/p>\n<p class=\"sc-ksZaOG ehjQrN text-element\">Le g\u00e9ant am\u00e9ricain des r\u00e9seaux sociaux a annonc\u00e9 d\u00e9but juillet contester en justice <a href=\"https:\/\/www.liberation.fr\/economie\/economie-numerique\/concurrence-lue-inflige-700-millions-deuros-damende-a-apple-et-meta-20250423_ZPJ3GRVN6VCYNKU2YWXP5CPXLE\/\" target=\"_blank\" rel=\"noopener\" title=\"https:\/\/www.liberation.fr\/economie\/economie-numerique\/concurrence-lue-inflige-700-millions-deuros-damende-a-apple-et-meta-20250423_ZPJ3GRVN6VCYNKU2YWXP5CPXLE\/\">une amende de 200 millions d\u2019euros<\/a> inflig\u00e9e par la Commission europ\u00e9enne en avril, pour une infraction aux r\u00e8gles encadrant l\u2019usage des donn\u00e9es personnelles. Facebook et Instagram font \u00e9galement l\u2019objet de plusieurs enqu\u00eates dans le cadre de la l\u00e9gislation europ\u00e9enne sur les services num\u00e9riques (DSA).<\/p>\n<p class=\"sc-ksZaOG ehjQrN text-element\">Dans un mouvement de <a href=\"https:\/\/www.liberation.fr\/international\/amerique\/meta-accepte-de-verser-25-millions-de-dollars-a-trump-pour-la-suspension-de-ses-comptes-instagram-et-facebook-20250130_AHSRBFMPCNBWVM6UE4IMYBP2SA\/\" target=\"_blank\" rel=\"noopener\" title=\"https:\/\/www.liberation.fr\/international\/amerique\/meta-accepte-de-verser-25-millions-de-dollars-a-trump-pour-la-suspension-de-ses-comptes-instagram-et-facebook-20250130_AHSRBFMPCNBWVM6UE4IMYBP2SA\/\">rapprochement avec Donald Trump<\/a>, Mark Zuckerberg avait accus\u00e9 en janvier l\u2019UE de censure et compar\u00e9 les amendes europ\u00e9ennes \u00e0 des droits de douane.<\/p>\n","protected":false},"excerpt":{"rendered":"Finies les spots de pubs politiques sur Facebook et Instagram. Du moins pour leurs 261 millions et 272&hellip;\n","protected":false},"author":2,"featured_media":272935,"comment_status":"","ping_status":"","sticky":false,"template":"","format":"standard","meta":{"footnotes":""},"categories":[1586],"tags":[11,1777,674,1779,1011,27,4687,1016,12,25,1778,364],"class_list":{"0":"post-272934","1":"post","2":"type-post","3":"status-publish","4":"format-standard","5":"has-post-thumbnail","7":"category-europe","8":"tag-actualites","9":"tag-eu","10":"tag-europe","11":"tag-european-union","12":"tag-fr","13":"tag-france","14":"tag-mark-zuckerberg","15":"tag-meta","16":"tag-news","17":"tag-republique-francaise","18":"tag-ue","19":"tag-union-europeenne"},"share_on_mastodon":{"url":"https:\/\/pubeurope.com\/@fr\/114914281714943287","error":""},"_links":{"self":[{"href":"https:\/\/www.europesays.com\/fr\/wp-json\/wp\/v2\/posts\/272934","targetHints":{"allow":["GET"]}}],"collection":[{"href":"https:\/\/www.europesays.com\/fr\/wp-json\/wp\/v2\/posts"}],"about":[{"href":"https:\/\/www.europesays.com\/fr\/wp-json\/wp\/v2\/types\/post"}],"author":[{"embeddable":true,"href":"https:\/\/www.europesays.com\/fr\/wp-json\/wp\/v2\/users\/2"}],"replies":[{"embeddable":true,"href":"https:\/\/www.europesays.com\/fr\/wp-json\/wp\/v2\/comments?post=272934"}],"version-history":[{"count":0,"href":"https:\/\/www.europesays.com\/fr\/wp-json\/wp\/v2\/posts\/272934\/revisions"}],"wp:featuredmedia":[{"embeddable":true,"href":"https:\/\/www.europesays.com\/fr\/wp-json\/wp\/v2\/media\/272935"}],"wp:attachment":[{"href":"https:\/\/www.europesays.com\/fr\/wp-json\/wp\/v2\/media?parent=272934"}],"wp:term":[{"taxonomy":"category","embeddable":true,"href":"https:\/\/www.europesays.com\/fr\/wp-json\/wp\/v2\/categories?post=272934"},{"taxonomy":"post_tag","embeddable":true,"href":"https:\/\/www.europesays.com\/fr\/wp-json\/wp\/v2\/tags?post=272934"}],"curies":[{"name":"wp","href":"https:\/\/api.w.org\/{rel}","templated":true}]}}