{"id":272936,"date":"2025-07-25T14:12:11","date_gmt":"2025-07-25T14:12:11","guid":{"rendered":"https:\/\/www.europesays.com\/fr\/272936\/"},"modified":"2025-07-25T14:12:11","modified_gmt":"2025-07-25T14:12:11","slug":"franky-zapata-se-crashe-lors-de-sa-traversee-de-la-manche-sur-son-scooter-volant","status":"publish","type":"post","link":"https:\/\/www.europesays.com\/fr\/272936\/","title":{"rendered":"Franky Zapata se crashe lors de sa travers\u00e9e de la Manche sur son scooter volant"},"content":{"rendered":"<p>L\u2019inventeur <a href=\"https:\/\/www.20minutes.fr\/marseille\/\" class=\"color-ultramarine c-link\" target=\"_blank\" rel=\"noopener\">marseillais <\/a><a href=\"https:\/\/www.20minutes.fr\/sport\/franky-zapata\/\" class=\"color-ultramarine c-link\" target=\"_blank\" rel=\"noopener\">Franky Zapata<\/a> a \u00e9chou\u00e9 dans sa tentative de travers\u00e9e de la Manche \u00e0 bord de son <a href=\"https:\/\/www.20minutes.fr\/societe\/4165277-20250725-homme-volant-franky-zapata-tente-nouvelle-traversee-manche-airscooter\" target=\"_blank\" class=\"color-ultramarine c-link\" rel=\"noopener\">Airscooter<\/a>. Pour une raison qui restera \u00e0 confirmer, il s\u2019est crash\u00e9 apr\u00e8s une quinzaine de minutes de vol.<\/p>\n<p>Selon les \u00e9quipes du pilote, l\u2019appareil s\u2019est \u00ab\u00a0pos\u00e9\u00a0\u00bb en mer, \u00e0 peine 20 minutes apr\u00e8s avoir d\u00e9coll\u00e9 de Gravelines en direction de Douvres, en Grande-Bretagne. \u00ab\u00a0Le pilote va bien\u00a0\u00bb, assurent ses \u00e9quipes, il a pu \u00ab\u00a0amerrir en douceur\u00a0\u00bb et n\u2019est pas bless\u00e9.<\/p>\n<p>Une d\u00e9faillance sur un des moteurs thermiques<\/p>\n<p>Le pilote avait tent\u00e9 de faire demi-tout alors qu\u2019il avait d\u00e9j\u00e0 effectu\u00e9 une bonne partie du chemin. En vain, le Airscooter s\u2019est \u00ab\u00a0pos\u00e9\u00a0\u00bb en mer, son parachute de secours s\u2019\u00e9tait d\u00e9clench\u00e9 \u00e9vitant qu\u2019il ne s\u2019\u00e9crase.<\/p>\n<\/p>\n<p>Les \u00e9quipes en bateau qui suivaient la tentative de travers\u00e9e ont donc pu rep\u00eacher Franky Zapata sain et sauf. Son appareil, lui, est en train d\u2019\u00eatre s\u00e9curis\u00e9 \u00e0 l\u2019aide de bou\u00e9es pour \u00e9viter qu\u2019il ne coule. Il s\u2019agira ensuite de le r\u00e9cup\u00e9rer pour analyser les raisons qui ont conduit au crash. Selon un ing\u00e9nieur de son \u00e9quipe sur place, une \u00ab\u00a0d\u00e9faillance technique sur l\u2019un des moteurs thermiques\u00a0\u00bb est sans doute \u00e0 l\u2019origine de l\u2019accident.<\/p>\n<p>En\u00a02019 d\u00e9j\u00e0, Franky Zapata avait \u00e9chou\u00e9 \u00e0 traverser la Manche sur son Flyboard. Lors d\u2019un ravitaillement en mer, il avait percut\u00e9 la rambarde du navire sur lequel il devait se poser, endommageant l\u2019appareil et rendant impossible la poursuite de la travers\u00e9e. Un exploit qu\u2019il avait finalement pu mener \u00e0 bien un mois plus tard.<\/p>\n","protected":false},"excerpt":{"rendered":"L\u2019inventeur marseillais Franky Zapata a \u00e9chou\u00e9 dans sa tentative de travers\u00e9e de la Manche \u00e0 bord de son&hellip;\n","protected":false},"author":2,"featured_media":272937,"comment_status":"","ping_status":"","sticky":false,"template":"","format":"standard","meta":{"footnotes":""},"categories":[2],"tags":[47,11,885,1011,27,41231,811,1307,14653,884,12,1308,1309,5161,883,882,25,104],"class_list":{"0":"post-272936","1":"post","2":"type-post","3":"status-publish","4":"format-standard","5":"has-post-thumbnail","7":"category-actualites","8":"tag-actualite","9":"tag-actualites","10":"tag-bouches-du-rhone","11":"tag-fr","12":"tag-france","13":"tag-franky-zapata","14":"tag-hauts-de-france","15":"tag-lille","16":"tag-manche","17":"tag-marseille","18":"tag-news","19":"tag-nord","20":"tag-nord-pas-de-calais","21":"tag-normandie","22":"tag-paca","23":"tag-provence-alpes-cote-dazur","24":"tag-republique-francaise","25":"tag-societe"},"share_on_mastodon":{"url":"https:\/\/pubeurope.com\/@fr\/114914285570187202","error":""},"_links":{"self":[{"href":"https:\/\/www.europesays.com\/fr\/wp-json\/wp\/v2\/posts\/272936","targetHints":{"allow":["GET"]}}],"collection":[{"href":"https:\/\/www.europesays.com\/fr\/wp-json\/wp\/v2\/posts"}],"about":[{"href":"https:\/\/www.europesays.com\/fr\/wp-json\/wp\/v2\/types\/post"}],"author":[{"embeddable":true,"href":"https:\/\/www.europesays.com\/fr\/wp-json\/wp\/v2\/users\/2"}],"replies":[{"embeddable":true,"href":"https:\/\/www.europesays.com\/fr\/wp-json\/wp\/v2\/comments?post=272936"}],"version-history":[{"count":0,"href":"https:\/\/www.europesays.com\/fr\/wp-json\/wp\/v2\/posts\/272936\/revisions"}],"wp:featuredmedia":[{"embeddable":true,"href":"https:\/\/www.europesays.com\/fr\/wp-json\/wp\/v2\/media\/272937"}],"wp:attachment":[{"href":"https:\/\/www.europesays.com\/fr\/wp-json\/wp\/v2\/media?parent=272936"}],"wp:term":[{"taxonomy":"category","embeddable":true,"href":"https:\/\/www.europesays.com\/fr\/wp-json\/wp\/v2\/categories?post=272936"},{"taxonomy":"post_tag","embeddable":true,"href":"https:\/\/www.europesays.com\/fr\/wp-json\/wp\/v2\/tags?post=272936"}],"curies":[{"name":"wp","href":"https:\/\/api.w.org\/{rel}","templated":true}]}}