{"id":272942,"date":"2025-07-25T14:17:10","date_gmt":"2025-07-25T14:17:10","guid":{"rendered":"https:\/\/www.europesays.com\/fr\/272942\/"},"modified":"2025-07-25T14:17:10","modified_gmt":"2025-07-25T14:17:10","slug":"limage-du-jour-un-all-black-derriere-le-comptoir-byron-kelleher-de-passage-a-rodez","status":"publish","type":"post","link":"https:\/\/www.europesays.com\/fr\/272942\/","title":{"rendered":"L\u2019image du jour\u00a0: un All Black derri\u00e8re le comptoir, Byron Kelleher de passage \u00e0 Rodez\u00a0!"},"content":{"rendered":"<p>\n                                                                Ce jeudi 24\u00a0juillet, l\u2019ancien demi de m\u00eal\u00e9e des All Blacks s\u2019est offert une escale \u00e0 Rodez. Le bison n\u00e9o-z\u00e9landais a pouss\u00e9 la porte du bar 16.45 \u00e0 Rodez et du Lion d\u2019Or \u00e0 Saint-Geniez-d\u2019Olt. Au plus grand bonheur des amateurs de rugby.\n                            <\/p>\n<p data-end=\"521\" data-start=\"192\">\u00c0 Rodez, on a l\u2019habitude de croiser du beau monde. Zinedine Zidane, par exemple, y revient r\u00e9guli\u00e8rement, normal\u00a0: son \u00e9pouse est originaire de la ville. Mais ce jeudi 24\u00a0juillet, c\u2019est une l\u00e9gende d\u2019un autre ballon \u2013 ovale, celui-l\u00e0 \u2013 qui a fait sensation dans les rues de la pr\u00e9fecture aveyronnaise. Un certain\u2026 Byron Kelleher. Oui, le Byron Kelleher ou le \u00ab\u00a0bison\u00a0\u00bb, comme on le surnommait pour ses charges d\u00e9vastatrices.\u00a0L\u2019ancien demi de m\u00eal\u00e9e des mythiques All Blacks (58 s\u00e9lections entre\u00a01999 et\u00a02007), multiple champion avec le Stade Toulousain, \u00e9tait de passage pour une soir\u00e9e entre amis. Et o\u00f9 passe-t-on une bonne soir\u00e9e \u00e0 Rodez\u00a0? Au 16.45, bien \u00e9videmment.<\/p>\n<p>Une photo souvenir<\/p>\n<p data-end=\"1280\" data-start=\"893\">C\u2019est l\u00e0, dans ce temple du cocktail tenu par R\u00e9mi Marcilhac et Aricia Djeradi, que le rugbyman s\u2019est offert un petit moment de d\u00e9tente. Photo souvenir derri\u00e8re le comptoir\u00a0oblige \u2013 car oui, apr\u00e8s sa carri\u00e8re sur les terrains, Kelleher a troqu\u00e9 les crampons pour les shakers en ouvrant plusieurs \u00e9tablissements \u00e0 Toulouse. Alors, derri\u00e8re le bar, il \u00e9tait presque en terrain conquis.<\/p>\n<p data-end=\"1280\" data-start=\"893\">Mais l\u2019aventure aveyronnaise ne s\u2019est pas arr\u00eat\u00e9e l\u00e0. S\u00e9duit par l\u2019accueil local (et peut-\u00eatre par la gastronomie), l\u2019ancien All Black a aussi fait un passage\u00a0du c\u00f4t\u00e9 de Saint-Geniez-d\u2019Olt, au Lion d\u2019Or. Selon nos informations, il aurait m\u00eame d\u00e9cid\u00e9 de rester quelques jours de plus. Preuve que l\u2019Aveyron ne laisse personne indiff\u00e9rent, pas m\u00eame les plus grandes l\u00e9gendes du rugby mondial. Aveyron, terre d\u2019accueil\u2026 et de troisi\u00e8me mi-temps\u00a0!<\/p><\/p>\n","protected":false},"excerpt":{"rendered":"Ce jeudi 24\u00a0juillet, l\u2019ancien demi de m\u00eal\u00e9e des All Blacks s\u2019est offert une escale \u00e0 Rodez. Le bison&hellip;\n","protected":false},"author":2,"featured_media":272943,"comment_status":"","ping_status":"","sticky":false,"template":"","format":"standard","meta":{"footnotes":""},"categories":[1416],"tags":[1011,27,479,1468,60],"class_list":{"0":"post-272942","1":"post","2":"type-post","3":"status-publish","4":"format-standard","5":"has-post-thumbnail","7":"category-rugby","8":"tag-fr","9":"tag-france","10":"tag-rugby","11":"tag-rugby-football","12":"tag-sports"},"share_on_mastodon":{"url":"https:\/\/pubeurope.com\/@fr\/114914305231196954","error":""},"_links":{"self":[{"href":"https:\/\/www.europesays.com\/fr\/wp-json\/wp\/v2\/posts\/272942","targetHints":{"allow":["GET"]}}],"collection":[{"href":"https:\/\/www.europesays.com\/fr\/wp-json\/wp\/v2\/posts"}],"about":[{"href":"https:\/\/www.europesays.com\/fr\/wp-json\/wp\/v2\/types\/post"}],"author":[{"embeddable":true,"href":"https:\/\/www.europesays.com\/fr\/wp-json\/wp\/v2\/users\/2"}],"replies":[{"embeddable":true,"href":"https:\/\/www.europesays.com\/fr\/wp-json\/wp\/v2\/comments?post=272942"}],"version-history":[{"count":0,"href":"https:\/\/www.europesays.com\/fr\/wp-json\/wp\/v2\/posts\/272942\/revisions"}],"wp:featuredmedia":[{"embeddable":true,"href":"https:\/\/www.europesays.com\/fr\/wp-json\/wp\/v2\/media\/272943"}],"wp:attachment":[{"href":"https:\/\/www.europesays.com\/fr\/wp-json\/wp\/v2\/media?parent=272942"}],"wp:term":[{"taxonomy":"category","embeddable":true,"href":"https:\/\/www.europesays.com\/fr\/wp-json\/wp\/v2\/categories?post=272942"},{"taxonomy":"post_tag","embeddable":true,"href":"https:\/\/www.europesays.com\/fr\/wp-json\/wp\/v2\/tags?post=272942"}],"curies":[{"name":"wp","href":"https:\/\/api.w.org\/{rel}","templated":true}]}}