{"id":272944,"date":"2025-07-25T14:18:12","date_gmt":"2025-07-25T14:18:12","guid":{"rendered":"https:\/\/www.europesays.com\/fr\/272944\/"},"modified":"2025-07-25T14:18:12","modified_gmt":"2025-07-25T14:18:12","slug":"cahill-naccompagnera-pas-sinner-lors-de-lus-open","status":"publish","type":"post","link":"https:\/\/www.europesays.com\/fr\/272944\/","title":{"rendered":"Cahill n\u2019accompagnera pas Sinner lors de l\u2019US Open"},"content":{"rendered":"<p>                <img decoding=\"async\" src=\"https:\/\/www.europesays.com\/fr\/wp-content\/uploads\/2025\/07\/5H3Q.jpg\" alt=\"Cahill n\u2019accompagnera pas Sinner lors de l\u2019US Open\"\/><\/p>\n<p>Jannik Sinner a proc\u00e9d\u00e9 \u00e0 quelques changements dans son staff ces derni\u00e8res semaines. Juste avant Wimbledon, que l\u2019Italien a remport\u00e9, l\u2019actuel num\u00e9ro 1 mondial avait annonc\u00e9 se s\u00e9parer de son pr\u00e9parateur physique Marco Panichi ainsi que de son kin\u00e9, Ulises Badio.<\/p>\n<p>Ces derniers jours, Sinner a par ailleurs r\u00e9engag\u00e9 Umberto Ferrara, ancien pr\u00e9parateur physique du joueur de 23 ans lorsque son affaire de dopage a \u00e9t\u00e9 rendue publique l\u2019ann\u00e9e derni\u00e8re.<\/p>\n<p>Ces derniers jours, Sinner a \u00e9galement r\u00e9ussi \u00e0 convaincre Darren Cahill, l\u2019un de ses deux entra\u00eeneurs ayant contribu\u00e9 \u00e0 son succ\u00e8s ces derni\u00e8res ann\u00e9es, de poursuivre l\u2019aventure l\u2019ann\u00e9e prochaine, alors que l\u2019Australien avait affirm\u00e9 d\u00e8s le d\u00e9but de la saison en cours qu\u2019il allait prendre sa retraite en fin de saison.<\/p>\n<p>N\u00e9anmoins, Cahill ne sera pas pr\u00e9sent avec son poulain lors de l\u2019US Open, qui aura lieu du 24 ao\u00fbt au 7 septembre. En effet, comme l\u2019annonce le m\u00e9dia italien La Repubblica, l\u2019homme de 59 ans va prendre une petite pause et ne sera pas aux c\u00f4t\u00e9s de Sinner \u00e0 New York, m\u00eame si cela ne devrait pas avoir d\u2019incidence sur leur collaboration dans les mois \u00e0 venir.<\/p>\n<p>Simone Vagnozzi aura donc la lourde t\u00e2che de pr\u00e9parer le quadruple vainqueur en Grand Chelem lors de la quinzaine am\u00e9ricaine \u00e0 Flushing Meadows. Forfait \u00e0 Toronto, l&rsquo;Italien reprendra la comp\u00e9tition \u00e0 Cincinnati, tournoi dont il est le tenant du titre.<\/p>\n<p>D\u2019ici d\u00e9but septembre, Sinner, qui avait remport\u00e9 le titre l\u2019\u00e9t\u00e9 dernier aux d\u00e9pens de Taylor Fritz, tentera ainsi de devenir le premier joueur \u00e0 conserver son titre \u00e0 l\u2019US Open dans le tableau du simple messieurs depuis Roger Federer, vainqueur de ce tournoi cinq fois d\u2019affil\u00e9e entre 2004 et 2008.<\/p>\n","protected":false},"excerpt":{"rendered":"Jannik Sinner a proc\u00e9d\u00e9 \u00e0 quelques changements dans son staff ces derni\u00e8res semaines. Juste avant Wimbledon, que l\u2019Italien&hellip;\n","protected":false},"author":2,"featured_media":272945,"comment_status":"","ping_status":"","sticky":false,"template":"","format":"standard","meta":{"footnotes":""},"categories":[1415],"tags":[1011,27,60,1467],"class_list":{"0":"post-272944","1":"post","2":"type-post","3":"status-publish","4":"format-standard","5":"has-post-thumbnail","7":"category-tennis","8":"tag-fr","9":"tag-france","10":"tag-sports","11":"tag-tennis"},"share_on_mastodon":{"url":"https:\/\/pubeurope.com\/@fr\/114914309136609168","error":""},"_links":{"self":[{"href":"https:\/\/www.europesays.com\/fr\/wp-json\/wp\/v2\/posts\/272944","targetHints":{"allow":["GET"]}}],"collection":[{"href":"https:\/\/www.europesays.com\/fr\/wp-json\/wp\/v2\/posts"}],"about":[{"href":"https:\/\/www.europesays.com\/fr\/wp-json\/wp\/v2\/types\/post"}],"author":[{"embeddable":true,"href":"https:\/\/www.europesays.com\/fr\/wp-json\/wp\/v2\/users\/2"}],"replies":[{"embeddable":true,"href":"https:\/\/www.europesays.com\/fr\/wp-json\/wp\/v2\/comments?post=272944"}],"version-history":[{"count":0,"href":"https:\/\/www.europesays.com\/fr\/wp-json\/wp\/v2\/posts\/272944\/revisions"}],"wp:featuredmedia":[{"embeddable":true,"href":"https:\/\/www.europesays.com\/fr\/wp-json\/wp\/v2\/media\/272945"}],"wp:attachment":[{"href":"https:\/\/www.europesays.com\/fr\/wp-json\/wp\/v2\/media?parent=272944"}],"wp:term":[{"taxonomy":"category","embeddable":true,"href":"https:\/\/www.europesays.com\/fr\/wp-json\/wp\/v2\/categories?post=272944"},{"taxonomy":"post_tag","embeddable":true,"href":"https:\/\/www.europesays.com\/fr\/wp-json\/wp\/v2\/tags?post=272944"}],"curies":[{"name":"wp","href":"https:\/\/api.w.org\/{rel}","templated":true}]}}