{"id":272946,"date":"2025-07-25T14:20:15","date_gmt":"2025-07-25T14:20:15","guid":{"rendered":"https:\/\/www.europesays.com\/fr\/272946\/"},"modified":"2025-07-25T14:20:15","modified_gmt":"2025-07-25T14:20:15","slug":"brad-binder-sest-reveille-trop-tard-a-brno","status":"publish","type":"post","link":"https:\/\/www.europesays.com\/fr\/272946\/","title":{"rendered":"Brad Binder s&rsquo;est \u00ab\u00a0r\u00e9veill\u00e9 trop tard\u00a0\u00bb \u00e0 Brno"},"content":{"rendered":"<p>Lors de la pr\u00e9c\u00e9dente visite du MotoGP \u00e0 Brno, en 2020, KTM et <a href=\"https:\/\/fr.motorsport.com\/driver\/brad-binder\/109383\/\" target=\"_blank\" rel=\"noopener\">Brad Binder<\/a> s&rsquo;\u00e9taient offert leur premi\u00e8re victoire. Cette ann\u00e9e, la piste a encore r\u00e9ussi \u00e0 la marque, qui a plac\u00e9 <a href=\"https:\/\/fr.motorsport.com\/driver\/pedro-acosta\/840236\/\" target=\"_blank\" rel=\"noopener\">Pedro Acosta<\/a> et <a href=\"https:\/\/fr.motorsport.com\/driver\/enea-bastianini\/109398\/\" target=\"_blank\" rel=\"noopener\">Enea Bastianini<\/a> parmi les trois premiers lors du sprint, puis Acosta sur le podium le lendemain, mais le h\u00e9ros de 2020 a \u00e9t\u00e9 bien plus en difficult\u00e9. Binder a m\u00eame \u00e9t\u00e9 le moins performant des pilotes KTM, derri\u00e8re l&rsquo;int\u00e9rimaire <a href=\"https:\/\/fr.motorsport.com\/driver\/pol-espargaro\/94345\/\" target=\"_blank\" rel=\"noopener\">Pol Espargar\u00f3<\/a>.<\/p>\n<p>Hors du top 10 vendredi, Binder n&rsquo;a pas r\u00e9ussi \u00e0 s&rsquo;extraire de la Q1, o\u00f9 son temps le plus rapide a \u00e9t\u00e9 effac\u00e9 pour un d\u00e9passement des limites de la piste. Au lieu d&rsquo;une 16e place d\u00e9j\u00e0 d\u00e9cevante, il a d\u00fb s&rsquo;\u00e9lancer de la 19e position dans les deux courses. Le Sud-Africain a r\u00e9ussi deux belles remont\u00e9es, jusqu&rsquo;\u00e0 la dixi\u00e8me place lors du sprint et jusqu&rsquo;\u00e0 la neuvi\u00e8me dimanche, avant de gagner une position avec la p\u00e9nalit\u00e9 de <a href=\"https:\/\/fr.motorsport.com\/driver\/fermin-aldeguer\/945314\/\" target=\"_blank\" rel=\"noopener\">Ferm\u00edn Aldeguer<\/a>.<\/p>\n<p>Binder esp\u00e9rait naturellement bien plus sur un circuit offrant beaucoup de grip, ce qui effa\u00e7ait une faiblesse habituelle de la KTM. \u00ab\u00a0On peut beaucoup plus attaquer sur l&rsquo;avant et il reste, alors que quand on a du mal, il dispara\u00eet\u00a0\u00bb, a expliqu\u00e9 Binder, qui a pris la mesure de cet atout trop tardivement\u00a0: \u00ab\u00a0Avec ce grip en plus, notre avant permet d&rsquo;attaquer. C&rsquo;est bien, je me suis juste r\u00e9veill\u00e9 trop tard par rapport \u00e0 \u00e7a.\u00a0\u00bb<\/p>\n<p>\u00ab\u00a0Je ne suis absolument pas content de finir huiti\u00e8me mais je pense que m\u00eame si \u00e7a ne semble pas \u00eatre le cas, on commence un peu \u00e0 comprendre les choses\u00a0\u00bb, a-t-il soulign\u00e9 en fin de week-end. \u00ab\u00a0Ce qui est tr\u00e8s bien, c&rsquo;est que Pedro et Enea \u00e9taient super rapides ce week-end donc j&rsquo;ai de bonnes choses \u00e0 analyser, pour comprendre comment ils ont fait.\u00a0\u00bb<\/p>\n<p>Binder a surtout g\u00e2ch\u00e9 ses chances avec ses qualifications mais tout au long des trois journ\u00e9es en piste, il a eu du mal \u00e0 bien exploiter l&rsquo;avant\u00a0: \u00ab\u00a0Ce week-end est difficile. La plus grande diff\u00e9rence est pour faire en sorte que l&rsquo;avant morde, pour pouvoir freiner et entrer en courbe. On a fait des progr\u00e8s pour la course [sprint]. On a aussi fait des progr\u00e8s pour les qualifications, je n&rsquo;ai juste pas trouv\u00e9 le rythme. Il y a encore eu des progr\u00e8s en course [sprint], c&rsquo;\u00e9tait un peu mieux. Je sens qu&rsquo;on commence \u00e0 trouver cette fen\u00eatre, en tout cas on y est maintenant.\u00a0\u00bb<\/p>\n<p>   <img decoding=\"async\" draggable=\"false\" src=\"https:\/\/www.europesays.com\/fr\/wp-content\/uploads\/2025\/07\/1753453215_69_brad-binder-red-bull-ktm-facto.jpg\" alt=\"Brad Binder, Red Bull KTM Factory Racing\" width=\"1200\" height=\"800\" loading=\"lazy\"\/> <\/p>\n<p class=\"title\">Brad Binder<\/p>\n<p class=\"photographer\">Photo de: Gold and Goose Photography \/ LAT Images \/ via Getty Images<\/p>\n<p>De nouveaux progr\u00e8s ont \u00e9t\u00e9 effectu\u00e9s le dimanche\u00a0: \u00ab\u00a0On a test\u00e9 quelque chose de compl\u00e8tement diff\u00e9rent dans le caract\u00e8re du moteur et c&rsquo;\u00e9tait un peu mieux pour le grip sur l&rsquo;angle et l&rsquo;acc\u00e9l\u00e9ration. Cela paraissait beaucoup plus sous contr\u00f4le, beaucoup plus \u00e0 ma main. Je suis vraiment content de \u00e7a.\u00a0\u00bb<\/p>\n<p>Mais Binder restait en difficult\u00e9 en entr\u00e9e de courbe, ce qui ne l&rsquo;a pas emp\u00each\u00e9 de multiplier les d\u00e9passements pour int\u00e9grer le top 10\u00a0: \u00ab\u00a0Sinc\u00e8rement, je n&rsquo;aurais pas pu en demander beaucoup de plus en partant de l\u00e0. Je suis pass\u00e9 de la 19e place \u00e0 la huiti\u00e8me \u00e0 la fin. Je n&rsquo;ai jamais eu le rythme que j&rsquo;esp\u00e9rais, c&rsquo;est une certitude, mais je sens que l&rsquo;on \u00e9tait l\u00e9g\u00e8rement meilleurs [dimanche]. J&rsquo;ai r\u00e9ussi \u00e0 \u00eatre l\u00e9g\u00e8rement meilleur en milieu de courbe et en sortie mais je perdais beaucoup de temps au freinage et en entr\u00e9e.\u00a0\u00bb<\/p>\n<p>\u00ab\u00a0J&rsquo;\u00e9tais vraiment, vraiment mauvais au freinage et dans la phase d&rsquo;entr\u00e9e\u00a0\u00bb, a-t-il conc\u00e9d\u00e9. \u00ab\u00a0Doubler des gens quand on n&rsquo;est pas bon dans ce domaine, c&rsquo;est dur ! Quand j&rsquo;attaquais un peu plus, j&rsquo;avais des blocages et je sortais large. Ce n&rsquo;\u00e9tait pas facile.\u00a0\u00bb<\/p>\n<p>Lire aussi:<\/p>\n<p>Dans cet article<\/p>\n<p>Soyez le premier inform\u00e9 et souscrivez aux alertes mails pour recevoir les infos en temps r\u00e9el<\/p>\n<p>    S&rsquo;abonner aux alertes de news<\/p>\n","protected":false},"excerpt":{"rendered":"Lors de la pr\u00e9c\u00e9dente visite du MotoGP \u00e0 Brno, en 2020, KTM et Brad Binder s&rsquo;\u00e9taient offert leur&hellip;\n","protected":false},"author":2,"featured_media":272947,"comment_status":"","ping_status":"","sticky":false,"template":"","format":"standard","meta":{"footnotes":""},"categories":[1413],"tags":[3376,37813,1011,27,37812,1457,1456,1458,3068,60],"class_list":{"0":"post-272946","1":"post","2":"type-post","3":"status-publish","4":"format-standard","5":"has-post-thumbnail","7":"category-moto","8":"tag-brad-binder","9":"tag-brno-circuit","10":"tag-fr","11":"tag-france","12":"tag-gp-de-ru00e9publique-tchu00e8que","13":"tag-moto","14":"tag-motocycle","15":"tag-motogp","16":"tag-red-bull-ktm-factory-racing","17":"tag-sports"},"share_on_mastodon":{"url":"https:\/\/pubeurope.com\/@fr\/114914317042856501","error":""},"_links":{"self":[{"href":"https:\/\/www.europesays.com\/fr\/wp-json\/wp\/v2\/posts\/272946","targetHints":{"allow":["GET"]}}],"collection":[{"href":"https:\/\/www.europesays.com\/fr\/wp-json\/wp\/v2\/posts"}],"about":[{"href":"https:\/\/www.europesays.com\/fr\/wp-json\/wp\/v2\/types\/post"}],"author":[{"embeddable":true,"href":"https:\/\/www.europesays.com\/fr\/wp-json\/wp\/v2\/users\/2"}],"replies":[{"embeddable":true,"href":"https:\/\/www.europesays.com\/fr\/wp-json\/wp\/v2\/comments?post=272946"}],"version-history":[{"count":0,"href":"https:\/\/www.europesays.com\/fr\/wp-json\/wp\/v2\/posts\/272946\/revisions"}],"wp:featuredmedia":[{"embeddable":true,"href":"https:\/\/www.europesays.com\/fr\/wp-json\/wp\/v2\/media\/272947"}],"wp:attachment":[{"href":"https:\/\/www.europesays.com\/fr\/wp-json\/wp\/v2\/media?parent=272946"}],"wp:term":[{"taxonomy":"category","embeddable":true,"href":"https:\/\/www.europesays.com\/fr\/wp-json\/wp\/v2\/categories?post=272946"},{"taxonomy":"post_tag","embeddable":true,"href":"https:\/\/www.europesays.com\/fr\/wp-json\/wp\/v2\/tags?post=272946"}],"curies":[{"name":"wp","href":"https:\/\/api.w.org\/{rel}","templated":true}]}}