{"id":272957,"date":"2025-07-25T14:26:11","date_gmt":"2025-07-25T14:26:11","guid":{"rendered":"https:\/\/www.europesays.com\/fr\/272957\/"},"modified":"2025-07-25T14:26:11","modified_gmt":"2025-07-25T14:26:11","slug":"saint-apollinaire-cinq-boites-a-livres-fabriquees-par-des-habitants-bientot-installees","status":"publish","type":"post","link":"https:\/\/www.europesays.com\/fr\/272957\/","title":{"rendered":"Saint-Apollinaire. Cinq bo\u00eetes \u00e0 livres fabriqu\u00e9es par des habitants bient\u00f4t install\u00e9es"},"content":{"rendered":"<p>C\u2019est dans le parc de Pr\u00e9-Thomas, \u00e0 quelques m\u00e8tres du centre de loisirs de Saint-Apollinaire que la premi\u00e8re de cinq bo\u00eetes \u00e0 livres fabriqu\u00e9es par des \u00c9pleumiens a \u00e9t\u00e9 install\u00e9e, mardi matin.<\/p>\n<p>\u00ab\u00a0Il y avait une forte demande de la part des habitants, car si un espace est d\u00e9di\u00e9 au don de livres \u00e0 M\u00e9di@lude, il n\u2019est possible d\u2019y acc\u00e9der qu\u2019aux heures d\u2019ouverture de la structure\u00a0\u00bb, explique C\u00e9line Rabut, adjointe au&#8230;<\/p>\n","protected":false},"excerpt":{"rendered":"C\u2019est dans le parc de Pr\u00e9-Thomas, \u00e0 quelques m\u00e8tres du centre de loisirs de Saint-Apollinaire que la premi\u00e8re&hellip;\n","protected":false},"author":2,"featured_media":272958,"comment_status":"","ping_status":"","sticky":false,"template":"","format":"standard","meta":{"footnotes":""},"categories":[1357],"tags":[1379,41233,1687,58,8588,59,107,1011,27,1380,2410,41232],"class_list":{"0":"post-272957","1":"post","2":"type-post","3":"status-publish","4":"format-standard","5":"has-post-thumbnail","7":"category-livres","8":"tag-books","9":"tag-chevigny-saint-sauveur-bassin","10":"tag-culture-loisirs","11":"tag-divertissement","12":"tag-edition-dijon-et-son-agglomeration","13":"tag-entertainment","14":"tag-fil-info","15":"tag-fr","16":"tag-france","17":"tag-livres","18":"tag-livres-bd","19":"tag-saint-apollinaire"},"share_on_mastodon":{"url":"https:\/\/pubeurope.com\/@fr\/114914340749521409","error":""},"_links":{"self":[{"href":"https:\/\/www.europesays.com\/fr\/wp-json\/wp\/v2\/posts\/272957","targetHints":{"allow":["GET"]}}],"collection":[{"href":"https:\/\/www.europesays.com\/fr\/wp-json\/wp\/v2\/posts"}],"about":[{"href":"https:\/\/www.europesays.com\/fr\/wp-json\/wp\/v2\/types\/post"}],"author":[{"embeddable":true,"href":"https:\/\/www.europesays.com\/fr\/wp-json\/wp\/v2\/users\/2"}],"replies":[{"embeddable":true,"href":"https:\/\/www.europesays.com\/fr\/wp-json\/wp\/v2\/comments?post=272957"}],"version-history":[{"count":0,"href":"https:\/\/www.europesays.com\/fr\/wp-json\/wp\/v2\/posts\/272957\/revisions"}],"wp:featuredmedia":[{"embeddable":true,"href":"https:\/\/www.europesays.com\/fr\/wp-json\/wp\/v2\/media\/272958"}],"wp:attachment":[{"href":"https:\/\/www.europesays.com\/fr\/wp-json\/wp\/v2\/media?parent=272957"}],"wp:term":[{"taxonomy":"category","embeddable":true,"href":"https:\/\/www.europesays.com\/fr\/wp-json\/wp\/v2\/categories?post=272957"},{"taxonomy":"post_tag","embeddable":true,"href":"https:\/\/www.europesays.com\/fr\/wp-json\/wp\/v2\/tags?post=272957"}],"curies":[{"name":"wp","href":"https:\/\/api.w.org\/{rel}","templated":true}]}}