{"id":272963,"date":"2025-07-25T14:29:11","date_gmt":"2025-07-25T14:29:11","guid":{"rendered":"https:\/\/www.europesays.com\/fr\/272963\/"},"modified":"2025-07-25T14:29:11","modified_gmt":"2025-07-25T14:29:11","slug":"la-guerre-des-mondes-soffre-un-nouveau-film-cest-cata","status":"publish","type":"post","link":"https:\/\/www.europesays.com\/fr\/272963\/","title":{"rendered":"La guerre des mondes s&rsquo;offre un nouveau film (c&rsquo;est cata)"},"content":{"rendered":"<p>\u201cC\u2019est pire que ce que vous imaginez\u201d. Au rayon des classiques de science-fiction qui continuent de fasciner Hollywood, La Guerre des Mondes par H.G Wells tient bonne place. Le roman publi\u00e9 en 1898 a profit\u00e9 de plusieurs adaptations sur le petit et le grand \u00e9cran, dont une par la l\u00e9gende <a href=\"https:\/\/www.journaldugeek.com\/2025\/02\/06\/le-prochain-film-de-steven-spielberg-refait-enfin-parler-de-lui\/\" rel=\"nofollow noopener\" target=\"_blank\">Steven Spielberg<\/a> en 2005.<\/p>\n<p>Un classique du cin\u00e9ma port\u00e9 par <a href=\"https:\/\/www.journaldugeek.com\/2025\/07\/03\/film-f1-une-suite-deja-en-preparation-avec-brad-pitt-et-tom-cruise\/\" rel=\"nofollow noopener\" target=\"_blank\">Tom Cruise<\/a> qui aurait pu d\u00e9courager quiconque de s\u2019emparer de l\u2019imaginaire de l\u2019auteur britannique. Prime Video et Universal Pictures esp\u00e8rent pourtant soutenir la comparaison avec le r\u00e9alisateur, en proposant leur propre r\u00e9invention de l\u2019ouvrage embl\u00e9matique.<\/p>\n<p>D\u00e8s <strong>le 30 juillet prochain<\/strong>, les abonn\u00e9s de la plateforme pourront poser les yeux sur ce film mettant en sc\u00e8ne<strong> Ice Cube, Eva Longoria<\/strong> et r\u00e9alis\u00e9 par <strong>Patrick Aiello et Timur Bekmambetov.<\/strong><\/p>\n<p>Quelques jours avant cette sortie, le projet s\u2019offre enfin de premi\u00e8res images. Comme on pouvait s\u2019en douter, l\u2019histoire a \u00e9t\u00e9 r\u00e9invent\u00e9e pour s\u2019adapter \u00e0 un contexte contemporain. Comme on pouvait s\u2019en douter aussi, l\u2019adaptation de Steven Spielberg restera in\u00e9gal\u00e9e\u2026<\/p>\n<p> La pire id\u00e9e\u2026 <\/p>\n<p>Le roman d\u2019H.G Wells plonge les lecteurs en<strong> 1864<\/strong> lorsque des astronomes observent d\u2019\u00e9tranges activit\u00e9s sur Mars. Le ph\u00e9nom\u00e8ne se produit dix jours de suite et s\u2019arr\u00eate subitement. Peu de temps apr\u00e8s, <strong>un m\u00e9t\u00e9ore s\u2019\u00e9crase en Angleterre<\/strong> et attire de nombreux curieux. Il s\u2019agit d\u2019un objet cylindrique colossal avec \u00e0 son bord <strong>une machine gigantesque qui va d\u00e9cimer la population.<\/strong> La Terre vient de vivre sa premi\u00e8re rencontre avec des \u00eatres venus d\u2019ailleurs et le d\u00e9but d\u2019une guerre des mondes.<\/p>\n<p>Chez Spielberg comme chez les nombreux cr\u00e9atifs s\u2019\u00e9tant lanc\u00e9s dans l\u2019adaptation d\u2019un tel ouvrage, le contexte historique est abandonn\u00e9 pour que cette rencontre du troisi\u00e8me type s\u2019inscrive \u00e0 une \u00e9poque contemporaine. Le nouveau film adopte le m\u00eame parti-pris <strong>mais fait sans doute le pas de trop dans la modernisation.<\/strong> Comme le montre la bande-annonce, toute l\u2019action sera v\u00e9cue au travers d\u2019un \u00e9cran.<\/p>\n<p>Dans cette version, il s\u2019agira de suivre <strong>un analyste de cybers\u00e9curit\u00e9<\/strong> qui travaille pour le gouvernement. Il passe ses journ\u00e9es \u00e0 traquer les menaces potentielles pour la s\u00e9curit\u00e9 nationale gr\u00e2ce \u00e0 un programme de surveillance. Lorsqu\u2019une entit\u00e9 inconnue appara\u00eet, il suit le d\u00e9but d\u2019une guerre in\u00e9dite depuis son ordinateur.<\/p>\n<p>Selon le r\u00e9alisateur Patrick Aiello, l\u2019id\u00e9e de miser sur des \u00e9crans pour raconter cette r\u00e9invention \u00e9tait logique. Il confie \u00e0 Deadline : \u201cAujourd\u2019hui, lorsque les catastrophes surviennent, nous les vivons \u00e0 travers nos appareils. Cette id\u00e9e a fa\u00e7onn\u00e9 la narration et la technologie utilis\u00e9e pour cr\u00e9er ce thriller immersif\u201d.\u00a0<\/p>\n<p>De son c\u00f4t\u00e9, Bekmambetov cite <strong>l\u2019adaptation radiophonique d\u2019Orson Welles diffus\u00e9e en 1938<\/strong> et qui aurait d\u00e9clench\u00e9 une panique g\u00e9n\u00e9rale aux \u00c9tats-Unis, de nombreux psychologues s\u2019accordent \u00e0 dire que ces \u00e9v\u00e9nements ont \u00e9t\u00e9 amplifi\u00e9s. L\u2019utilisation du format radiophonique a tout de m\u00eame permis une immersion in\u00e9dite \u00e0 l\u2019\u00e9poque, offrant ainsi une plong\u00e9e dans cette histoire d\u2019invasion. Un sentiment que les r\u00e9alisateurs de ce nouveau film esp\u00e8rent \u00e9muler.<\/p>\n<\/p>\n<p>    <a href=\"https:\/\/www.youtube.com\/user\/JournalduGeek?sub_confirmation=1\" target=\"_blank\" rel=\"nofollow noopener\"><br \/>\n        S&rsquo;abonner \u00e0 Journal du Geek<br \/>\n    <\/a> <\/p>\n<p>R\u00e9sultat, en lieu et place d\u2019une fresque de science-fiction grandiloquente et spectaculaire, un film aux allures de conf\u00e9rence Zoom\u00a0? Pour en avoir le c\u0153ur net, il faudra se rendre sur Prime Video d\u00e8s le <strong>30 juillet prochain<\/strong>. Au vu des premi\u00e8res images, ce n\u2019est pas tr\u00e8s engageant et le film ressemble plus \u00e0 une production de s\u00e9rie Z.<\/p>\n<p class=\"comp-p not-prose\"><a class=\"comp-button\" href=\"https:\/\/shop.journaldugeek.com\/go\/10324\/\" target=\"_self\" rel=\"sponsored nofollow noopener\">S\u2019abonner \u00e0 Prime Video<\/a><\/p>\n<blockquote>\n<p class=\"text-base text-neutral-700 dark:text-neutral-300\">\ud83d\udfe3 Pour ne manquer aucune news sur le Journal du Geek, abonnez-vous sur <a href=\"https:\/\/news.google.com\/publications\/CAAqBwgKMNr_hAswwYyCAw?hl=fr&amp;gl=FR&amp;ceid=FR%3Afr\" target=\"_blank\" rel=\"nofollow noopener\">Google Actualit\u00e9s<\/a> et sur <a href=\"https:\/\/whatsapp.com\/channel\/0029VaClM5y4tRry12tb7D2h\" target=\"_blank\" rel=\"nofollow noopener\">notre WhatsApp<\/a>. Et si vous nous adorez, on a <a href=\"https:\/\/www.journaldugeek.com\/newsletter\/\" target=\"_blank\" rel=\"nofollow noopener\">une newsletter tous les matins<\/a>.<\/p>\n<\/blockquote>\n","protected":false},"excerpt":{"rendered":"\u201cC\u2019est pire que ce que vous imaginez\u201d. Au rayon des classiques de science-fiction qui continuent de fasciner Hollywood,&hellip;\n","protected":false},"author":2,"featured_media":272964,"comment_status":"","ping_status":"","sticky":false,"template":"","format":"standard","meta":{"footnotes":""},"categories":[1354],"tags":[518,58,59,1346,1011,27,1360,2510],"class_list":{"0":"post-272963","1":"post","2":"type-post","3":"status-publish","4":"format-standard","5":"has-post-thumbnail","7":"category-films","8":"tag-amazon-prime-video","9":"tag-divertissement","10":"tag-entertainment","11":"tag-films","12":"tag-fr","13":"tag-france","14":"tag-movies","15":"tag-science-fiction"},"share_on_mastodon":{"url":"","error":""},"_links":{"self":[{"href":"https:\/\/www.europesays.com\/fr\/wp-json\/wp\/v2\/posts\/272963","targetHints":{"allow":["GET"]}}],"collection":[{"href":"https:\/\/www.europesays.com\/fr\/wp-json\/wp\/v2\/posts"}],"about":[{"href":"https:\/\/www.europesays.com\/fr\/wp-json\/wp\/v2\/types\/post"}],"author":[{"embeddable":true,"href":"https:\/\/www.europesays.com\/fr\/wp-json\/wp\/v2\/users\/2"}],"replies":[{"embeddable":true,"href":"https:\/\/www.europesays.com\/fr\/wp-json\/wp\/v2\/comments?post=272963"}],"version-history":[{"count":0,"href":"https:\/\/www.europesays.com\/fr\/wp-json\/wp\/v2\/posts\/272963\/revisions"}],"wp:featuredmedia":[{"embeddable":true,"href":"https:\/\/www.europesays.com\/fr\/wp-json\/wp\/v2\/media\/272964"}],"wp:attachment":[{"href":"https:\/\/www.europesays.com\/fr\/wp-json\/wp\/v2\/media?parent=272963"}],"wp:term":[{"taxonomy":"category","embeddable":true,"href":"https:\/\/www.europesays.com\/fr\/wp-json\/wp\/v2\/categories?post=272963"},{"taxonomy":"post_tag","embeddable":true,"href":"https:\/\/www.europesays.com\/fr\/wp-json\/wp\/v2\/tags?post=272963"}],"curies":[{"name":"wp","href":"https:\/\/api.w.org\/{rel}","templated":true}]}}