{"id":27297,"date":"2025-04-15T19:09:12","date_gmt":"2025-04-15T19:09:12","guid":{"rendered":"https:\/\/www.europesays.com\/fr\/27297\/"},"modified":"2025-04-15T19:09:12","modified_gmt":"2025-04-15T19:09:12","slug":"meteo-france-place-le-departement-en-vigilance","status":"publish","type":"post","link":"https:\/\/www.europesays.com\/fr\/27297\/","title":{"rendered":"M\u00e9t\u00e9o France place le d\u00e9partement en vigilance"},"content":{"rendered":"<p>            Par<br \/>\n        <strong><br \/>\n            <a href=\"https:\/\/actu.fr\/auteur\/clemence-pays02-actu-fr\" title=\"Consulter tous les articles de Cl\u00e9mence Pays\" rel=\"nofollow noopener\" target=\"_blank\">Cl\u00e9mence Pays<\/a><br \/>\n        <\/strong><\/p>\n<p>        Publi\u00e9 le<\/p>\n<p>            15 avr. 2025 \u00e0 10h22        <\/p>\n<p>Dans son bulletin de 6\u2009h, mardi 15\u00a0avril 2025, <a href=\"https:\/\/actu.fr\/meteo\/orages-violents-et-coup-de-vent-en-france-ce-mardi-des-dizaines-de-departements-en-vigilance_62509014.html\" rel=\"nofollow noopener\" target=\"_blank\">M\u00e9t\u00e9o France a annonc\u00e9 placer une quarantaine de d\u00e9partements en vigilance<\/a> pour vent, orages ou pluie inondation.<\/p>\n<p class=\" wall-content\">L\u2019<a href=\"https:\/\/actu.fr\/bretagne\/ille-et-vilaine_35\" rel=\"nofollow noopener\" target=\"_blank\">Ille-et-Vilaine<\/a> sera donc en<strong> vigilance jaune vent, de 14\u2009h \u00e0 17\u2009h,<\/strong> ce mardi. Selon les pr\u00e9visions m\u00e9t\u00e9o, des <strong>rafales \u00e0 70\u00a0km\/h<\/strong> sont attendues \u00e0 <a href=\"https:\/\/actu.fr\/rennes\/\" rel=\"nofollow noopener\" target=\"_blank\">Rennes<\/a> dans l\u2019apr\u00e8s-midi. La situation sera similaire \u00e0 <a href=\"https:\/\/actu.fr\/la-chronique-republicaine\/\" rel=\"nofollow noopener\" target=\"_blank\">Foug\u00e8res<\/a> et <a href=\"https:\/\/actu.fr\/le-pays-malouin\/\" rel=\"nofollow noopener\" target=\"_blank\">Saint-Malo<\/a>. \u00c0 <a href=\"https:\/\/actu.fr\/le-journal-de-vitre\/\" rel=\"nofollow noopener\" target=\"_blank\">Vitr\u00e9<\/a>, le vent sera l\u00e9g\u00e8rement moins fort avec des rafales \u00e0 60\u00a0km\/h.<\/p>\n<p>Des consignes \u00e0 respecter<\/p>\n<p class=\" wall-content\">La pr\u00e9fecture invite chacun \u00e0 faire preuve de prudence et \u00e0<strong> respecter les consignes<\/strong> suivantes\u2009:<\/p>\n<ul class=\" wall-content\">\n<li>rangez ou fixez les objets sensibles aux effets du vent\u2009;<\/li>\n<li><strong>attention aux chutes possibles d\u2019objets divers\u2009;<\/strong><\/li>\n<li><strong>ne vous promenez pas en for\u00eat ou sur le littoral et ne prenez pas la mer\u2009;<\/strong><\/li>\n<li>si vous devez prendre le volant, informez-vous de l\u2019\u00e9tat des routes.<\/li>\n<\/ul>\n<p class=\" wall-content\">\n<p class=\" wall-content\">\u00c0 l\u2019heure o\u00f9 nous publions ces lignes, <a href=\"https:\/\/actu.fr\/tag\/meteo-france\" rel=\"nofollow noopener\" target=\"_blank\">M\u00e9t\u00e9o France<\/a> ne pr\u00e9voit pas le d\u00e9clenchement d\u2019une nouvelle vigilance mercredi 16\u00a0avril.<\/p>\n<p class=\" wall-content\">Suivez toute l\u2019actualit\u00e9 de vos villes et m\u00e9dias favoris en vous inscrivant \u00e0 <a href=\"https:\/\/moncompte.actu.fr\" title=\"D\u00e9couvez Mon Actu\" rel=\"nofollow noopener\" data-trk=\"{&quot;cta&quot;:{&quot;action&quot;:&quot;https:\\\/\\\/moncompte.actu.fr&quot;,&quot;category&quot;:&quot;mon compte&quot;,&quot;from&quot;:&quot;article footer&quot;,&quot;name&quot;:&quot;Mon actu&quot;,&quot;type&quot;:&quot;cta&quot;}}\" target=\"_blank\">Mon Actu<\/a>.<\/p>\n","protected":false},"excerpt":{"rendered":"Par Cl\u00e9mence Pays Publi\u00e9 le 15 avr. 2025 \u00e0 10h22 Dans son bulletin de 6\u2009h, mardi 15\u00a0avril 2025,&hellip;\n","protected":false},"author":2,"featured_media":27298,"comment_status":"","ping_status":"","sticky":false,"template":"","format":"standard","meta":{"footnotes":""},"categories":[2821],"tags":[1111,11,829,1777,674,1011,27,2487,2357,12,584,25],"class_list":{"0":"post-27297","1":"post","2":"type-post","3":"status-publish","4":"format-standard","5":"has-post-thumbnail","7":"category-rennes","8":"tag-actu","9":"tag-actualites","10":"tag-bretagne","11":"tag-eu","12":"tag-europe","13":"tag-fr","14":"tag-france","15":"tag-meteo","16":"tag-meteo-france","17":"tag-news","18":"tag-rennes","19":"tag-republique-francaise"},"share_on_mastodon":{"url":"https:\/\/pubeurope.com\/@fr\/114343560070822923","error":""},"_links":{"self":[{"href":"https:\/\/www.europesays.com\/fr\/wp-json\/wp\/v2\/posts\/27297","targetHints":{"allow":["GET"]}}],"collection":[{"href":"https:\/\/www.europesays.com\/fr\/wp-json\/wp\/v2\/posts"}],"about":[{"href":"https:\/\/www.europesays.com\/fr\/wp-json\/wp\/v2\/types\/post"}],"author":[{"embeddable":true,"href":"https:\/\/www.europesays.com\/fr\/wp-json\/wp\/v2\/users\/2"}],"replies":[{"embeddable":true,"href":"https:\/\/www.europesays.com\/fr\/wp-json\/wp\/v2\/comments?post=27297"}],"version-history":[{"count":0,"href":"https:\/\/www.europesays.com\/fr\/wp-json\/wp\/v2\/posts\/27297\/revisions"}],"wp:featuredmedia":[{"embeddable":true,"href":"https:\/\/www.europesays.com\/fr\/wp-json\/wp\/v2\/media\/27298"}],"wp:attachment":[{"href":"https:\/\/www.europesays.com\/fr\/wp-json\/wp\/v2\/media?parent=27297"}],"wp:term":[{"taxonomy":"category","embeddable":true,"href":"https:\/\/www.europesays.com\/fr\/wp-json\/wp\/v2\/categories?post=27297"},{"taxonomy":"post_tag","embeddable":true,"href":"https:\/\/www.europesays.com\/fr\/wp-json\/wp\/v2\/tags?post=27297"}],"curies":[{"name":"wp","href":"https:\/\/api.w.org\/{rel}","templated":true}]}}