{"id":272973,"date":"2025-07-25T14:35:13","date_gmt":"2025-07-25T14:35:13","guid":{"rendered":"https:\/\/www.europesays.com\/fr\/272973\/"},"modified":"2025-07-25T14:35:13","modified_gmt":"2025-07-25T14:35:13","slug":"si-ce-nest-pas-un-requin-quel-est-ce-poisson-qui-a-provoque-levacuation-dune-plage-en-mediterranee","status":"publish","type":"post","link":"https:\/\/www.europesays.com\/fr\/272973\/","title":{"rendered":"Si ce n\u2019est pas un requin, quel est ce poisson qui a provoqu\u00e9 l\u2019\u00e9vacuation d\u2019une plage en M\u00e9diterran\u00e9e ?"},"content":{"rendered":"<p>Une touriste italienne de 85 ans avait \u00e9t\u00e9 mordue violemment au mollet par un gros poisson, mardi, entra\u00eenant la fermeture rapide d\u2019une plage \u00e0 Majorque. Les biologistes pensent qu\u2019il ne s\u2019agit pas d\u2019un requin.<\/p>\n<p class=\"fig-paragraph\">Panique sous les palmiers et les parasols. Les vacanciers qui se doraient la pilule sur la plage de Palma, ville de Majorque (Espagne), ont d\u00fb \u00e9vacuer les lieux dans la pr\u00e9cipitation, mardi 22 juillet aux alentours de midi. Le drapeau rouge a \u00e9t\u00e9 lev\u00e9.<\/p>\n<p>Les requins bleus ont \u00e9t\u00e9 les premiers suspect\u00e9s<\/p>\n<p class=\"fig-paragraph\">Les autorit\u00e9s n\u2019ont voulu prendre aucun risque, apr\u00e8s avoir constat\u00e9 la blessure au mollet d\u2019une touriste italienne de 85 ans. Celle-ci a \u00e9t\u00e9 violemment mordue par un myst\u00e9rieux poisson qu\u2019elle n\u2019a pas pu identifier, avant d\u2019\u00eatre transport\u00e9e \u00e0 la clinique la plus proche.<\/p>\n<p>                                    <a class=\"fig-a11y-skip a11y-hidden\" href=\"#fig-a11y-skip-main-inarticle\"><br \/>\n        Passer la publicit\u00e9<br \/>\n    <\/a><\/p>\n<p class=\"fig-paragraph\">Les premiers soup\u00e7ons se sont tourn\u00e9s vers les\u00a0<a href=\"http:\/\/www.lefigaro.fr\/animaux\/les-5-plus-grands-requins-au-monde-20240514\" data-fig-type=\"Article\" data-gtm-custom-categorie=\"navigation\" data-gtm-custom-action=\"crossclick\" data-gtm-custom-label=\"Contextuel\" data-gtm-event=\"customEventSPE\" data-fig-domain=\"LEFIGARO\" rel=\"nofollow noopener\" target=\"_blank\">requins bleus<\/a>, pourtant rarement agressifs contre les humains, dans la mer M\u00e9diterran\u00e9e. D\u2019autres hypoth\u00e8ses s\u2019orientaient vers les raies mantas et les balistes. Selon le directeur g\u00e9n\u00e9ral des p\u00eaches local, Toni Grau, les balistes ont une morsure s\u00e9v\u00e8re et leur pr\u00e9sence dans les fonds sableux de M\u00e9diterran\u00e9e ne cesse d\u2019augmenter.<\/p>\n<p>L\u2019attaque proviendrait d\u2019un poisson commun mais pouvant \u00eatre agressif<\/p>\n<p class=\"fig-paragraph\">Cependant, ces premi\u00e8res suggestions n\u2019ont pas convaincu les experts espagnols. Le sp\u00e9cialiste de la biodiversit\u00e9 marine Aniol Marilles, interrog\u00e9 par le m\u00e9dia espagnol Ultima hora, en est s\u00fbr\u00a0: \u00abNous ne pensons pas qu\u2019il s\u2019agisse d\u2019un requin, car il aurait \u00e9t\u00e9 visible. Notre hypoth\u00e8se est que l\u2019attaque pourrait avoir \u00e9t\u00e9 caus\u00e9e par un tassergal, \u00e9galement connu sous le nom d\u2019anjova\u00bb.<\/p>\n<p class=\"fig-paragraph\">Le tassergal est un grand\u00a0<a href=\"http:\/\/www.lefigaro.fr\/animaux\/5-especes-de-poissons-pour-aquarium-20221111\" data-fig-type=\"Article\" data-gtm-custom-categorie=\"navigation\" data-gtm-custom-action=\"crossclick\" data-gtm-custom-label=\"Contextuel\" data-gtm-event=\"customEventSPE\" data-fig-domain=\"LEFIGARO\" rel=\"nofollow noopener\" target=\"_blank\">poisson<\/a>\u00a0tr\u00e8s commun en mer M\u00e9diterran\u00e9e, surtout en p\u00e9riode estivale. Il peut mesurer jusqu\u2019\u00e0 1,30 m\u00e8tre et dispose d\u2019une m\u00e2choire puissante. Ultima hora relaye aussi les propos de diff\u00e9rents experts\u00a0: \u00abIl est normal qu\u2019il s\u2019approche des c\u00f4tes et quelques attaques de cette esp\u00e8ce ont \u00e9t\u00e9 enregistr\u00e9es\u00bb.<\/p>\n<p class=\"fig-body-link\">\n            \u00c0 lire aussi<br \/>\n        <a class=\"fig-body-link__link\" href=\"http:\/\/www.lefigaro.fr\/animaux\/quiz-combien-de-poissons-serez-vous-capable-de-nommer-20250106\" target=\"_blank\" data-fig-type=\"Article\" rel=\"noopener nofollow\" data-gtm-custom-categorie=\"navigation\" data-gtm-custom-action=\"crossclick\" data-gtm-custom-label=\"Contextuel\" data-gtm-event=\"customEventSPE\" data-fig-domain=\"LEFIGARO\">QUIZ. Combien de poissons serez-vous capable de nommer\u00a0?<br \/>\n    <\/a>\n<\/p>\n<p>Le doute subsiste<\/p>\n<p class=\"fig-paragraph\">Mais le d\u00e9bat ne semble pas encore d\u00e9finitivement tranch\u00e9, puisque d\u2019autres sp\u00e9cialistes continuent de croire \u00e0 une piq\u00fbre de raie. Dans certaines situations, une raie enfouie dans le sable, si on lui marche dessus, peut r\u00e9agir par un coup de queue. Ce qu\u2019a tendance \u00e0 croire la direction de l\u2019aquarium de Palma.<\/p>\n<p class=\"fig-paragraph\">Tout est revenu \u00e0 la normale sur cette plage, rouverte d\u00e8s le lendemain, o\u00f9 des centaines de touristes retournaient bronzer en toute confiance. La raret\u00e9 de l\u2019\u00e9v\u00e9nement semble rassurer les baigneurs.<\/p>\n","protected":false},"excerpt":{"rendered":"Une touriste italienne de 85 ans avait \u00e9t\u00e9 mordue violemment au mollet par un gros poisson, mardi, entra\u00eenant&hellip;\n","protected":false},"author":2,"featured_media":272974,"comment_status":"","ping_status":"","sticky":false,"template":"","format":"standard","meta":{"footnotes":""},"categories":[5],"tags":[11,1011,27,14,41236,12,25579,32882,28],"class_list":{"0":"post-272973","1":"post","2":"type-post","3":"status-publish","4":"format-standard","5":"has-post-thumbnail","7":"category-international","8":"tag-actualites","9":"tag-fr","10":"tag-france","11":"tag-international","12":"tag-majorque","13":"tag-news","14":"tag-poissons","15":"tag-requin","16":"tag-world"},"share_on_mastodon":{"url":"https:\/\/pubeurope.com\/@fr\/114914376012567236","error":""},"_links":{"self":[{"href":"https:\/\/www.europesays.com\/fr\/wp-json\/wp\/v2\/posts\/272973","targetHints":{"allow":["GET"]}}],"collection":[{"href":"https:\/\/www.europesays.com\/fr\/wp-json\/wp\/v2\/posts"}],"about":[{"href":"https:\/\/www.europesays.com\/fr\/wp-json\/wp\/v2\/types\/post"}],"author":[{"embeddable":true,"href":"https:\/\/www.europesays.com\/fr\/wp-json\/wp\/v2\/users\/2"}],"replies":[{"embeddable":true,"href":"https:\/\/www.europesays.com\/fr\/wp-json\/wp\/v2\/comments?post=272973"}],"version-history":[{"count":0,"href":"https:\/\/www.europesays.com\/fr\/wp-json\/wp\/v2\/posts\/272973\/revisions"}],"wp:featuredmedia":[{"embeddable":true,"href":"https:\/\/www.europesays.com\/fr\/wp-json\/wp\/v2\/media\/272974"}],"wp:attachment":[{"href":"https:\/\/www.europesays.com\/fr\/wp-json\/wp\/v2\/media?parent=272973"}],"wp:term":[{"taxonomy":"category","embeddable":true,"href":"https:\/\/www.europesays.com\/fr\/wp-json\/wp\/v2\/categories?post=272973"},{"taxonomy":"post_tag","embeddable":true,"href":"https:\/\/www.europesays.com\/fr\/wp-json\/wp\/v2\/tags?post=272973"}],"curies":[{"name":"wp","href":"https:\/\/api.w.org\/{rel}","templated":true}]}}