{"id":272979,"date":"2025-07-25T14:38:10","date_gmt":"2025-07-25T14:38:10","guid":{"rendered":"https:\/\/www.europesays.com\/fr\/272979\/"},"modified":"2025-07-25T14:38:10","modified_gmt":"2025-07-25T14:38:10","slug":"des-composteurs-gratuits-pour-les-habitants-de-la-metropole-de-saint-etienne","status":"publish","type":"post","link":"https:\/\/www.europesays.com\/fr\/272979\/","title":{"rendered":"Des composteurs gratuits pour les habitants de la m\u00e9tropole de Saint-\u00c9tienne"},"content":{"rendered":"<p>Une nouvelle solution pour vous d\u00e9barrasser de vos d\u00e9chets alimentaires. Saint-\u00c9tienne M\u00e9tropole a d\u00e9cid\u00e9 de mettre en place une dotation suppl\u00e9mentaire de 2.000 composteurs individuels et gratuits.<\/p>\n<p>Les habitants de la <b>m\u00e9tropole st\u00e9phanoise<\/b> peuvent d\u00e8s \u00e0 pr\u00e9sent obtenir un composteur individuel gratuit !<\/p>\n<p>M\u00e9tropole de Saint-\u00c9tienne : 2 000 composteurs suppl\u00e9mentaires<\/p>\n<p>Afin de valoriser les d\u00e9chets alimentaires et <b>enrichir les sols des jardins et des plantes<\/b>, la M\u00e9tropole de Saint-\u00c9tienne met en place une dotation de <b>2.000 composteurs<\/b> individuels suppl\u00e9mentaires. <\/p>\n<p>Cette op\u00e9ration s&rsquo;adresse aux <b>foyers r\u00e9sidents sur le territoire de Saint-\u00c9tienne<\/b> M\u00e9tropole, <b>disposant d&rsquo;un jardin<\/b> et n&rsquo;ayant pas b\u00e9n\u00e9fici\u00e9 de la campagne pr\u00e9c\u00e9dente. <\/p>\n<p>Le retrait des composteurs se fait uniquement <b>sur rendez-vous<\/b>, les mercredis et samedis \u00e0 partir de septembre \u00e0 <b>Saint-\u00c9tienne,<\/b> et les samedis en octobre \u00e0 <b>Firminy <\/b>et \u00e0 <b>Saint-Chamond.<\/b><\/p>\n<p>Le kit de compostage, fourni gratuitement, est compos\u00e9 <b>d&rsquo;un bio-seau, d&rsquo;un composteur et d&rsquo;un guide de compostage.<\/b><\/p>\n<p>Rendez-vous sur <a class=\"url\" href=\"https:\/\/www.saint-etienne-metropole.fr\/\" target=\"_blank\" rel=\"noopener\">le site internet de Saint-\u00c9tienne M\u00e9tropole<\/a>, pour remplir le dossier d&rsquo;inscription. <\/p>\n<p><img loading=\"lazy\" decoding=\"async\" src=\"https:\/\/www.europesays.com\/fr\/wp-content\/uploads\/2025\/07\/1753454290_259_img\" width=\"350\" height=\"200\" border=\"0\" title=\"Des champs irrigu\u00c3\u00a9s.\"\/><\/p>\n<p>\u25baPlan\u00e8te<\/p>\n<p style=\"font-size: 22px;\"><b>Loi Duplomb\u00a0: le Conseil constitutionnel rendra sa d\u00e9cision le 7 ao\u00fbt<\/b><\/p>\n<p>Alors que le nombre de signatures pour la p\u00e9tition&#8230;<\/p>\n<p><\/p>\n","protected":false},"excerpt":{"rendered":"Une nouvelle solution pour vous d\u00e9barrasser de vos d\u00e9chets alimentaires. Saint-\u00c9tienne M\u00e9tropole a d\u00e9cid\u00e9 de mettre en place&hellip;\n","protected":false},"author":2,"featured_media":272980,"comment_status":"","ping_status":"","sticky":false,"template":"","format":"standard","meta":{"footnotes":""},"categories":[9653],"tags":[1111,11,2430,41238,41237,41239,41241,41240,1777,674,10282,1011,27,10958,12,25,9920,9669,4001],"class_list":{"0":"post-272979","1":"post","2":"type-post","3":"status-publish","4":"format-standard","5":"has-post-thumbnail","7":"category-saint-etienne","8":"tag-actu","9":"tag-actualites","10":"tag-auvergne-rhone-alpes","11":"tag-compostage","12":"tag-composte","13":"tag-composteur","14":"tag-dchets-alimentaires","15":"tag-dotation","16":"tag-eu","17":"tag-europe","18":"tag-firminy","19":"tag-fr","20":"tag-france","21":"tag-mtropole","22":"tag-news","23":"tag-republique-francaise","24":"tag-saint-tienne","25":"tag-saint-chamond","26":"tag-saint-etienne"},"share_on_mastodon":{"url":"https:\/\/pubeurope.com\/@fr\/114914387832264076","error":""},"_links":{"self":[{"href":"https:\/\/www.europesays.com\/fr\/wp-json\/wp\/v2\/posts\/272979","targetHints":{"allow":["GET"]}}],"collection":[{"href":"https:\/\/www.europesays.com\/fr\/wp-json\/wp\/v2\/posts"}],"about":[{"href":"https:\/\/www.europesays.com\/fr\/wp-json\/wp\/v2\/types\/post"}],"author":[{"embeddable":true,"href":"https:\/\/www.europesays.com\/fr\/wp-json\/wp\/v2\/users\/2"}],"replies":[{"embeddable":true,"href":"https:\/\/www.europesays.com\/fr\/wp-json\/wp\/v2\/comments?post=272979"}],"version-history":[{"count":0,"href":"https:\/\/www.europesays.com\/fr\/wp-json\/wp\/v2\/posts\/272979\/revisions"}],"wp:featuredmedia":[{"embeddable":true,"href":"https:\/\/www.europesays.com\/fr\/wp-json\/wp\/v2\/media\/272980"}],"wp:attachment":[{"href":"https:\/\/www.europesays.com\/fr\/wp-json\/wp\/v2\/media?parent=272979"}],"wp:term":[{"taxonomy":"category","embeddable":true,"href":"https:\/\/www.europesays.com\/fr\/wp-json\/wp\/v2\/categories?post=272979"},{"taxonomy":"post_tag","embeddable":true,"href":"https:\/\/www.europesays.com\/fr\/wp-json\/wp\/v2\/tags?post=272979"}],"curies":[{"name":"wp","href":"https:\/\/api.w.org\/{rel}","templated":true}]}}