{"id":272981,"date":"2025-07-25T14:39:31","date_gmt":"2025-07-25T14:39:31","guid":{"rendered":"https:\/\/www.europesays.com\/fr\/272981\/"},"modified":"2025-07-25T14:39:31","modified_gmt":"2025-07-25T14:39:31","slug":"lirlande-un-clin-doeil-a-lautre-peuple-vert","status":"publish","type":"post","link":"https:\/\/www.europesays.com\/fr\/272981\/","title":{"rendered":"l&rsquo;Irlande \u00ab un clin d\u2019\u0153il \u00e0 l\u2019autre peuple vert\u00a0\u00bb"},"content":{"rendered":"<p>Apr\u00e8s les \u00eeles du Pacifique en 2023 et le Japon l\u2019ann\u00e9e derni\u00e8re, c\u2019est aux couleurs de l\u2019Irlande que s\u2019affichera la 76e \u00e9dition de la Foire de Saint-\u00c9tienne du 19 au 29\u00a0septembre prochains. Pourquoi\u00a0? \u00ab\u00a0C\u2019est un clin d\u2019\u0153il \u00e0 l\u2019autre peuple vert\u00a0\u00bb, sourit Mika\u00ebl Henriot, directeur g\u00e9n\u00e9ral de Saint-\u00c9tienne Events, organisateur de l\u2019\u00e9v\u00e9nement.<\/p>\n<p>Et puis, surtout, la destination collait bien \u00e0 l\u2019impulsion qu\u2019il souhaitait donner \u00e0 l\u2019\u00e9v\u00e9nement\u00a0: une coloration plus festive encore, plus conviviale.<\/p>\n<p>  Une exposition de 1\u00a0000 m\u00b2 pour partir \u00e0 la d\u00e9couverte de l\u2019Irlande et de ses l\u00e9gendes<\/p>\n<p>La traditionnelle exposition de la Foire sera donc consacr\u00e9e \u00e0 l\u2019Irlande, sur plus de 1\u00a0000 m\u00b2, avec une proposition immersive. Au menu, une d\u00e9ambulation sc\u00e9nographi\u00e9e pour transporter les petits et grands visiteurs au travers des l\u00e9gendes celtiques, avec des cr\u00e9atures fantastiques et de personnages embl\u00e9matiques comme Merlin l\u2019enchanteur, des druides et des sorci\u00e8res.<\/p>\n<p>\u00ab\u00a0Nous aurons aussi un espace Harry Potter et un espace Les Animaux fantastiques. Et puis, un dragon anim\u00e9 sera pr\u00e9sent ainsi qu\u2019un dragonnier qui viendra raconter des histoires\u00a0\u00bb, souffle, sans trop vouloir en dire, le directeur de la Foire.<\/p>\n<p>De la musique irlandaise viendra parfaire l\u2019ensemble pour un voyage de quelques heures en terre irlandaise.<\/p>\n<p>  Quatre univers d\u2019\u00e9quipements, une halle gourmande et une guinguette<\/p>\n<p>En ce qui concerne le reste de la Foire, c\u2019est-\u00e0-dire l\u2019essentiel des surfaces, l\u2019ensemble a \u00e9t\u00e9 imagin\u00e9 pour r\u00e9pondre \u00e0 trois piliers principaux\u00a0: s\u2019\u00e9quiper, d\u00e9guster et s\u2019amuser.<\/p>\n<p>250 exposants environ devraient \u00eatre pr\u00e9sents autour de quatre univers\u00a0: l\u2019habitat et le jardin, l\u2019artisanat, le tourisme\/sport\/loisirs et enfin la mode\/beaut\u00e9\/bien-\u00eatre. \u00ab\u00a0Nous avons d\u00e9cid\u00e9 de renforcer cette ann\u00e9e l\u2019espace d\u00e9di\u00e9 au tourisme et aux loisirs et de cr\u00e9er un espace sp\u00e9cifique autour de la d\u00e9tente et l\u2019\u00e9panouissement personnel\u00a0\u00bb, pr\u00e9cise Mika\u00ebl Henriot.<\/p>\n<p>C\u00f4t\u00e9 gastronomie, l\u2019ancienne \u00ab\u00a0all\u00e9e gourmande\u00a0\u00bb fait place \u00e0 \u00ab\u00a0la halle gourmande\u00a0\u00bb avec encore plus de d\u00e9gustations et de produits.<\/p>\n<p>Cette offre sera compl\u00e9t\u00e9e par plusieurs restaurants et par une guinguette dans la cour int\u00e9rieure pens\u00e9e comme un food court\u00a0: plusieurs food trucks mais avec la possibilit\u00e9 pour une famille ou un groupe de se servir dans plusieurs d\u2019entre eux tout en partageant n\u00e9anmoins la m\u00eame table. Deux nocturnes seront propos\u00e9es avec animations musicales.<\/p>\n","protected":false},"excerpt":{"rendered":"Apr\u00e8s les \u00eeles du Pacifique en 2023 et le Japon l\u2019ann\u00e9e derni\u00e8re, c\u2019est aux couleurs de l\u2019Irlande que&hellip;\n","protected":false},"author":2,"featured_media":272982,"comment_status":"","ping_status":"","sticky":false,"template":"","format":"standard","meta":{"footnotes":""},"categories":[9653],"tags":[1111,11,2430,4406,33,7539,1777,674,1011,27,3367,12,25,4001,7538],"class_list":{"0":"post-272981","1":"post","2":"type-post","3":"status-publish","4":"format-standard","5":"has-post-thumbnail","7":"category-saint-etienne","8":"tag-actu","9":"tag-actualites","10":"tag-auvergne-rhone-alpes","11":"tag-commerce-et-services","12":"tag-economie","13":"tag-edition-loire-sud","14":"tag-eu","15":"tag-europe","16":"tag-fr","17":"tag-france","18":"tag-loire","19":"tag-news","20":"tag-republique-francaise","21":"tag-saint-etienne","22":"tag-saint-etienne-ville"},"share_on_mastodon":{"url":"https:\/\/pubeurope.com\/@fr\/114914391803832983","error":""},"_links":{"self":[{"href":"https:\/\/www.europesays.com\/fr\/wp-json\/wp\/v2\/posts\/272981","targetHints":{"allow":["GET"]}}],"collection":[{"href":"https:\/\/www.europesays.com\/fr\/wp-json\/wp\/v2\/posts"}],"about":[{"href":"https:\/\/www.europesays.com\/fr\/wp-json\/wp\/v2\/types\/post"}],"author":[{"embeddable":true,"href":"https:\/\/www.europesays.com\/fr\/wp-json\/wp\/v2\/users\/2"}],"replies":[{"embeddable":true,"href":"https:\/\/www.europesays.com\/fr\/wp-json\/wp\/v2\/comments?post=272981"}],"version-history":[{"count":0,"href":"https:\/\/www.europesays.com\/fr\/wp-json\/wp\/v2\/posts\/272981\/revisions"}],"wp:featuredmedia":[{"embeddable":true,"href":"https:\/\/www.europesays.com\/fr\/wp-json\/wp\/v2\/media\/272982"}],"wp:attachment":[{"href":"https:\/\/www.europesays.com\/fr\/wp-json\/wp\/v2\/media?parent=272981"}],"wp:term":[{"taxonomy":"category","embeddable":true,"href":"https:\/\/www.europesays.com\/fr\/wp-json\/wp\/v2\/categories?post=272981"},{"taxonomy":"post_tag","embeddable":true,"href":"https:\/\/www.europesays.com\/fr\/wp-json\/wp\/v2\/tags?post=272981"}],"curies":[{"name":"wp","href":"https:\/\/api.w.org\/{rel}","templated":true}]}}