{"id":272983,"date":"2025-07-25T14:40:12","date_gmt":"2025-07-25T14:40:12","guid":{"rendered":"https:\/\/www.europesays.com\/fr\/272983\/"},"modified":"2025-07-25T14:40:12","modified_gmt":"2025-07-25T14:40:12","slug":"le-groupe-ulysse-prendra-le-relais-de-synerghip-liquidee","status":"publish","type":"post","link":"https:\/\/www.europesays.com\/fr\/272983\/","title":{"rendered":"le groupe Ulysse prendra le relais de Synerghip, liquid\u00e9e"},"content":{"rendered":"<p>Le nouveau prestataire pour le transport \u00e0 la demande sur la m\u00e9tropole, a \u00e9t\u00e9 trouv\u00e9\u00a0: le groupe Ulysse Transport, bas\u00e9 \u00e0 Nice et d\u00e9j\u00e0 pr\u00e9sent dans plusieurs r\u00e9gions fran\u00e7aises, prendra en effet la succession de la soci\u00e9t\u00e9 Synerghip Grand Est.<\/p>\n<p>Cette derni\u00e8re, jusqu\u2019alors sous-traitante pour Keolis Grand Nancy, avait \u00e9t\u00e9 plac\u00e9e en redressement d\u00e9but janvier puis liquid\u00e9e le 10\u00a0juillet par d\u00e9cision du Tribunal des affaires \u00e9conomiques. Les juges ayant <a href=\"https:\/\/www.estrepublicain.fr\/societe\/2025\/07\/11\/personnes-handicapees-chargee-de-leur-transport-la-societe-synergihp-sera-liquidee\" target=\"_blank\" rel=\"noopener\">act\u00e9 la liquidation au 1er \u00a0ao\u00fbt,<\/a> Synerghip doit donc encore assurer ses services de transport \u00e0 la demande (Handistan pour les personnes \u00e0 mobilit\u00e9 r\u00e9duite, et Resago Matin pour les trajets tr\u00e8s t\u00f4t le matin) jusqu\u2019\u00e0 ce jeudi 31\u00a0juillet inclus, mais ensuite, Keolis et la M\u00e9tropole du Grand Nancy, qui \u00e9taient mis en qu\u00eate d\u2019une solution de secours, s\u2019en remettront donc \u00e0 Ulysse.<\/p>\n<p>  M\u00eames num\u00e9ros de t\u00e9l\u00e9phone<\/p>\n<p>Cette entreprise ni\u00e7oise, qui avait d\u2019ailleurs, dans un premier temps, <a href=\"https:\/\/www.estrepublicain.fr\/societe\/2025\/05\/19\/synerghip-deux-offres-de-reprise-et-continuite-assuree-pour-le-transport-adapte-handistan\" target=\"_blank\" rel=\"noopener\">candidat\u00e9 comme repreneur aupr\u00e8s du tribunal des affaires \u00e9conomiques,<\/a> devrait commencer \u00e0 fonctionner ici avec sa propre flotte de v\u00e9hicules, d\u2019autres minibus adapt\u00e9s pouvant \u00e9galement \u00eatre mis \u00e0 disposition par le Grand Nancy.<\/p>\n<p>Pour les usagers de ces services, \u00ab\u00a0rien ne change\u00a0\u00bb, pr\u00e9cise Keolis Grand Nancy\u00a0; toutes les r\u00e9servations d\u00e9j\u00e0 effectu\u00e9es pour des voyages, avant ou apr\u00e8s le 31\u00a0juillet, restent valables, et les num\u00e9ros de t\u00e9l\u00e9phone pour r\u00e9server ou s\u2019informer restent les m\u00eames (03\u00a083\u00a051\u00a005\u00a043 pour Handistan, et 03\u00a083\u00a030\u00a008\u00a008 pour Resago Matin).<\/p>\n<p>Quant aux salari\u00e9s de Synerghip Grand Est (une trentaine d\u2019\u00e9quivalents temps plein), ils devaient \u00eatre prioritaires pour int\u00e9grer Ulysse.<\/p>\n<p>Pr\u00e9sent\u00e9e comme la premi\u00e8re entreprise de transport et d\u2019accompagnement de personnes \u00e0 mobilit\u00e9 r\u00e9duite, Ulysse Transport a \u00e9t\u00e9 fond\u00e9e en 1996 par Franck Vialle. C\u2019est apr\u00e8s avoir \u00e9t\u00e9 victime d\u2019un accident de la route le laissant parapl\u00e9gique que l\u2019homme a d\u00e9cid\u00e9 de fonder une soci\u00e9t\u00e9 de transport sp\u00e9cifiquement d\u00e9di\u00e9e aux personnes en fauteuil roulant.<\/p>\n","protected":false},"excerpt":{"rendered":"Le nouveau prestataire pour le transport \u00e0 la demande sur la m\u00e9tropole, a \u00e9t\u00e9 trouv\u00e9\u00a0: le groupe Ulysse&hellip;\n","protected":false},"author":2,"featured_media":272984,"comment_status":"","ping_status":"","sticky":false,"template":"","format":"standard","meta":{"footnotes":""},"categories":[9635],"tags":[1111,11,1704,1777,674,1011,27,775,1702,1703,12,25,2803],"class_list":{"0":"post-272983","1":"post","2":"type-post","3":"status-publish","4":"format-standard","5":"has-post-thumbnail","7":"category-nancy","8":"tag-actu","9":"tag-actualites","10":"tag-edition-nancy-et-agglomeration","11":"tag-eu","12":"tag-europe","13":"tag-fr","14":"tag-france","15":"tag-grand-est","16":"tag-nancy","17":"tag-nancy-ville-54b","18":"tag-news","19":"tag-republique-francaise","20":"tag-transport"},"share_on_mastodon":{"url":"https:\/\/pubeurope.com\/@fr\/114914395591895106","error":""},"_links":{"self":[{"href":"https:\/\/www.europesays.com\/fr\/wp-json\/wp\/v2\/posts\/272983","targetHints":{"allow":["GET"]}}],"collection":[{"href":"https:\/\/www.europesays.com\/fr\/wp-json\/wp\/v2\/posts"}],"about":[{"href":"https:\/\/www.europesays.com\/fr\/wp-json\/wp\/v2\/types\/post"}],"author":[{"embeddable":true,"href":"https:\/\/www.europesays.com\/fr\/wp-json\/wp\/v2\/users\/2"}],"replies":[{"embeddable":true,"href":"https:\/\/www.europesays.com\/fr\/wp-json\/wp\/v2\/comments?post=272983"}],"version-history":[{"count":0,"href":"https:\/\/www.europesays.com\/fr\/wp-json\/wp\/v2\/posts\/272983\/revisions"}],"wp:featuredmedia":[{"embeddable":true,"href":"https:\/\/www.europesays.com\/fr\/wp-json\/wp\/v2\/media\/272984"}],"wp:attachment":[{"href":"https:\/\/www.europesays.com\/fr\/wp-json\/wp\/v2\/media?parent=272983"}],"wp:term":[{"taxonomy":"category","embeddable":true,"href":"https:\/\/www.europesays.com\/fr\/wp-json\/wp\/v2\/categories?post=272983"},{"taxonomy":"post_tag","embeddable":true,"href":"https:\/\/www.europesays.com\/fr\/wp-json\/wp\/v2\/tags?post=272983"}],"curies":[{"name":"wp","href":"https:\/\/api.w.org\/{rel}","templated":true}]}}