{"id":272985,"date":"2025-07-25T14:42:40","date_gmt":"2025-07-25T14:42:40","guid":{"rendered":"https:\/\/www.europesays.com\/fr\/272985\/"},"modified":"2025-07-25T14:42:40","modified_gmt":"2025-07-25T14:42:40","slug":"grand-nancy-tintin-le-phallus-de-titan-va-souvrir-pas-rare-mais-rarissime","status":"publish","type":"post","link":"https:\/\/www.europesays.com\/fr\/272985\/","title":{"rendered":"Grand Nancy. Tintin, le phallus de Titan va s\u2019ouvrir\u00a0: pas rare, mais rarissime\u00a0!"},"content":{"rendered":"<p>Il grandit. Chaque jour un peu plus. Ce vendredi matin, il a atteint 1,88\u00a0m, ajoutant en une nuit 4\u00a0cm \u00e0 son gigantisme. Gigantisme qui fait justement l\u2019une des singularit\u00e9s de l\u2019amorphophallus titanum, que tout le monde conna\u00eet d\u00e9sormais dans la r\u00e9gion comme le phallus ou p\u00e9nis de Titan.<\/p>\n<p>C\u2019est que Tintin (\u00e7a, c\u2019est pour son petit nom familier) est c\u00e9l\u00e8bre&#8230;<\/p>\n","protected":false},"excerpt":{"rendered":"Il grandit. Chaque jour un peu plus. Ce vendredi matin, il a atteint 1,88\u00a0m, ajoutant en une nuit&hellip;\n","protected":false},"author":2,"featured_media":272986,"comment_status":"","ping_status":"","sticky":false,"template":"","format":"standard","meta":{"footnotes":""},"categories":[9635],"tags":[1111,11,1704,436,1777,674,1011,27,775,1757,1702,1703,12,25,767],"class_list":{"0":"post-272985","1":"post","2":"type-post","3":"status-publish","4":"format-standard","5":"has-post-thumbnail","7":"category-nancy","8":"tag-actu","9":"tag-actualites","10":"tag-edition-nancy-et-agglomeration","11":"tag-environnement","12":"tag-eu","13":"tag-europe","14":"tag-fr","15":"tag-france","16":"tag-grand-est","17":"tag-insolite","18":"tag-nancy","19":"tag-nancy-ville-54b","20":"tag-news","21":"tag-republique-francaise","22":"tag-science-et-technologie"},"share_on_mastodon":{"url":"https:\/\/pubeurope.com\/@fr\/114914403522652969","error":""},"_links":{"self":[{"href":"https:\/\/www.europesays.com\/fr\/wp-json\/wp\/v2\/posts\/272985","targetHints":{"allow":["GET"]}}],"collection":[{"href":"https:\/\/www.europesays.com\/fr\/wp-json\/wp\/v2\/posts"}],"about":[{"href":"https:\/\/www.europesays.com\/fr\/wp-json\/wp\/v2\/types\/post"}],"author":[{"embeddable":true,"href":"https:\/\/www.europesays.com\/fr\/wp-json\/wp\/v2\/users\/2"}],"replies":[{"embeddable":true,"href":"https:\/\/www.europesays.com\/fr\/wp-json\/wp\/v2\/comments?post=272985"}],"version-history":[{"count":0,"href":"https:\/\/www.europesays.com\/fr\/wp-json\/wp\/v2\/posts\/272985\/revisions"}],"wp:featuredmedia":[{"embeddable":true,"href":"https:\/\/www.europesays.com\/fr\/wp-json\/wp\/v2\/media\/272986"}],"wp:attachment":[{"href":"https:\/\/www.europesays.com\/fr\/wp-json\/wp\/v2\/media?parent=272985"}],"wp:term":[{"taxonomy":"category","embeddable":true,"href":"https:\/\/www.europesays.com\/fr\/wp-json\/wp\/v2\/categories?post=272985"},{"taxonomy":"post_tag","embeddable":true,"href":"https:\/\/www.europesays.com\/fr\/wp-json\/wp\/v2\/tags?post=272985"}],"curies":[{"name":"wp","href":"https:\/\/api.w.org\/{rel}","templated":true}]}}