{"id":272987,"date":"2025-07-25T14:43:16","date_gmt":"2025-07-25T14:43:16","guid":{"rendered":"https:\/\/www.europesays.com\/fr\/272987\/"},"modified":"2025-07-25T14:43:16","modified_gmt":"2025-07-25T14:43:16","slug":"le-pradet-devoile-le-futur-visage-du-port-des-oursinieres","status":"publish","type":"post","link":"https:\/\/www.europesays.com\/fr\/272987\/","title":{"rendered":"Le Pradet d\u00e9voile le futur visage du Port des Oursini\u00e8res"},"content":{"rendered":"<p>                    <img loading=\"lazy\" decoding=\"async\" src=\"https:\/\/www.europesays.com\/fr\/wp-content\/uploads\/2025\/07\/8d0afaab2cd2cbb4a5a29075eb9097.jpg\" class=\"img-responsive post-image\" width=\"680\" height=\"510\" alt=\"Le Pradet d\u00e9voile le (\u2026)\" title=\"Le Pradet d\u00e9voile le futur visage du Port des Oursini\u00e8res\"\/><\/p>\n<p class=\"chapo\">Les \u00e9lus ont r\u00e9uni les habitants, les plaisanciers et les riverains pour pr\u00e9senter le projet de requalification du Port des Oursini\u00e8res.<\/p>\n<p>Devant une salle comble, Herv\u00e9 Stassinos, le maire, accompagn\u00e9 de l\u2019architecte en charge du dossier, a lev\u00e9 le voile sur les grandes lignes d\u2019un projet ambitieux et n\u00e9cessaire.<\/p>\n<p>Ce projet de transformation est le fruit d\u2019un travail de concertation men\u00e9 avec les usagers du port et les habitants du quartier. L\u2019objectif est de concilier la s\u00e9curit\u00e9, le respect des usages et la valorisation du patrimoine naturel, proven\u00e7al et familial du site. Lors de la r\u00e9union, de nombreuses questions ont \u00e9t\u00e9 pos\u00e9es par le public. Le maire et l\u2019architecte y ont r\u00e9pondu avec transparence, pr\u00e9cisant que le projet est encore amen\u00e9 \u00e0 \u00e9voluer pour tenir compte des attentes et remarques des citoyens. L\u2019ensemble a re\u00e7u un accueil favorable.<\/p>\n<p>Le premier magistrat a soulign\u00e9 la<strong> nature imp\u00e9rative de ces travaux\u00a0: <\/strong> \u00ab\u00a0 Ce qu\u2019il faut noter en priorit\u00e9, c\u2019est bien que ces travaux soient obligatoires. Il s\u2019agit de travaux de s\u00e9curisation et de mise en conformit\u00e9 des digues et des quais pour lutter contre le risque de submersion marine, avec notamment le renforcement de la digue et le remodelage du musoir\u00a0\u00bb, a d\u00e9clar\u00e9 Herv\u00e9 Stassinos.<\/p>\n<p>L\u2019\u00e9lu a ajout\u00e9\u00a0: \u00ab\u00a0Nous en profiterons \u00e9galement pour embellir ce petit port en pr\u00e9servant son cachet proven\u00e7al et son esprit familial\u00a0\u00bb.<\/p>\n<p>LES GRANDS AXES DU PROJET<\/p>\n<p>Le projet de requalification repose sur plusieurs piliers, visant \u00e0 pr\u00e9server l\u2019identit\u00e9 du site tout en l\u2019adaptant aux d\u00e9fis contemporains. Il doit permettre la valorisation des usages du port (plaisance, navigation, s\u00e9curit\u00e9) la s\u00e9curisation du plan d\u2019eau et de la zone de baignade. Le projet promeut la pr\u00e9servation de l\u2019esprit familial de la plage des Oursini\u00e8res tandis que le r\u00e9am\u00e9nagement du port se fera dans un esprit d\u2019apaisement. Les travaux vont conduire \u00e0 d\u00e9placer la Capitainerie pour \u00ab\u00a0rendre la mer \u00e0 la mer\u00a0\u00bb et \u00e0 cr\u00e9er des \u00eelots de fra\u00eecheur, de la v\u00e9g\u00e9talisation et de l\u2019ombrage naturel. La ville a programm\u00e9 \u00e9galement un am\u00e9nagement d\u2019une promenade pi\u00e9tonne conviviale et s\u00e9curis\u00e9e, l\u2019installation de stationnements v\u00e9los et deux-roues et la mise en place de parkings PMR et bornes pour v\u00e9hicules \u00e9lectriques. Enfin, le projet d\u00e9fend une pr\u00e9servation de l\u2019esth\u00e9tique proven\u00e7ale du port et assure le maintien du nom de la<strong> Capitainerie \u00ab\u00a0Pierre S\u00e9gony\u00a0\u00bb.<\/strong><\/p>\n<p>Par ailleurs, la Municipalit\u00e9 s\u2019engage \u00e0 conserver plusieurs infrastructures et traditions essentielles \u00e0 la vie locale et notamment le nombre de places de bateau inchang\u00e9, mais tous seront s\u00e9curis\u00e9s face aux houles d\u2019hiver, une m\u00eame surface de places de parking. Ainsi encore, la cale de mise \u00e0 l\u2019eau est conserv\u00e9e tout comme les terrains de p\u00e9tanque ainsi que l\u2019aire de car\u00e9nage, l\u2019accessibilit\u00e9 PMR \u00e0 la plage et le maintien de la traditionnelle F\u00eate de la Saint-Pierre.<\/p>\n<p>Photo de Une \u00a9PRESSE AGENCE.<\/p>\n","protected":false},"excerpt":{"rendered":"Les \u00e9lus ont r\u00e9uni les habitants, les plaisanciers et les riverains pour pr\u00e9senter le projet de requalification du&hellip;\n","protected":false},"author":2,"featured_media":272988,"comment_status":"","ping_status":"","sticky":false,"template":"","format":"standard","meta":{"footnotes":""},"categories":[9619],"tags":[1111,11,2408,1777,674,1011,27,12,882,25,2310],"class_list":{"0":"post-272987","1":"post","2":"type-post","3":"status-publish","4":"format-standard","5":"has-post-thumbnail","7":"category-toulon","8":"tag-actu","9":"tag-actualites","10":"tag-appels-d","11":"tag-eu","12":"tag-europe","13":"tag-fr","14":"tag-france","15":"tag-news","16":"tag-provence-alpes-cote-dazur","17":"tag-republique-francaise","18":"tag-toulon"},"share_on_mastodon":{"url":"https:\/\/pubeurope.com\/@fr\/114914407710540768","error":""},"_links":{"self":[{"href":"https:\/\/www.europesays.com\/fr\/wp-json\/wp\/v2\/posts\/272987","targetHints":{"allow":["GET"]}}],"collection":[{"href":"https:\/\/www.europesays.com\/fr\/wp-json\/wp\/v2\/posts"}],"about":[{"href":"https:\/\/www.europesays.com\/fr\/wp-json\/wp\/v2\/types\/post"}],"author":[{"embeddable":true,"href":"https:\/\/www.europesays.com\/fr\/wp-json\/wp\/v2\/users\/2"}],"replies":[{"embeddable":true,"href":"https:\/\/www.europesays.com\/fr\/wp-json\/wp\/v2\/comments?post=272987"}],"version-history":[{"count":0,"href":"https:\/\/www.europesays.com\/fr\/wp-json\/wp\/v2\/posts\/272987\/revisions"}],"wp:featuredmedia":[{"embeddable":true,"href":"https:\/\/www.europesays.com\/fr\/wp-json\/wp\/v2\/media\/272988"}],"wp:attachment":[{"href":"https:\/\/www.europesays.com\/fr\/wp-json\/wp\/v2\/media?parent=272987"}],"wp:term":[{"taxonomy":"category","embeddable":true,"href":"https:\/\/www.europesays.com\/fr\/wp-json\/wp\/v2\/categories?post=272987"},{"taxonomy":"post_tag","embeddable":true,"href":"https:\/\/www.europesays.com\/fr\/wp-json\/wp\/v2\/tags?post=272987"}],"curies":[{"name":"wp","href":"https:\/\/api.w.org\/{rel}","templated":true}]}}