{"id":272989,"date":"2025-07-25T14:44:26","date_gmt":"2025-07-25T14:44:26","guid":{"rendered":"https:\/\/www.europesays.com\/fr\/272989\/"},"modified":"2025-07-25T14:44:26","modified_gmt":"2025-07-25T14:44:26","slug":"escale-casabianca-pour-la-defense-inauguree-a-toulon","status":"publish","type":"post","link":"https:\/\/www.europesays.com\/fr\/272989\/","title":{"rendered":"Escale Casabianca pour la D\u00e9fense, inaugur\u00e9e \u00e0 Toulon !"},"content":{"rendered":"<p>\t\t\t\t\t\t\t\t<strong>Un lieu strat\u00e9gique au c\u0153ur de Toulon<\/strong><\/p>\n<p class=\"ai-optimize-7 ai-optimize-introduction\">L\u2019\u00e9tablissement succ\u00e8de \u00e0 l\u2019ancienne Escale Louvois, ferm\u00e9e pour r\u00e9novation. \u00c0 quelques minutes seulement de la gare SNCF et du centre-ville, sa superficie d\u00e9passe d\u00e9sormais 10 000 m\u00b2. L\u2019Escale Casabianca compte \u00e0 pr\u00e9sent 100 chambres, dont 5 Premium. Plusieurs espaces modernes compl\u00e8tent cette offre d\u2019h\u00e9bergement.<\/p>\n<p><img loading=\"lazy\" decoding=\"async\" class=\" wp-image-55303\" src=\"https:\/\/www.europesays.com\/fr\/wp-content\/uploads\/2025\/07\/Escale-Casabianca-a-Toulon-inauguree_info83.jpg\" alt=\"Escale Casabianca Toulon_info83\" width=\"703\" height=\"393\"  \/>De gauche \u00e0 droite : Hugues de LA GIRAUDIERE Directeur ge\u0301ne\u0301ral de l\u2019IGESA, Christophe LUCAS pr\u00e9fet maritime de la M\u00e9diterran\u00e9e, Christophe MAURIET Secre\u0301taire ge\u0301ne\u0301ral pour l\u2019Administration des Arm\u00e9e et C\u00e9dric GOBILLIARD pr\u00e9sident du Conseil de gestion de l\u2019Igesa, ont coup\u00e9 le ruban de l\u2019Escale Casabianca.<br \/>\n<strong>Des services pens\u00e9s pour tous<\/strong><\/p>\n<p class=\"ai-optimize-9\">L\u2019Escale Casabianca propose une salle de petit-d\u00e9jeuner conviviale et accueillante. Les visiteurs disposent aussi d\u2019un espace fitness gratuit. Pour plus de confort, un sauna et une salle de massage sont disponibles. De nombreux espaces de travail, adapt\u00e9s \u00e0 diff\u00e9rents besoins professionnels, facilitent les \u00e9changes et les r\u00e9unions.<\/p>\n<p><strong>Espaces de travail et technologie moderne<\/strong><\/p>\n<p class=\"ai-optimize-11\">Un espace cr\u00e9ativit\u00e9 de 25 places est pr\u00e9vu avec canap\u00e9s et \u00e9crans connect\u00e9s. Pour les formations, une salle \u00e9quip\u00e9e de mat\u00e9riel audiovisuel moderne accueille jusqu\u2019\u00e0 35 personnes. Une salle de visioconf\u00e9rence de 150 places permet la tenue de grands \u00e9v\u00e9nements en direct. Enfin, une salle de conseil de 30 places est r\u00e9serv\u00e9e aux r\u00e9unions strat\u00e9giques.<\/p>\n<p><img loading=\"lazy\" decoding=\"async\" class=\" wp-image-55313\" src=\"https:\/\/www.europesays.com\/fr\/wp-content\/uploads\/2025\/07\/Coursives-desservant-les-chambres-de-lEsale-Casabianca_info83-683x1024.jpg\" alt=\"Escale Casabianca_info83\" width=\"433\" height=\"649\"  \/>les coursives desservant les 100 chambres de l\u2019Escale Casabianca<br \/>\n<img loading=\"lazy\" decoding=\"async\" class=\" wp-image-55314\" src=\"https:\/\/www.europesays.com\/fr\/wp-content\/uploads\/2025\/07\/Une-des-100-chambres-de-lEscale-Casabianca_info83.jpg\" alt=\"Une-des-100-chambres-de-lEscale-Casabianca_info83\" width=\"453\" height=\"302\"  \/>Une des 100 chambres de l\u2019Escale Casabianca<br \/>\n<strong>Un lieu charg\u00e9 d\u2019histoire et d\u2019avenir<\/strong><\/p>\n<p class=\"ai-optimize-13\">Le nouveau nom rend hommage au sous-marin Casabianca, c\u00e9l\u00e8bre pour son r\u00f4le historique. Le bar porte le nom de Jean L\u2019Herminier, commandant du sous-marin lors de la Seconde Guerre mondiale. D\u00e8s septembre 2025, un restaurant proposant une cuisine r\u00e9gionale \u00e0 base de produits locaux ouvrira ses portes.<\/p>\n<p class=\"ai-optimize-15\">Avec l\u2019<a href=\"https:\/\/www.igesa.fr\/decouvrez-les-actualites-igesa\/actualites\/changement-de-cap-pour-lescale-louvois-de-toulon\" target=\"_blank\" rel=\"noopener nofollow\">Escale Casabianca<\/a>, l\u2019IGESA propose d\u00e9sormais un lieu moderne, accessible et convivial. Un espace strat\u00e9gique pour renforcer les liens au sein de la plus grande base navale d\u2019Europe.<\/p>\n<p>A lire aussi<\/p>\n<p class=\"ai-optimize-10\"><a href=\"https:\/\/www.info83.fr\/la-valette-du-var-au-domaine-des-gueules-cassees-la-future-maison-athos-sort-de-terre\/\" target=\"_blank\" rel=\"noopener nofollow\">La Valette-du-Var : au Domaine des Gueules Cass\u00e9es, la future maison ATHOS sort de terre<\/a><\/p>\n<p class=\"ai-optimize-6\"><strong><img decoding=\"async\" class=\"emoji\" role=\"img\" draggable=\"false\" src=\"https:\/\/s.w.org\/images\/core\/emoji\/14.0.0\/svg\/1f538.svg\" alt=\"\ud83d\udd38\" data-pin-no-hover=\"true\"\/>Info83, le Var proche de vous !<br \/><\/strong><\/p>\n<p class=\"ai-optimize-7\"><img decoding=\"async\" class=\"emoji\" role=\"img\" draggable=\"false\" src=\"https:\/\/s.w.org\/images\/core\/emoji\/14.0.0\/svg\/27a1.svg\" alt=\"\u27a1\ufe0f\" data-pin-no-hover=\"true\"\/>\u00a0<a href=\"https:\/\/bit.ly\/2OZZMMK\" target=\"_blank\" rel=\"noopener noreferrer nofollow\">Facebook Info83<\/a><\/p>\n<p class=\"ai-optimize-8\"><img decoding=\"async\" class=\"emoji\" role=\"img\" draggable=\"false\" src=\"https:\/\/s.w.org\/images\/core\/emoji\/14.0.0\/svg\/27a1.svg\" alt=\"\u27a1\ufe0f\" data-pin-no-hover=\"true\"\/>\u00a0<a href=\"https:\/\/bit.ly\/2ONkTC9\" target=\"_blank\" rel=\"noopener noreferrer nofollow\">Youtube Info83<\/a><\/p>\n<p>\u00a0<\/p>\n","protected":false},"excerpt":{"rendered":"Un lieu strat\u00e9gique au c\u0153ur de Toulon L\u2019\u00e9tablissement succ\u00e8de \u00e0 l\u2019ancienne Escale Louvois, ferm\u00e9e pour r\u00e9novation. \u00c0 quelques&hellip;\n","protected":false},"author":2,"featured_media":272990,"comment_status":"","ping_status":"","sticky":false,"template":"","format":"standard","meta":{"footnotes":""},"categories":[9619],"tags":[1111,11,41242,554,41243,1777,674,1011,27,937,41244,567,12,882,25,2310,7506],"class_list":{"0":"post-272989","1":"post","2":"type-post","3":"status-publish","4":"format-standard","5":"has-post-thumbnail","7":"category-toulon","8":"tag-actu","9":"tag-actualites","10":"tag-casabianca","11":"tag-defense","12":"tag-escale-louvois","13":"tag-eu","14":"tag-europe","15":"tag-fr","16":"tag-france","17":"tag-histoire","18":"tag-igesa","19":"tag-marine-nationale","20":"tag-news","21":"tag-provence-alpes-cote-dazur","22":"tag-republique-francaise","23":"tag-toulon","24":"tag-var"},"share_on_mastodon":{"url":"https:\/\/pubeurope.com\/@fr\/114914411532728830","error":""},"_links":{"self":[{"href":"https:\/\/www.europesays.com\/fr\/wp-json\/wp\/v2\/posts\/272989","targetHints":{"allow":["GET"]}}],"collection":[{"href":"https:\/\/www.europesays.com\/fr\/wp-json\/wp\/v2\/posts"}],"about":[{"href":"https:\/\/www.europesays.com\/fr\/wp-json\/wp\/v2\/types\/post"}],"author":[{"embeddable":true,"href":"https:\/\/www.europesays.com\/fr\/wp-json\/wp\/v2\/users\/2"}],"replies":[{"embeddable":true,"href":"https:\/\/www.europesays.com\/fr\/wp-json\/wp\/v2\/comments?post=272989"}],"version-history":[{"count":0,"href":"https:\/\/www.europesays.com\/fr\/wp-json\/wp\/v2\/posts\/272989\/revisions"}],"wp:featuredmedia":[{"embeddable":true,"href":"https:\/\/www.europesays.com\/fr\/wp-json\/wp\/v2\/media\/272990"}],"wp:attachment":[{"href":"https:\/\/www.europesays.com\/fr\/wp-json\/wp\/v2\/media?parent=272989"}],"wp:term":[{"taxonomy":"category","embeddable":true,"href":"https:\/\/www.europesays.com\/fr\/wp-json\/wp\/v2\/categories?post=272989"},{"taxonomy":"post_tag","embeddable":true,"href":"https:\/\/www.europesays.com\/fr\/wp-json\/wp\/v2\/tags?post=272989"}],"curies":[{"name":"wp","href":"https:\/\/api.w.org\/{rel}","templated":true}]}}