{"id":273008,"date":"2025-07-25T14:55:13","date_gmt":"2025-07-25T14:55:13","guid":{"rendered":"https:\/\/www.europesays.com\/fr\/273008\/"},"modified":"2025-07-25T14:55:13","modified_gmt":"2025-07-25T14:55:13","slug":"nice-une-nouvelle-boutique-ouvre-sur-lavenue-jean-medecin-ce-que-lon-sait","status":"publish","type":"post","link":"https:\/\/www.europesays.com\/fr\/273008\/","title":{"rendered":"Nice. Une nouvelle boutique ouvre sur l&rsquo;avenue Jean-M\u00e9decin, ce que l&rsquo;on sait"},"content":{"rendered":"<p>            Par<br \/>\n        <strong><br \/>\n            <a href=\"https:\/\/actu.fr\/auteur\/ugo-maillard\" title=\"Consulter tous les articles de Ugo Maillard\" target=\"_blank\" rel=\"noopener\">Ugo Maillard<\/a><br \/>\n        <\/strong><\/p>\n<p>        Publi\u00e9 le<\/p>\n<p>            25 juil. 2025 \u00e0 14h27        <\/p>\n<p>Un nouveau venu dans le centre-ville. Rendez-vous \u00e0 10h ce samedi 26\u00a0juillet 2025 pour d\u00e9couvrir le premier magasin de <strong>Miniso<\/strong> \u00e0 Nice (<a href=\"https:\/\/actu.fr\/provence-alpes-cote-d-azur\/alpes-maritimes_06\" target=\"_blank\" rel=\"noopener\">Alpes-Maritimes<\/a>).<\/p>\n<p class=\" wall-content\">Cet enseigne qui commercialise des produits en tout genre ouvre un point de vente au 22 de l\u2019avenue Jean-M\u00e9decin.<\/p>\n<p>    <a href=\"https:\/\/www.google.com\/maps\/embed?pb=!1m18!1m12!1m3!1d2884.4850880966264!2d7.265793675905133!3d43.70046717109976!2m3!1f0!2f0!3f0!3m2!1i1024!2i768!4f13.1!3m3!1m2!1s0x12cddaa6fbedde93%3A0x2ca3d41f8c04ec37!2s22%20Av.%20Jean%20M%C3%A9decin%2C%2006000%20Nice!5e0!3m2!1sfr!2sfr!4v1753277317831!5m2!1sfr!2sfr\" title=\"Ouvrie le lien\" target=\"_blank\" rel=\"noopener\">Cliquez ici pour visualiser le contenu<\/a><\/p>\n<p class=\" wall-content\">Voici tout ce que l\u2019on sait.<\/p>\n<p>Une marque chinoise<\/p>\n<p class=\" wall-content\">In\u00e9dite \u00e0 <a href=\"https:\/\/actu.fr\/nice\/\" target=\"_blank\" rel=\"noopener\">Nice<\/a>, l\u2019enseigne chinoise Miniso poursuit son d\u00e9veloppement en France. Les points de vente qui proposent des produits allant des cosm\u00e9tiques aux jouets en passant par les ustensiles de cuisine sont de plus en plus nombreux en France.<\/p>\n<p class=\" wall-content\">Une boutique a r\u00e9cemment ouvert \u00e0 <a href=\"https:\/\/actu.fr\/marseille\/\" target=\"_blank\" rel=\"noopener\">Marseille<\/a>, la seule de la r\u00e9gion jusqu\u2019\u00e0 ce samedi. Au total, on d\u00e9nombre pr\u00e8s d\u2019une <strong>trentaine de boutiques<\/strong> Miniso dans l\u2019Hexagone.<\/p>\n<p class=\" wall-content\">L\u2019enseigne indique m\u00eame\u2009: \u00ab\u2009On a de jolies ouvertures pr\u00e9vues pour apr\u00e8s l\u2019\u00e9t\u00e9.\u2009\u00bb<\/p>\n<p>    <img   decoding=\"async\" loading=\"lazy\" src=\"https:\/\/www.europesays.com\/fr\/wp-content\/uploads\/2025\/07\/nice-miniso-boutique-960x640.png\" alt=\"L'enseigne est \u00e0 l'angle de Jean-M\u00e9decin et du boulevard Dubouchage.\" width=\"960\" height=\"640\"\/><br \/>\n    L\u2019enseigne est \u00e0 l\u2019angle de Jean-M\u00e9decin et du boulevard Dubouchage. (\u00a9Ugo Maillard \/ actu Nice)Des surprises pour l\u2019ouverture<\/p>\n<p class=\" wall-content\">Miniso annonce que des cadeaux et des bons d\u2019achat seront distribu\u00e9s \u00e0 certains clients.<\/p>\n<p>    <a href=\"https:\/\/www.facebook.com\/plugins\/post.php?href=https%3A%2F%2Fwww.facebook.com%2Fminisofrance%2Fposts%2Fpfbid0UzgXRyppZJBni4jC3G26dMPfi3FCUmaR845r4gH4zrT8ZnakkHE8EWUr7WVdrDk5l&amp;show_text=true&amp;width=350\" title=\"Ouvrie le lien\" target=\"_blank\" rel=\"noopener\">Cliquez ici pour visualiser le contenu<\/a><\/p>\n<p class=\" wall-content\">\u00c0 noter qu\u2019un DJ sera pr\u00e9sent durant une grande partie de cette journ\u00e9e d\u2019inauguration.<\/p>\n<p class=\" wall-content\">Suivez toute l\u2019actualit\u00e9 de vos villes et m\u00e9dias favoris en vous inscrivant \u00e0 <a href=\"https:\/\/moncompte.actu.fr\" title=\"D\u00e9couvez Mon Actu\" rel=\"nofollow noopener\" data-trk=\"{&quot;cta&quot;:{&quot;action&quot;:&quot;https:\\\/\\\/moncompte.actu.fr&quot;,&quot;category&quot;:&quot;mon compte&quot;,&quot;from&quot;:&quot;article footer&quot;,&quot;name&quot;:&quot;Mon actu&quot;,&quot;type&quot;:&quot;cta&quot;}}\" target=\"_blank\">Mon Actu<\/a>.<\/p>\n<ul class=\"ac-article-tag wall-content\">\n<li><a href=\"https:\/\/actu.fr\/tag\/commerce\" data-trk=\"{&quot;cta&quot;:{&quot;action&quot;:&quot;Commerce&quot;,&quot;category&quot;:&quot;tag&quot;,&quot;from&quot;:&quot;article footer&quot;,&quot;name&quot;:&quot;Commerce&quot;,&quot;type&quot;:&quot;cta&quot;}}\" target=\"_blank\" rel=\"noopener\">#Commerce<\/a><\/li>\n<li><a href=\"https:\/\/actu.fr\/tag\/nouveaux-commerces\" data-trk=\"{&quot;cta&quot;:{&quot;action&quot;:&quot;Nouveaux commerces&quot;,&quot;category&quot;:&quot;tag&quot;,&quot;from&quot;:&quot;article footer&quot;,&quot;name&quot;:&quot;Nouveaux commerces&quot;,&quot;type&quot;:&quot;cta&quot;}}\" target=\"_blank\" rel=\"noopener\">#Nouveaux commerces<\/a><\/li>\n<\/ul>\n","protected":false},"excerpt":{"rendered":"Par Ugo Maillard Publi\u00e9 le 25 juil. 2025 \u00e0 14h27 Un nouveau venu dans le centre-ville. Rendez-vous \u00e0&hellip;\n","protected":false},"author":2,"featured_media":273009,"comment_status":"","ping_status":"","sticky":false,"template":"","format":"standard","meta":{"footnotes":""},"categories":[2819],"tags":[1111,11,215,33,1777,674,1011,27,12,2401,3147,882,25],"class_list":{"0":"post-273008","1":"post","2":"type-post","3":"status-publish","4":"format-standard","5":"has-post-thumbnail","7":"category-nice","8":"tag-actu","9":"tag-actualites","10":"tag-commerce","11":"tag-economie","12":"tag-eu","13":"tag-europe","14":"tag-fr","15":"tag-france","16":"tag-news","17":"tag-nice","18":"tag-nouveaux-commerces","19":"tag-provence-alpes-cote-dazur","20":"tag-republique-francaise"},"share_on_mastodon":{"url":"https:\/\/pubeurope.com\/@fr\/114914454673359130","error":""},"_links":{"self":[{"href":"https:\/\/www.europesays.com\/fr\/wp-json\/wp\/v2\/posts\/273008","targetHints":{"allow":["GET"]}}],"collection":[{"href":"https:\/\/www.europesays.com\/fr\/wp-json\/wp\/v2\/posts"}],"about":[{"href":"https:\/\/www.europesays.com\/fr\/wp-json\/wp\/v2\/types\/post"}],"author":[{"embeddable":true,"href":"https:\/\/www.europesays.com\/fr\/wp-json\/wp\/v2\/users\/2"}],"replies":[{"embeddable":true,"href":"https:\/\/www.europesays.com\/fr\/wp-json\/wp\/v2\/comments?post=273008"}],"version-history":[{"count":0,"href":"https:\/\/www.europesays.com\/fr\/wp-json\/wp\/v2\/posts\/273008\/revisions"}],"wp:featuredmedia":[{"embeddable":true,"href":"https:\/\/www.europesays.com\/fr\/wp-json\/wp\/v2\/media\/273009"}],"wp:attachment":[{"href":"https:\/\/www.europesays.com\/fr\/wp-json\/wp\/v2\/media?parent=273008"}],"wp:term":[{"taxonomy":"category","embeddable":true,"href":"https:\/\/www.europesays.com\/fr\/wp-json\/wp\/v2\/categories?post=273008"},{"taxonomy":"post_tag","embeddable":true,"href":"https:\/\/www.europesays.com\/fr\/wp-json\/wp\/v2\/tags?post=273008"}],"curies":[{"name":"wp","href":"https:\/\/api.w.org\/{rel}","templated":true}]}}