{"id":273016,"date":"2025-07-25T14:59:10","date_gmt":"2025-07-25T14:59:10","guid":{"rendered":"https:\/\/www.europesays.com\/fr\/273016\/"},"modified":"2025-07-25T14:59:10","modified_gmt":"2025-07-25T14:59:10","slug":"ils-veulent-exploser-un-record-insolite-sur-les-quais-de-bordeaux-et-cest-pour-la-bonne-cause","status":"publish","type":"post","link":"https:\/\/www.europesays.com\/fr\/273016\/","title":{"rendered":"Ils veulent exploser un record insolite sur les quais de Bordeaux (et c&rsquo;est pour la bonne cause)"},"content":{"rendered":"<p>            Par<br \/>\n        <strong><br \/>\n            <a href=\"https:\/\/actu.fr\/auteur\/redaction-bordeaux\" title=\"Consulter tous les articles de R\u00e9daction Bordeaux\" target=\"_blank\" rel=\"noopener\">R\u00e9daction Bordeaux<\/a><br \/>\n        <\/strong><\/p>\n<p>        Publi\u00e9 le<\/p>\n<p>            25 juil. 2025 \u00e0 16h32        <\/p>\n<p>Samedi 13 septembre 2025, les <a href=\"https:\/\/actu.fr\/tag\/quais-de-bordeaux\" target=\"_blank\" rel=\"noopener\">quais de Bordeaux<\/a> accueilleront la treizi\u00e8me \u00e9dition de la Grande Course de Trottinettes. Et pour l\u2019occasion, les organisateurs veulent relever un d\u00e9fi insolite : battre le record de la <strong>plus grande course de trottinettes d\u2019Europe.<\/strong>\u00a0<\/p>\n<p class=\" wall-content\">L\u2019\u00e9v\u00e8nement aura lieu sur la placette de Munich, d\u00e8s 9h30. Il est <strong>gratuit, ouvert \u00e0 tous<\/strong> les enfants de 6 \u00e0 12 ans, et 100 % solidaire. \u00ab\u00a0Chaque participant trottinera sous les couleurs d\u2019une entreprise partenaire pour soutenir la lutte contre <a href=\"https:\/\/actu.fr\/tag\/cancer\" target=\"_blank\" rel=\"noopener\">les cancers<\/a> de l\u2019enfant\u00a0\u00bb, pr\u00e9cisent les organisateurs. Pour cette \u00e9dition 2025, plus de 400 enfants sont attendus \u00e0 Bordeaux.<\/p>\n<p>De nombreuses animations<\/p>\n<p class=\" wall-content\">Un village proposera des animations pour petits et grands : ateliers ludiques, parcours d\u2019initiation, d\u00e9guisements\u2026 Et pour soutenir les jeunes participants, la danseuse \u00e9toile Vanessa Feuillatte et d\u2019anciens <strong>joueurs du Top 14<\/strong> seront notamment pr\u00e9sents.\u00a0<\/p>\n<p class=\" wall-content\">Cr\u00e9\u00e9 il y a treize ans, l\u2019\u00e9v\u00e8nement s\u2019est multipli\u00e9 dans d\u2019autres villes du Sud-Ouest comme Toulouse, Bayonne ou le Passage d\u2019Agen. <strong>\u00ab\u00a0Plus de 200 000 euros de dons<\/strong> ont d\u00e9j\u00e0 \u00e9t\u00e9 r\u00e9colt\u00e9s\u00a0\u00bb au fil des ans.<\/p>\n<p>Pour s\u2019inscrire, de 6 \u00e0 12 ans, rendez-vous<a href=\"https:\/\/www.lagrandecoursedetrottinettes.fr\/bordeaux\/\" target=\"_blank\" rel=\"noopener\"> sur le site.<\/a><\/p>\n<p class=\" wall-content\">Suivez toute l\u2019actualit\u00e9 de vos villes et m\u00e9dias favoris en vous inscrivant \u00e0 <a href=\"https:\/\/moncompte.actu.fr\" title=\"D\u00e9couvez Mon Actu\" rel=\"nofollow noopener\" data-trk=\"{&quot;cta&quot;:{&quot;action&quot;:&quot;https:\\\/\\\/moncompte.actu.fr&quot;,&quot;category&quot;:&quot;mon compte&quot;,&quot;from&quot;:&quot;article footer&quot;,&quot;name&quot;:&quot;Mon actu&quot;,&quot;type&quot;:&quot;cta&quot;}}\" target=\"_blank\">Mon Actu<\/a>.<\/p>\n","protected":false},"excerpt":{"rendered":"Par R\u00e9daction Bordeaux Publi\u00e9 le 25 juil. 2025 \u00e0 16h32 Samedi 13 septembre 2025, les quais de Bordeaux&hellip;\n","protected":false},"author":2,"featured_media":273017,"comment_status":"","ping_status":"","sticky":false,"template":"","format":"standard","meta":{"footnotes":""},"categories":[2817],"tags":[1111,11,1997,1777,674,1011,27,1757,12,2219,12780,25,71],"class_list":{"0":"post-273016","1":"post","2":"type-post","3":"status-publish","4":"format-standard","5":"has-post-thumbnail","7":"category-bordeaux","8":"tag-actu","9":"tag-actualites","10":"tag-bordeaux","11":"tag-eu","12":"tag-europe","13":"tag-fr","14":"tag-france","15":"tag-insolite","16":"tag-news","17":"tag-nouvelle-aquitaine","18":"tag-quais-de-bordeaux","19":"tag-republique-francaise","20":"tag-sante"},"share_on_mastodon":{"url":"https:\/\/pubeurope.com\/@fr\/114914470392093829","error":""},"_links":{"self":[{"href":"https:\/\/www.europesays.com\/fr\/wp-json\/wp\/v2\/posts\/273016","targetHints":{"allow":["GET"]}}],"collection":[{"href":"https:\/\/www.europesays.com\/fr\/wp-json\/wp\/v2\/posts"}],"about":[{"href":"https:\/\/www.europesays.com\/fr\/wp-json\/wp\/v2\/types\/post"}],"author":[{"embeddable":true,"href":"https:\/\/www.europesays.com\/fr\/wp-json\/wp\/v2\/users\/2"}],"replies":[{"embeddable":true,"href":"https:\/\/www.europesays.com\/fr\/wp-json\/wp\/v2\/comments?post=273016"}],"version-history":[{"count":0,"href":"https:\/\/www.europesays.com\/fr\/wp-json\/wp\/v2\/posts\/273016\/revisions"}],"wp:featuredmedia":[{"embeddable":true,"href":"https:\/\/www.europesays.com\/fr\/wp-json\/wp\/v2\/media\/273017"}],"wp:attachment":[{"href":"https:\/\/www.europesays.com\/fr\/wp-json\/wp\/v2\/media?parent=273016"}],"wp:term":[{"taxonomy":"category","embeddable":true,"href":"https:\/\/www.europesays.com\/fr\/wp-json\/wp\/v2\/categories?post=273016"},{"taxonomy":"post_tag","embeddable":true,"href":"https:\/\/www.europesays.com\/fr\/wp-json\/wp\/v2\/tags?post=273016"}],"curies":[{"name":"wp","href":"https:\/\/api.w.org\/{rel}","templated":true}]}}