{"id":27302,"date":"2025-04-15T19:11:20","date_gmt":"2025-04-15T19:11:20","guid":{"rendered":"https:\/\/www.europesays.com\/fr\/27302\/"},"modified":"2025-04-15T19:11:20","modified_gmt":"2025-04-15T19:11:20","slug":"ou-en-est-le-projet-de-tiers-lieu-a-la-place-de-basile-fleurs-a-rouen-on-fait-le-point","status":"publish","type":"post","link":"https:\/\/www.europesays.com\/fr\/27302\/","title":{"rendered":"O\u00f9 en est le projet de tiers-lieu \u00e0 la place de Basile Fleurs \u00e0 Rouen ? On fait le point"},"content":{"rendered":"<p>            Par<br \/>\n        <strong><br \/>\n            <a href=\"https:\/\/actu.fr\/auteur\/jessie-leclerc\" title=\"Consulter tous les articles de Jessie Leclerc\" target=\"_blank\" rel=\"noopener\">Jessie Leclerc<\/a><br \/>\n        <\/strong><\/p>\n<p>        Publi\u00e9 le<\/p>\n<p>            15 avr. 2025 \u00e0 7h36        <\/p>\n<p>\u00c0 <a href=\"https:\/\/actu.fr\/normandie\/rouen_76540\" target=\"_blank\" rel=\"noopener\">Rouen<\/a>, l\u2019association Un Pas de C\u00f4t\u00e9 r\u00eave d\u2019<strong>un tiers-lieu participatif<\/strong>, culturel et \u00e9cologique dans un <strong>espace actuellement abandonn\u00e9<\/strong>, bien connu dans son quartier\u2009: le 40 rue de la Mare du Parc, dans les anciens locaux du fleuriste Basile Fleurs. Et bient\u00f4t, \u00e7a ne sera plus qu\u2019un r\u00eave. Apr\u00e8s quatre ans de gal\u00e8re, le projet avance pour de bon. On vous dit tout.<\/p>\n<p>Faire revivre le 40<\/p>\n<p class=\" wall-content\">Il y a encore quelques ann\u00e9es, <a href=\"https:\/\/actu.fr\/normandie\/rouen_76540\/revons-le-40-atelier-artistes-et-creation-collective-dans-un-lieu-en-sursis-a-rouen_54454510.html\" target=\"_blank\" rel=\"noopener\">le 40 rue de la Mare du Parc<\/a> \u00e9tait la boutique d\u2019un horticulteur. Ferm\u00e9e en 2021, elle est depuis, avec le terrain et les serres attenantes, \u00e0 l\u2019abandon. Le projet a germ\u00e9 quand un permis de d\u00e9molition a \u00e9t\u00e9 d\u00e9livr\u00e9 par le promoteur immobilier Cap Horn apr\u00e8s la fermeture du commerce. Titulaire d\u2019un permis de construire, il voulait y \u00e9riger un immeuble. Face au risque de disparition de cet espace de verdure, des <strong>habitants du quartier se sont mobilis\u00e9s<\/strong>.<\/p>\n<blockquote class=\"ac-article-quote wall-content\">\n<p>Il y a tout un quartier derri\u00e8re. Le lieu a \u00e9t\u00e9 d\u00e9fendu par 800 personnes avec une p\u00e9tition papier.<\/p>\n<p>    <strong>Ingrid Hoh<\/strong><br \/>\n        Co-fondatrice de l&rsquo;association Un Pas de C\u00f4t\u00e9    <\/p><\/blockquote>\n<p class=\" wall-content\">L\u2019ambition est de sauvegarder les serres, le local ainsi que la maison attenante et d\u2019y cr\u00e9er un lieu de vie, ouvert sept jours sur sept. Ainsi est n\u00e9e l\u2019association <a href=\"https:\/\/actu.fr\/normandie\/rouen_76540\/rouen-un-tiers-lieu-pour-sauver-le-40-les-riverains-ont-trouve-un-repreneur_56526250.html\" target=\"_blank\" rel=\"noopener\">Un Pas de C\u00f4t\u00e9 <\/a>qui\u00a0compte aujourd\u2019hui neuf membres actifs et pr\u00e8s de 150\u00a0adh\u00e9rents.<\/p>\n<p>Un lieu convivial et accessible \u00e0 tous<\/p>\n<p class=\" wall-content\">Le tiers-lieu, <strong>pens\u00e9 par les habitants, pour les habitants<\/strong>, et soutenu d\u00e9sormais par la Ville de Rouen et de nombreux partenaires \u00ab\u2009sera avant tout un lieu de rencontre\u2009\u00bb, sourit Ingrid qui habite le quartier depuis plus de 15 ans.<\/p>\n<p class=\" wall-content\">Le 40, c\u2019est un ensemble de 740 m\u00b2, dont 380 m\u00b2 d\u2019ext\u00e9rieur\u2009: un jardin, une cour, et surtout <strong>trois serres<\/strong> qui serviront <a href=\"https:\/\/actu.fr\/normandie\/rouen_76540\/cultiver-le-sauvage-a-rouen-la-palette-vegetale-sera-plus-locale_56256571.html\" target=\"_blank\" rel=\"noopener\">de p\u00e9pini\u00e8re<\/a> collective, de sc\u00e8ne pour des petits concerts ou des spectacles. \u00c0 l\u2019int\u00e9rieur de l\u2019ancienne boutique il y aura <strong>un caf\u00e9<\/strong>, un espace festif et un coin pour les enfants. De l\u2019autre c\u00f4t\u00e9 du terrain, se tiendra un atelier de bricolage solidaire, \u00ab\u2009comme une outilth\u00e8que\u2009\u00bb.<\/p>\n<p>      <img   decoding=\"async\" loading=\"lazy\" src=\"https:\/\/www.europesays.com\/fr\/wp-content\/uploads\/2025\/04\/terrain-le-40-rouen-960x640.jpg\" alt=\"La maison sera lou\u00e9e par des artistes.\" width=\"960\" height=\"640\"\/><br \/>\n    La maison sera lou\u00e9e par des artistes. (\u00a9JL\/76actu)<\/p>\n<p class=\" wall-content\">La maison sera lou\u00e9e par les artistes <a href=\"https:\/\/actu.fr\/normandie\/rouen_76540\/pills-l-association-qui-veut-propulser-les-artistes-de-rouen-et-diffuser-la-culture-a-tous-les-publics_62014102.html\" target=\"_blank\" rel=\"noopener\">de la galerie Pills<\/a>. Lieu d\u2019exposition, boutique et ateliers feront vivre la b\u00e2tisse. D\u2019autres espaces seront aussi disponibles \u00e0 la location. En bref, le 40 rassemblera artistes, associations, riverains et simples visiteurs.<\/p>\n<p>Un projet co\u00fbteux<\/p>\n<p class=\" wall-content\">Le 3\u00a0avril 2025, la Ville de Rouen a vot\u00e9 une <strong>subvention de 150\u2009000\u00a0euros<\/strong> pour accompagner l\u2019achat du foncier, estim\u00e9 \u00e0 800\u2009000\u00a0euros sur <strong>un projet total de plus d\u20191 million d\u2019euros<\/strong>. La subvention est assortie d\u2019une clause suspensive, c\u2019est-\u00e0-dire accord\u00e9e sous r\u00e9serve de l\u2019acquisition effective du foncier dans les six mois suivant la date de d\u00e9lib\u00e9ration.<\/p>\n<p class=\" wall-content\">Pour la Ville, ce projet a du bon\u2009: \u00ab\u2009Il contribue aux orientations municipales en mati\u00e8re d\u2019am\u00e9nagement et d\u2019urbanisme durables, en participant \u00e0 l\u2019adaptation au d\u00e9r\u00e8glement climatique du secteur\u2009\u00bb. La M\u00e9tropole, la R\u00e9gion et d\u2019autres organismes participent aussi financi\u00e8rement.<\/p>\n<p>      <img   decoding=\"async\" loading=\"lazy\" src=\"https:\/\/www.europesays.com\/fr\/wp-content\/uploads\/2025\/04\/serre-le-40-rouen-960x640.jpg\" alt=\"L'association commence \u00e0 nettoyer le terrain et les serres.\" width=\"960\" height=\"640\"\/><br \/>\n    L\u2019association commence \u00e0 nettoyer le terrain et les serres. (\u00a9JL\/76actu)<\/p>\n<p class=\" wall-content\">Une convention d\u2019occupation temporaire sign\u00e9e avec le promoteur a permis \u00e0 l\u2019association de <strong>commencer \u00e0 pr\u00e9parer le terrain<\/strong>. Le jardin commence \u00e0 \u00eatre nettoy\u00e9 et le lieu ouvre d\u00e9j\u00e0 ses portes chaque samedi matin. La finalisation de la proposition d\u2019achat au propri\u00e9taire <strong>est pr\u00e9vue pour fin avril, d\u00e9but mai<\/strong>.<\/p>\n<p>Ouverture en 2026<\/p>\n<p class=\" wall-content\">Si tout se passe comme pr\u00e9vu, le chantier devrait commencer \u00e0 l\u2019automne, avec une ouverture progressive\u2009: \u00ab\u2009On fera d\u2019abord un <strong>caf\u00e9 de chantier<\/strong>, puis des chantiers participatifs o\u00f9 les habitants viendront repeindre, r\u00e9parer, d\u00e9corer. On pr\u00e9voit d\u2019<strong>ouvrir au printemps 2026<\/strong> avec une \u00e9quipe salari\u00e9e la journ\u00e9e et <a href=\"https:\/\/actu.fr\/normandie\/le-houlme_76366\/40-ans-de-la-banque-alimentaire-de-rouen-pour-michel-pilier-de-l-asso-c-est-comme-une-famille-ici_61722085.html\" target=\"_blank\" rel=\"noopener\">des b\u00e9n\u00e9voles<\/a> en soir\u00e9e\u2009\u00bb, explique Ingrid.<\/p>\n<p class=\" wall-content\">Dans ce coin de la rive gauche, o\u00f9 les commerces se font plus rares, le 40 veut devenir un refuge. \u00ab\u2009C\u2019est pratique, car c\u2019est \u00e0 C\u00f4t\u00e9 du Jardin des Plantes, les gens pourront venir ici apr\u00e8s leur visite\u2009\u00bb ajoute Ingrid.<\/p>\n<p class=\" wall-content\">Une rencontre est pr\u00e9vue le samedi 26\u00a0avril afin de poursuivre le d\u00e9frichage du terrain, dans la convivialit\u00e9. Un blind test sera aussi organis\u00e9 le mardi 29\u00a0avril au 128 bis.<\/p>\n<p>Plus d\u2019informations sur <a href=\"https:\/\/www.facebook.com\/p\/Sauvons-le-40-100085132569870\/?locale=fr_FR\" target=\"_blank\" rel=\"noopener\">Facebook<\/a> et <a href=\"https:\/\/www.instagram.com\/sauvonsle40\/\" target=\"_blank\" rel=\"noopener\">Instagram<\/a>.Suivez l\u2019actualit\u00e9 de Rouen <a href=\"https:\/\/www.whatsapp.com\/channel\/0029VaKfnf99hXF2ddApFB1D\" target=\"_blank\" rel=\"noopener\">sur notre cha\u00eene WhatsApp<\/a> et <a href=\"https:\/\/www.tiktok.com\/@76actu.fr?lang=fr\" target=\"_blank\" rel=\"noopener\">sur notre compte TikTok<\/a><\/p>\n<p class=\" wall-content\">Suivez toute l\u2019actualit\u00e9 de vos villes et m\u00e9dias favoris en vous inscrivant \u00e0 <a href=\"https:\/\/moncompte.actu.fr\" title=\"D\u00e9couvez Mon Actu\" rel=\"nofollow noopener\" data-trk=\"{&quot;cta&quot;:{&quot;action&quot;:&quot;https:\\\/\\\/moncompte.actu.fr&quot;,&quot;category&quot;:&quot;mon compte&quot;,&quot;from&quot;:&quot;article footer&quot;,&quot;name&quot;:&quot;Mon actu&quot;,&quot;type&quot;:&quot;cta&quot;}}\" target=\"_blank\">Mon Actu<\/a>.<\/p>\n<p>                    <script async src=\"\/\/www.instagram.com\/embed.js\"><\/script><script async src=\"\/\/www.tiktok.com\/embed.js\"><\/script><\/p>\n","protected":false},"excerpt":{"rendered":"Par Jessie Leclerc Publi\u00e9 le 15 avr. 2025 \u00e0 7h36 \u00c0 Rouen, l\u2019association Un Pas de C\u00f4t\u00e9 r\u00eave&hellip;\n","protected":false},"author":2,"featured_media":27303,"comment_status":"","ping_status":"","sticky":false,"template":"","format":"standard","meta":{"footnotes":""},"categories":[9587],"tags":[1111,11,1777,674,1011,27,1116,1757,12,5161,25,9590,104,3400],"class_list":{"0":"post-27302","1":"post","2":"type-post","3":"status-publish","4":"format-standard","5":"has-post-thumbnail","7":"category-rouen","8":"tag-actu","9":"tag-actualites","10":"tag-eu","11":"tag-europe","12":"tag-fr","13":"tag-france","14":"tag-immobilier","15":"tag-insolite","16":"tag-news","17":"tag-normandie","18":"tag-republique-francaise","19":"tag-rouen","20":"tag-societe","21":"tag-solidarite"},"share_on_mastodon":{"url":"https:\/\/pubeurope.com\/@fr\/114343568162035450","error":""},"_links":{"self":[{"href":"https:\/\/www.europesays.com\/fr\/wp-json\/wp\/v2\/posts\/27302","targetHints":{"allow":["GET"]}}],"collection":[{"href":"https:\/\/www.europesays.com\/fr\/wp-json\/wp\/v2\/posts"}],"about":[{"href":"https:\/\/www.europesays.com\/fr\/wp-json\/wp\/v2\/types\/post"}],"author":[{"embeddable":true,"href":"https:\/\/www.europesays.com\/fr\/wp-json\/wp\/v2\/users\/2"}],"replies":[{"embeddable":true,"href":"https:\/\/www.europesays.com\/fr\/wp-json\/wp\/v2\/comments?post=27302"}],"version-history":[{"count":0,"href":"https:\/\/www.europesays.com\/fr\/wp-json\/wp\/v2\/posts\/27302\/revisions"}],"wp:featuredmedia":[{"embeddable":true,"href":"https:\/\/www.europesays.com\/fr\/wp-json\/wp\/v2\/media\/27303"}],"wp:attachment":[{"href":"https:\/\/www.europesays.com\/fr\/wp-json\/wp\/v2\/media?parent=27302"}],"wp:term":[{"taxonomy":"category","embeddable":true,"href":"https:\/\/www.europesays.com\/fr\/wp-json\/wp\/v2\/categories?post=27302"},{"taxonomy":"post_tag","embeddable":true,"href":"https:\/\/www.europesays.com\/fr\/wp-json\/wp\/v2\/tags?post=27302"}],"curies":[{"name":"wp","href":"https:\/\/api.w.org\/{rel}","templated":true}]}}