{"id":273029,"date":"2025-07-25T15:06:10","date_gmt":"2025-07-25T15:06:10","guid":{"rendered":"https:\/\/www.europesays.com\/fr\/273029\/"},"modified":"2025-07-25T15:06:10","modified_gmt":"2025-07-25T15:06:10","slug":"meteo-a-marseille-les-temperatures-vont-seffondrer-ces-prochains-jours-le-mistral-va-souffler-fort","status":"publish","type":"post","link":"https:\/\/www.europesays.com\/fr\/273029\/","title":{"rendered":"M\u00e9t\u00e9o \u00e0 Marseille. Les temp\u00e9ratures vont \u00ab\u00a0s&rsquo;effondrer\u00a0\u00bb ces prochains jours, le mistral va souffler fort"},"content":{"rendered":"<p>            Par<br \/>\n        <strong><br \/>\n            <a href=\"https:\/\/actu.fr\/auteur\/thibault-nadal-actu-fr\" title=\"Consulter tous les articles de Thibault Nadal\" rel=\"nofollow noopener\" target=\"_blank\">Thibault Nadal<\/a><br \/>\n        <\/strong><\/p>\n<p>        Publi\u00e9 le<\/p>\n<p>            25 juil. 2025 \u00e0 17h04        <\/p>\n<p>La <a href=\"https:\/\/actu.fr\/tag\/canicule\" rel=\"nofollow noopener\" target=\"_blank\">canicule<\/a> n\u2019est plus qu\u2019un lointain souvenir et devrait le rester encore un moment. Ces derniers jours \u00e0 <a href=\"https:\/\/actu.fr\/marseille\/\" rel=\"nofollow noopener\" target=\"_blank\">Marseille<\/a> ont \u00e9t\u00e9 marqu\u00e9s par <a href=\"https:\/\/actu.fr\/tag\/meteo-france\" rel=\"nofollow noopener\" target=\"_blank\">le retour de temp\u00e9ratures de saison<\/a> avec des moyennes <strong>un peu en dessous des 30\u00b0C<\/strong>.<\/p>\n<p class=\" wall-content\">Pour cette derni\u00e8re semaine de juillet, les grosses chaleurs ne feront pas leur retour. <strong>Les gilets seront m\u00eame \u00e0 ressortir certains jours<\/strong>.<\/p>\n<p class=\" wall-content\">Voici les pr\u00e9visions.<\/p>\n<p>26\u00b0C attendus ce lundi<\/p>\n<p class=\" wall-content\">Vous l\u2019avez sans doute remarqu\u00e9. Les journ\u00e9es et les nuits sont plus agr\u00e9ables. \u00c0 tel point que certains ont d\u00e9j\u00e0 ressorti les pantalons ou les pulls du placard, notamment t\u00f4t le matin ou en soir\u00e9e.<\/p>\n<p class=\" wall-content\">Ce dernier week-end de juillet ne fera pas exception \u00e0 la r\u00e8gle avec 28\u00b0C attendus samedi et 29\u00b0C dimanche, selon <a href=\"https:\/\/meteofrance.com\/previsions-meteo-france\/marseille\/13000\" rel=\"nofollow noopener\" target=\"_blank\">M\u00e9t\u00e9o-France<\/a>. Mais lundi, \u00ab\u2009les temp\u00e9ratures vont <strong>s\u2019effondrer<\/strong> pour la journ\u00e9e du lundi 28\u00a0juillet. Elles ne vont pas d\u00e9passer les 26\/27\u00b0 C\u2009\u00bb, pr\u00e9vient Paul Marquis, fondateur de La M\u00e9t\u00e9o du 13.<\/p>\n<p class=\" wall-content\">\n<p class=\" wall-content\">Apr\u00e8s ces deux jours \u00ab\u2009plus froids\u2009\u00bb, <strong>le mercure va remonter<\/strong> avec \u00ab\u2009avec 15 \u00e0 20\u00b0 le matin de l\u2019int\u00e9rieur vers les littoraux et 29 \u00e0 32\u00b0 les apr\u00e8s-midi\u2009\u00bb, poursuit le m\u00e9t\u00e9orologue ind\u00e9pendant.<\/p>\n<p class=\" wall-content\">Mais, \u00ab\u2009<strong>aucune nouvelle vague de chaleur n\u2019est attendue avant le 6 ou le 8 ao\u00fbt au plus t\u00f4t<\/strong> dans notre r\u00e9gion\u2009\u00bb, ajoute Paul Marquis.<\/p>\n<p>Le mistral va souffler fort<\/p>\n<p class=\" wall-content\">Ce qui va rendre l\u2019air plus frais, c\u2019est le <a href=\"https:\/\/actu.fr\/tag\/mistral-vent\" rel=\"nofollow noopener\" target=\"_blank\">mistral<\/a>. D\u2019importantes rafales de vent touchent le d\u00e9partement actuellement. \u00ab\u2009Nous sommes partis pour une longue p\u00e9riode de mistral au moins jusqu\u2019au mercredi 30\u00a0juillet dans notre d\u00e9partement\u2009\u00bb, assure Paul Marquis.<\/p>\n<p class=\" wall-content\">Une p\u00e9riode durant laquelle, la moyenne des rafales de vent sera de <strong>80km\/h<\/strong>.<\/p>\n<p class=\" wall-content\">\n<p class=\" wall-content\">L\u2019\u00e9pisode le plus important est, lui, attendu lundi avec un mistral d\u00e9passant les<strong> 100\u00a0km\/h<\/strong>.<\/p>\n<p class=\" wall-content\">Ce mistral fait peser un vrai risque <a href=\"https:\/\/actu.fr\/tag\/incendie\" rel=\"nofollow noopener\" target=\"_blank\">d\u2019incendie<\/a> sur Marseille et les <a href=\"https:\/\/actu.fr\/provence-alpes-cote-d-azur\/bouches-du-rhone_13\" rel=\"nofollow noopener\" target=\"_blank\">Bouches-du-Rh\u00f4ne<\/a>. Le d\u00e9partement a \u00e9t\u00e9 plac\u00e9 en <strong>vigilance rouge feux de for\u00eat<\/strong> en raison d\u2019un \u00ab\u2009risque s\u00e9v\u00e8re\u2009\u00bb d\u2019incendie. <a href=\"https:\/\/actu.fr\/provence-alpes-cote-d-azur\/marseille_13055\/marseille-une-alerte-declenchee-par-meteo-france-le-parc-des-calanques-ferme-au-public_62954327.html\" rel=\"nofollow noopener\" target=\"_blank\">Plusieurs massifs forestiers ont \u00e9t\u00e9 ferm\u00e9s<\/a>, dont le parc des Calanques.<\/p>\n<p class=\" wall-content\">Suivez toute l\u2019actualit\u00e9 de vos villes et m\u00e9dias favoris en vous inscrivant \u00e0 <a href=\"https:\/\/moncompte.actu.fr\" title=\"D\u00e9couvez Mon Actu\" rel=\"nofollow noopener\" data-trk=\"{&quot;cta&quot;:{&quot;action&quot;:&quot;https:\\\/\\\/moncompte.actu.fr&quot;,&quot;category&quot;:&quot;mon compte&quot;,&quot;from&quot;:&quot;article footer&quot;,&quot;name&quot;:&quot;Mon actu&quot;,&quot;type&quot;:&quot;cta&quot;}}\" target=\"_blank\">Mon Actu<\/a>.<\/p>\n","protected":false},"excerpt":{"rendered":"Par Thibault Nadal Publi\u00e9 le 25 juil. 2025 \u00e0 17h04 La canicule n\u2019est plus qu\u2019un lointain souvenir et&hellip;\n","protected":false},"author":2,"featured_media":273030,"comment_status":"","ping_status":"","sticky":false,"template":"","format":"standard","meta":{"footnotes":""},"categories":[2814],"tags":[1111,11,6698,1777,674,1011,27,884,2487,2357,10509,12,882,25],"class_list":{"0":"post-273029","1":"post","2":"type-post","3":"status-publish","4":"format-standard","5":"has-post-thumbnail","7":"category-marseille","8":"tag-actu","9":"tag-actualites","10":"tag-canicule","11":"tag-eu","12":"tag-europe","13":"tag-fr","14":"tag-france","15":"tag-marseille","16":"tag-meteo","17":"tag-meteo-france","18":"tag-mistral-vent","19":"tag-news","20":"tag-provence-alpes-cote-dazur","21":"tag-republique-francaise"},"share_on_mastodon":{"url":"https:\/\/pubeurope.com\/@fr\/114914497968097544","error":""},"_links":{"self":[{"href":"https:\/\/www.europesays.com\/fr\/wp-json\/wp\/v2\/posts\/273029","targetHints":{"allow":["GET"]}}],"collection":[{"href":"https:\/\/www.europesays.com\/fr\/wp-json\/wp\/v2\/posts"}],"about":[{"href":"https:\/\/www.europesays.com\/fr\/wp-json\/wp\/v2\/types\/post"}],"author":[{"embeddable":true,"href":"https:\/\/www.europesays.com\/fr\/wp-json\/wp\/v2\/users\/2"}],"replies":[{"embeddable":true,"href":"https:\/\/www.europesays.com\/fr\/wp-json\/wp\/v2\/comments?post=273029"}],"version-history":[{"count":0,"href":"https:\/\/www.europesays.com\/fr\/wp-json\/wp\/v2\/posts\/273029\/revisions"}],"wp:featuredmedia":[{"embeddable":true,"href":"https:\/\/www.europesays.com\/fr\/wp-json\/wp\/v2\/media\/273030"}],"wp:attachment":[{"href":"https:\/\/www.europesays.com\/fr\/wp-json\/wp\/v2\/media?parent=273029"}],"wp:term":[{"taxonomy":"category","embeddable":true,"href":"https:\/\/www.europesays.com\/fr\/wp-json\/wp\/v2\/categories?post=273029"},{"taxonomy":"post_tag","embeddable":true,"href":"https:\/\/www.europesays.com\/fr\/wp-json\/wp\/v2\/tags?post=273029"}],"curies":[{"name":"wp","href":"https:\/\/api.w.org\/{rel}","templated":true}]}}