{"id":273031,"date":"2025-07-25T15:07:11","date_gmt":"2025-07-25T15:07:11","guid":{"rendered":"https:\/\/www.europesays.com\/fr\/273031\/"},"modified":"2025-07-25T15:07:11","modified_gmt":"2025-07-25T15:07:11","slug":"les-travaux-autour-de-cette-grande-rue-enfin-termines","status":"publish","type":"post","link":"https:\/\/www.europesays.com\/fr\/273031\/","title":{"rendered":"les travaux autour de cette grande rue enfin termin\u00e9s"},"content":{"rendered":"<p>            Par<br \/>\n        <strong><br \/>\n            <a href=\"https:\/\/actu.fr\/auteur\/ludivine-caporal\" title=\"Consulter tous les articles de Ludivine Caporal\" target=\"_blank\" rel=\"noopener\">Ludivine Caporal<\/a><br \/>\n        <\/strong><\/p>\n<p>        Publi\u00e9 le<\/p>\n<p>            25 juil. 2025 \u00e0 16h28        <\/p>\n<p>Si les composantes principales du chantier ont \u00e9t\u00e9 livr\u00e9es au d\u00e9but de l\u2019ann\u00e9e, les derniers am\u00e9nagements se sont achev\u00e9s cet \u00e9t\u00e9 sur le secteur de la rue du Mail, art\u00e8re commer\u00e7ante importante de la <a href=\"https:\/\/actu.fr\/tag\/croix-rousse\" target=\"_blank\" rel=\"noopener\">Croix-Rousse<\/a>, requalifi\u00e9e en <strong>zone pi\u00e9tonne<\/strong>. <br \/>Ainsi, ce vendredi 25 juillet, une inauguration officielle en pr\u00e9sence du maire de <a href=\"https:\/\/actu.fr\/auvergne-rhone-alpes\/lyon_69123\" target=\"_blank\" rel=\"noopener\">Lyon<\/a> <a href=\"https:\/\/actu.fr\/tag\/gregory-doucet\" target=\"_blank\" rel=\"noopener\">Gr\u00e9gory Doucet<\/a> et du pr\u00e9sident de la M\u00e9tropole, <a href=\"https:\/\/actu.fr\/tag\/bruno-bernard\" target=\"_blank\" rel=\"noopener\">Bruno Bernard<\/a>, a \u00e9t\u00e9 organis\u00e9e. Le maire du 4e arrondissement, R\u00e9mi Zinck, \u00e9tait \u00e9galement pr\u00e9sent et s\u2019est r\u00e9joui de la fin de ces travaux, <strong>d\u00e9but\u00e9s en janvier 2024.<\/strong><\/p>\n<p>\u00ab\u00a0C\u2019est comme \u00e7a qu\u2019on donnera envie aux gens d\u2019aller chez nos commer\u00e7ants\u00a0\u00bb<\/p>\n<p class=\" wall-content\">\u00ab\u00a0Le r\u00e9sultat est incontestable. Avec ces am\u00e9nagements, <strong>on renforce le c\u0153ur de quartier<\/strong> et \u00e7a change concr\u00e8tement les choses. On voit mieux les fa\u00e7ades, les commerces (\u2026) C\u2019est comme \u00e7a qu\u2019on donnera envie aux gens d\u2019aller chez nos commer\u00e7ants\u00a0\u00bb, se sont f\u00e9licit\u00e9s les deux \u00e9lus \u00e9cologistes \u00e0 la t\u00eate des collectivit\u00e9s les plus importantes du territoire.\u00a0<\/p>\n<p class=\" wall-content\">C\u2019est sur 160 m\u00e8tres de long, entre la rue d\u2019Austerlitz et la rue du Chariot d\u2019Or, que la rue du Mail a donc \u00e9t\u00e9 pi\u00e9tonnis\u00e9e avec la pose d\u2019un <strong>tapis de pav\u00e9<\/strong> lyonnais au centre. Des bornes et assises en pierre ont finalement \u00e9t\u00e9 install\u00e9es, tout comme des bancs sur la rue Dumenge, perpendiculaire \u00e0 la rue du Mail, elle aussi pi\u00e9tonnis\u00e9e et v\u00e9g\u00e9talis\u00e9e.\u00a0<\/p>\n<p class=\" wall-content\">\n    <img   decoding=\"async\" loading=\"lazy\" src=\"https:\/\/www.europesays.com\/fr\/wp-content\/uploads\/2025\/07\/rue-du-mail-lyon-croix-rousse-960x640.jpg\" alt=\"Un panneau d'interdiction de circuler a \u00e9t\u00e9 install\u00e9 au d\u00e9but de la rue du Mail.\" width=\"960\" height=\"640\"\/><br \/>\n    Un panneau d\u2019interdiction de circuler a \u00e9t\u00e9 install\u00e9 au d\u00e9but de la rue du Mail. (\u00a9Archives janvier 2025\/Ludivine Caporal\/actu Lyon)<br \/>\n    <img   decoding=\"async\" loading=\"lazy\" src=\"https:\/\/www.europesays.com\/fr\/wp-content\/uploads\/2025\/07\/rue-du-mail-croix-rousse-lyon-960x640.jpg\" alt=\"La rue du Mail, dans le quartier de la Croix-Rousse \u00e0 Lyon, a \u00e9t\u00e9 pi\u00e9tonnis\u00e9e. \" width=\"960\" height=\"640\"\/><br \/>\n    La rue du Mail, dans le quartier de la Croix-Rousse \u00e0 Lyon, a \u00e9t\u00e9 pi\u00e9tonnis\u00e9e. Ici \u00e0 l\u2019hiver 2025 (janvier). (\u00a9Archives\/ Ludivine Caporal\/actu Lyon)<\/p>\n<p>Tout un secteur modifi\u00e9, rendu plus agr\u00e9able<\/p>\n<p class=\" wall-content\">La voie longeant la petite place de la Croix-Rousse \u00e0 l\u2019est a \u00e9galement \u00e9t\u00e9 am\u00e9nag\u00e9e en \u00ab\u00a0zone de rencontre\u00a0\u00bb avec un <strong>trottoir plus large<\/strong> et des assises, le carrefour au nord de la petite place a lui \u00e9t\u00e9 retravaill\u00e9, tandis que la rue d\u2019Austerlitz a vu arriver des arceaux v\u00e9los et de la v\u00e9g\u00e9talisation.<\/p>\n<p class=\" wall-content\">Le tout (en comprenant la rue du Mail, bien s\u00fbr) pour <strong>1,5 million d\u2019euros<\/strong>, financ\u00e9 par la M\u00e9tropole de Lyon.<\/p>\n<p>Des travaux qui ont \u00e9t\u00e9 difficiles \u00e0 vivre<\/p>\n<p class=\" wall-content\">Mais si le r\u00e9sultat final pla\u00eet \u00e0 la grande majorit\u00e9, parmi lesquels habitants et commer\u00e7ants qui soulignent <strong>un changement n\u00e9cessaire et appr\u00e9ci\u00e9<\/strong>, les difficult\u00e9s (notamment financi\u00e8res) engendr\u00e9es par ces lourds et longs travaux resteront tout de m\u00eame en travers de la gorge de certains, comme en t\u00e9moigne <a href=\"https:\/\/actu.fr\/auvergne-rhone-alpes\/lyon_69123\/lyon-cette-importante-rue-commercante-est-devenue-pietonne-les-avis-divergent_62115124.html\" target=\"_blank\" rel=\"noopener\">le reportage que nous avions fait sur place<\/a> il y a quelques mois.<\/p>\n<p class=\" wall-content\">\u00ab\u00a0Merci \u00e0 tous ceux qui les ont <strong>subi<\/strong> pour leur patience\u00a0\u00bb, a ainsi gliss\u00e9 Bruno Bernard \u00e0 la fin de son discours, bien conscient des plaintes qui avaient \u00e9t\u00e9 remont\u00e9es par le pass\u00e9.<\/p>\n<p class=\" wall-content\">Suivez toute l\u2019actualit\u00e9 de vos villes et m\u00e9dias favoris en vous inscrivant \u00e0 <a href=\"https:\/\/moncompte.actu.fr\" title=\"D\u00e9couvez Mon Actu\" rel=\"nofollow noopener\" data-trk=\"{&quot;cta&quot;:{&quot;action&quot;:&quot;https:\\\/\\\/moncompte.actu.fr&quot;,&quot;category&quot;:&quot;mon compte&quot;,&quot;from&quot;:&quot;article footer&quot;,&quot;name&quot;:&quot;Mon actu&quot;,&quot;type&quot;:&quot;cta&quot;}}\" target=\"_blank\">Mon Actu<\/a>.<\/p>\n","protected":false},"excerpt":{"rendered":"Par Ludivine Caporal Publi\u00e9 le 25 juil. 2025 \u00e0 16h28 Si les composantes principales du chantier ont \u00e9t\u00e9&hellip;\n","protected":false},"author":2,"featured_media":273032,"comment_status":"","ping_status":"","sticky":false,"template":"","format":"standard","meta":{"footnotes":""},"categories":[1889],"tags":[1111,11,2430,2838,1777,674,1011,27,2428,12,25,104,2086],"class_list":{"0":"post-273031","1":"post","2":"type-post","3":"status-publish","4":"format-standard","5":"has-post-thumbnail","7":"category-lyon","8":"tag-actu","9":"tag-actualites","10":"tag-auvergne-rhone-alpes","11":"tag-croix-rousse","12":"tag-eu","13":"tag-europe","14":"tag-fr","15":"tag-france","16":"tag-lyon","17":"tag-news","18":"tag-republique-francaise","19":"tag-societe","20":"tag-travaux"},"share_on_mastodon":{"url":"https:\/\/pubeurope.com\/@fr\/114914501925315556","error":""},"_links":{"self":[{"href":"https:\/\/www.europesays.com\/fr\/wp-json\/wp\/v2\/posts\/273031","targetHints":{"allow":["GET"]}}],"collection":[{"href":"https:\/\/www.europesays.com\/fr\/wp-json\/wp\/v2\/posts"}],"about":[{"href":"https:\/\/www.europesays.com\/fr\/wp-json\/wp\/v2\/types\/post"}],"author":[{"embeddable":true,"href":"https:\/\/www.europesays.com\/fr\/wp-json\/wp\/v2\/users\/2"}],"replies":[{"embeddable":true,"href":"https:\/\/www.europesays.com\/fr\/wp-json\/wp\/v2\/comments?post=273031"}],"version-history":[{"count":0,"href":"https:\/\/www.europesays.com\/fr\/wp-json\/wp\/v2\/posts\/273031\/revisions"}],"wp:featuredmedia":[{"embeddable":true,"href":"https:\/\/www.europesays.com\/fr\/wp-json\/wp\/v2\/media\/273032"}],"wp:attachment":[{"href":"https:\/\/www.europesays.com\/fr\/wp-json\/wp\/v2\/media?parent=273031"}],"wp:term":[{"taxonomy":"category","embeddable":true,"href":"https:\/\/www.europesays.com\/fr\/wp-json\/wp\/v2\/categories?post=273031"},{"taxonomy":"post_tag","embeddable":true,"href":"https:\/\/www.europesays.com\/fr\/wp-json\/wp\/v2\/tags?post=273031"}],"curies":[{"name":"wp","href":"https:\/\/api.w.org\/{rel}","templated":true}]}}