{"id":273033,"date":"2025-07-25T15:08:10","date_gmt":"2025-07-25T15:08:10","guid":{"rendered":"https:\/\/www.europesays.com\/fr\/273033\/"},"modified":"2025-07-25T15:08:10","modified_gmt":"2025-07-25T15:08:10","slug":"pres-de-lyon-un-homme-de-29-ans-decede-dans-un-accident-de-la-route","status":"publish","type":"post","link":"https:\/\/www.europesays.com\/fr\/273033\/","title":{"rendered":"Pr\u00e8s de Lyon : un homme de 29 ans d\u00e9c\u00e8de dans un accident de la route"},"content":{"rendered":"<p>Un grave accident de la route a fait un mort, ce vendredi 25 juillet, sur la D385 \u00e0 Belmont-d&rsquo;Azergues, au nord-ouest de Lyon.<\/p>\n<p><b>Dramatique accident<\/b> de la circulation \u00e0 <b>Belmont-d&rsquo;Azergues<\/b> \u00e0 trente kilom\u00e8tres au <b>nord-ouest de Lyon.<\/b><\/p>\n<p>Selon <a class=\"url\" href=\"https:\/\/c.leprogres.fr\/faits-divers-justice\/2025\/07\/25\/choc-frontal-entre-un-vehicule-et-un-poids-lourd-a-belmont-d-azergues-un-automobiliste-de-29-ans-decede\" target=\"_blank\" rel=\"noopener\">Le Progr\u00e8s<\/a>, le drame s&rsquo;est produit ce vendredi 25 juillet vers 13h30 lorsqu&rsquo;un <b>poids lourd <\/b>est entr\u00e9 en collision avec une <b>voiture <\/b>pour une raison encore inconnue.<\/p>\n<p>La victime est d\u00e9c\u00e9d\u00e9e sur place<\/p>\n<p>L&rsquo;intervention rapide des secours, \u00e0 savoir des <b>gendarmes<\/b>,<b> sapeurs-pompiers<\/b> et <b>h\u00e9licopt\u00e8re<\/b> de la s\u00e9curit\u00e9 civile, n&rsquo;a pas \u00e9t\u00e9 suffisante.\u00a0<\/p>\n<p>Le <b>conducteur <\/b>de la <b>voiture<\/b>, un homme de <b>29 ans<\/b>, a \u00e9t\u00e9 d\u00e9clar\u00e9 d\u00e9c\u00e9d\u00e9 sur les lieux de l&rsquo;accident.<\/p>\n<p>Le <b>chauffeur du poids lourd<\/b>, l\u00e9g\u00e8rement bless\u00e9 et <b>en \u00e9tat de choc<\/b>, a \u00e9t\u00e9 transport\u00e9 \u00e0 l&rsquo;h\u00f4pital pour des examens.<\/p>\n<p><img loading=\"lazy\" decoding=\"async\" src=\"https:\/\/www.europesays.com\/fr\/wp-content\/uploads\/2025\/07\/1753456090_964_img\" width=\"350\" height=\"200\" border=\"0\" title=\"Enedis\"\/><\/p>\n<p>\u25baSoci\u00e9t\u00e9<\/p>\n<p style=\"font-size: 22px;\"><b>Arnaque : Enedis alerte sur des faux agents et des d\u00e9marchages frauduleux<\/b><\/p>\n<p>L&rsquo;entreprise Enedis appelle ses clients \u00e0 la vigilance&#8230;<\/p>\n<p><\/p>\n","protected":false},"excerpt":{"rendered":"Un grave accident de la route a fait un mort, ce vendredi 25 juillet, sur la D385 \u00e0&hellip;\n","protected":false},"author":2,"featured_media":12380,"comment_status":"","ping_status":"","sticky":false,"template":"","format":"standard","meta":{"footnotes":""},"categories":[1889],"tags":[1111,11,2430,8079,41245,1777,674,1011,27,27186,41246,2428,12,25,9844,4723],"class_list":{"0":"post-273033","1":"post","2":"type-post","3":"status-publish","4":"format-standard","5":"has-post-thumbnail","7":"category-lyon","8":"tag-actu","9":"tag-actualites","10":"tag-auvergne-rhone-alpes","11":"tag-beaujolais","12":"tag-belmont-dazergues","13":"tag-eu","14":"tag-europe","15":"tag-fr","16":"tag-france","17":"tag-larbresle","18":"tag-limonest","19":"tag-lyon","20":"tag-news","21":"tag-republique-francaise","22":"tag-rhne","23":"tag-tarare"},"share_on_mastodon":{"url":"https:\/\/pubeurope.com\/@fr\/114914505770615079","error":""},"_links":{"self":[{"href":"https:\/\/www.europesays.com\/fr\/wp-json\/wp\/v2\/posts\/273033","targetHints":{"allow":["GET"]}}],"collection":[{"href":"https:\/\/www.europesays.com\/fr\/wp-json\/wp\/v2\/posts"}],"about":[{"href":"https:\/\/www.europesays.com\/fr\/wp-json\/wp\/v2\/types\/post"}],"author":[{"embeddable":true,"href":"https:\/\/www.europesays.com\/fr\/wp-json\/wp\/v2\/users\/2"}],"replies":[{"embeddable":true,"href":"https:\/\/www.europesays.com\/fr\/wp-json\/wp\/v2\/comments?post=273033"}],"version-history":[{"count":0,"href":"https:\/\/www.europesays.com\/fr\/wp-json\/wp\/v2\/posts\/273033\/revisions"}],"wp:featuredmedia":[{"embeddable":true,"href":"https:\/\/www.europesays.com\/fr\/wp-json\/wp\/v2\/media\/12380"}],"wp:attachment":[{"href":"https:\/\/www.europesays.com\/fr\/wp-json\/wp\/v2\/media?parent=273033"}],"wp:term":[{"taxonomy":"category","embeddable":true,"href":"https:\/\/www.europesays.com\/fr\/wp-json\/wp\/v2\/categories?post=273033"},{"taxonomy":"post_tag","embeddable":true,"href":"https:\/\/www.europesays.com\/fr\/wp-json\/wp\/v2\/tags?post=273033"}],"curies":[{"name":"wp","href":"https:\/\/api.w.org\/{rel}","templated":true}]}}