{"id":273036,"date":"2025-07-25T15:11:10","date_gmt":"2025-07-25T15:11:10","guid":{"rendered":"https:\/\/www.europesays.com\/fr\/273036\/"},"modified":"2025-07-25T15:11:10","modified_gmt":"2025-07-25T15:11:10","slug":"arrivee-du-tour-de-france-a-paris-attention-aux-restrictions-de-circulation-des-ce-vendredi","status":"publish","type":"post","link":"https:\/\/www.europesays.com\/fr\/273036\/","title":{"rendered":"Arriv\u00e9e du Tour de France \u00e0 Paris : attention aux restrictions de circulation (d\u00e8s ce vendredi)"},"content":{"rendered":"<ul class=\"jsx-862013697 ArticleChapo__List\">\n<li class=\"jsx-862013697 ArticleChapo__List_Item flex\">Le Tour de France 2025 se terminera dimanche 27 juillet \u00e0 Paris, au terme d&rsquo;une \u00e9preuve en plein c\u0153ur de Montmartre.<\/li>\n<li class=\"jsx-862013697 ArticleChapo__List_Item flex\">Mais attention, pour des raisons de s\u00e9curit\u00e9, de nombreuses stations de m\u00e9tro seront ferm\u00e9es.<\/li>\n<li class=\"jsx-862013697 ArticleChapo__List_Item flex\">La circulation des voitures, des v\u00e9los et des pi\u00e9tons sera elle aussi limit\u00e9e.<\/li>\n<\/ul>\n<p data-module=\"article-paragraph\" class=\"jsx-3046738180 Paragraph Paragraph__End\">Apr\u00e8s une arriv\u00e9e \u00e0 Nice en 2024, le <a href=\"https:\/\/www.tf1info.fr\/sport\/tour-de-france-premiere-victoire-d-etape-francaise-aurelien-paret-peintre-s-impose-au-sommet-du-mont-ventoux-2384373.html\" target=\"_blank\" rel=\"noopener\">Tour de France<\/a> retrouvera ce dimanche 27 juillet sa ville d&rsquo;arriv\u00e9e historique, Paris. Au terme de trois semaines de course, les cyclistes s&rsquo;affronteront une derni\u00e8re fois tout au long d&rsquo;un parcours d\u00e9j\u00e0 mythique. La ligne d&rsquo;arriv\u00e9e sera certes sur les Champs-\u00c9lys\u00e9es mais <a href=\"https:\/\/www.tf1info.fr\/sport\/tdf-tour-de-france-2024-cinq-choses-a-savoir-qui-est-tadej-pogacar-palmares-vainqueur-de-la-grande-boucle-2309640.html\" target=\"_blank\" rel=\"noopener\">Tadej Pogacar<\/a> et ses concurrents devront d&rsquo;abord monter trois fois la butte Montmartre&#8230; Ce qui promet de belles images, mais aussi quelques difficult\u00e9s aux Parisiens pour se d\u00e9placer.<\/p>\n<p>De nombreuses stations de m\u00e9tro ferm\u00e9es<\/p>\n<p data-module=\"article-paragraph\" class=\"jsx-3046738180 Paragraph\">Par mesures de s\u00e9curit\u00e9, <a href=\"https:\/\/www.ratp.fr\/infos-trafic\" target=\"_blank\" rel=\"nofollow noopener\">la RATP (nouvelle fen\u00eatre)<\/a> a d\u00e9j\u00e0 pr\u00e9venu que des stations de m\u00e9tro devraient rester ferm\u00e9es dimanche, essentiellement sur la ligne 1. Voici la liste des arr\u00eats, toutes lignes confondues, qui ne seront pas desservis, et ce toute la journ\u00e9e :<\/p>\n<p data-module=\"article-paragraph\" class=\"jsx-3046738180 Paragraph\">&#8211; Tuileries (ligne 1) ;<\/p>\n<p data-module=\"article-paragraph\" class=\"jsx-3046738180 Paragraph\">&#8211; Concorde (lignes 1, 8 et 12) ;<\/p>\n<p data-module=\"article-paragraph\" class=\"jsx-3046738180 Paragraph\">&#8211; Champs-\u00c9lys\u00e9es Clemenceau (lignes 1 et 13) ;<\/p>\n<p data-module=\"article-paragraph\" class=\"jsx-3046738180 Paragraph\">&#8211; Franklin D. Roosevelt (lignes 1 et 9) ;<\/p>\n<p data-module=\"article-paragraph\" class=\"jsx-3046738180 Paragraph\">&#8211; George V (ligne 1) ;<\/p>\n<p data-module=\"article-paragraph\" class=\"jsx-3046738180 Paragraph\">&#8211; Charles de Gaulle-\u00c9toile (lignes 1, \u00a02 et 6, RER A) ;<\/p>\n<p data-module=\"article-paragraph\" class=\"jsx-3046738180 Paragraph\">&#8211; Argentine (ligne 1) ;<\/p>\n<p data-module=\"article-paragraph\" class=\"jsx-3046738180 Paragraph\">&#8211; Madeleine (lignes 8, 12 et 14).<\/p>\n<p data-module=\"article-paragraph\" class=\"jsx-3046738180 Paragraph\">D&rsquo;autres stations resteront ouvertes le matin, puis fermeront \u00e0 partir de 13h :<\/p>\n<p data-module=\"article-paragraph\" class=\"jsx-3046738180 Paragraph\">&#8211; Villiers (lignes 2 et 3) ;<\/p>\n<p data-module=\"article-paragraph\" class=\"jsx-3046738180 Paragraph\">&#8211; Rome (ligne 2) ;<\/p>\n<p data-module=\"article-paragraph\" class=\"jsx-3046738180 Paragraph\">&#8211; Anvers (ligne 2) ;<\/p>\n<p data-module=\"article-paragraph\" class=\"jsx-3046738180 Paragraph\">&#8211; Blanche (ligne 2)<\/p>\n<p data-module=\"article-paragraph\" class=\"jsx-3046738180 Paragraph\">&#8211; Place de Clichy (lignes 2 et 13) ;<\/p>\n<p data-module=\"article-paragraph\" class=\"jsx-3046738180 Paragraph\">&#8211; Abbesses (ligne 12).<\/p>\n<p data-module=\"article-paragraph\" class=\"jsx-3046738180 Paragraph Paragraph__End\">\u00ab\u00a0Les trains ne marqueront pas l&rsquo;arr\u00eat et les correspondances ne seront pas assur\u00e9es\u00a0\u00bb, explique la RATP, et les r\u00e9ouvertures \u00ab\u00a0se feront sur autorisation de la pr\u00e9fecture de police\u00a0\u00bb. \u00c0 noter que le funiculaire de Montmartre, qui permet d&rsquo;acc\u00e9der \u00e0 la basilique du Sacr\u00e9-C\u0153ur, sera lui aussi arr\u00eat\u00e9 \u00e0 partir de 13h.<\/p>\n<p>Des rues ferm\u00e9es \u00e0 la circulation<\/p>\n<p data-module=\"article-paragraph\" class=\"jsx-3046738180 Paragraph\">Les automobilistes devront eux aussi anticiper leurs d\u00e9placements. De nombreux axes seront ferm\u00e9s \u00e0 la circulation mais pas tous aux m\u00eames horaires. Certains vont l&rsquo;\u00eatre <strong>du dimanche \u00e0 minuit au lundi \u00e0 6h<\/strong>. Voici la liste compl\u00e8te, disponible sur le site de la <a href=\"https:\/\/www.paris.fr\/pages\/les-restrictions-de-circulation-et-de-stationnement-pour-le-tour-de-france-2025-31895\" target=\"_blank\" rel=\"nofollow noopener\">mairie de Paris (nouvelle fen\u00eatre)<\/a> :<\/p>\n<p data-module=\"article-paragraph\" class=\"jsx-3046738180 Paragraph\">&#8211; avenue Winston Churchill ;<\/p>\n<p data-module=\"article-paragraph\" class=\"jsx-3046738180 Paragraph\">&#8211; cours la Reine (entre l\u2019avenue Winston Churchill et la place de la Concorde) ;<\/p>\n<p data-module=\"article-paragraph\" class=\"jsx-3046738180 Paragraph\">&#8211; boulevard des Invalides (entre la rue de Grenelle et l\u2019avenue de Tourville) ;<\/p>\n<p data-module=\"article-paragraph\" class=\"jsx-3046738180 Paragraph\">&#8211; avenue de Friedland ;<\/p>\n<p data-module=\"article-paragraph\" class=\"jsx-3046738180 Paragraph\">&#8211; place Georges Guillaumin ;<\/p>\n<p data-module=\"article-paragraph\" class=\"jsx-3046738180 Paragraph\">&#8211; rue Berryer ;<\/p>\n<p data-module=\"article-paragraph\" class=\"jsx-3046738180 Paragraph\">&#8211; rue Balzac (entre l\u2019avenue de Friedland et la rue Beaujon).<\/p>\n<p data-module=\"article-paragraph\" class=\"jsx-3046738180 Paragraph\">L&rsquo;avenue des Champs-\u00c9lys\u00e9es, entre la place de la Concorde et le rond-point des Champs-\u00c9lys\u00e9es-Marcel-Dassault, sera de son c\u00f4t\u00e9 inaccessible <strong>dimanche, de 6h du matin \u00e0 23h59<\/strong>.<\/p>\n<p data-module=\"article-paragraph\" class=\"jsx-3046738180 Paragraph\">Certaines rues ne fermeront qu&rsquo;<strong>\u00e0 partir de 9h dimanche<\/strong>, pour une r\u00e9ouverture pr\u00e9vue le jour m\u00eame \u00e0 23h59 :<\/p>\n<p data-module=\"article-paragraph\" class=\"jsx-3046738180 Paragraph\">&#8211; place Charles de Gaulle ;<\/p>\n<p data-module=\"article-paragraph\" class=\"jsx-3046738180 Paragraph\">&#8211; avenue des Champs-\u00c9lys\u00e9es ;<\/p>\n<p data-module=\"article-paragraph\" class=\"jsx-3046738180 Paragraph\">&#8211; rond-point des Champs-\u00c9lys\u00e9es-Marcel-Dassault ;<\/p>\n<p data-module=\"article-paragraph\" class=\"jsx-3046738180 Paragraph\">&#8211; avenue Matignon (entre le rond-point des Champs-\u00c9lys\u00e9es-Marcel-Dassault et la rue de Penthi\u00e8vre) ;<\/p>\n<p data-module=\"article-paragraph\" class=\"jsx-3046738180 Paragraph\">&#8211; rue de Penthi\u00e8vre (entre l\u2019avenue Matignon et la rue Cambac\u00e9r\u00e8s) ;<\/p>\n<p data-module=\"article-paragraph\" class=\"jsx-3046738180 Paragraph\">&#8211; rue Cambac\u00e9r\u00e8s (entre la rue de Penthi\u00e8vre et la rue de la Ville-l\u2019\u00c9v\u00eaque) ;<\/p>\n<p data-module=\"article-paragraph\" class=\"jsx-3046738180 Paragraph\">&#8211; rue de la Ville-l\u2019\u00c9v\u00eaque (entre la rue Cambac\u00e9r\u00e8s et le boulevard Malesherbes) ;<\/p>\n<p data-module=\"article-paragraph\" class=\"jsx-3046738180 Paragraph\">&#8211; boulevard Malesherbes (entre la rue de la Ville-l\u2019\u00c9v\u00eaque et la place de la Madeleine) ;<\/p>\n<p data-module=\"article-paragraph\" class=\"jsx-3046738180 Paragraph\">&#8211; place de la Madeleine ;<\/p>\n<p data-module=\"article-paragraph\" class=\"jsx-3046738180 Paragraph\">&#8211; rue Royale ;<\/p>\n<p data-module=\"article-paragraph\" class=\"jsx-3046738180 Paragraph\">&#8211; place de la Concorde (entre la rue Royale et la rue de Rivoli) ;<\/p>\n<p data-module=\"article-paragraph\" class=\"jsx-3046738180 Paragraph\">&#8211; rue de Rivoli (entre la place de la Concorde et la rue de Rohan) ;<\/p>\n<p data-module=\"article-paragraph\" class=\"jsx-3046738180 Paragraph\">&#8211; place du Carrousel ;<\/p>\n<p data-module=\"article-paragraph\" class=\"jsx-3046738180 Paragraph\">&#8211; quai Fran\u00e7ois Mitterrand (entre le pont du Carrousel et le pont Royal) ;<\/p>\n<p data-module=\"article-paragraph\" class=\"jsx-3046738180 Paragraph\">&#8211; pont Royal ;<\/p>\n<p data-module=\"article-paragraph\" class=\"jsx-3046738180 Paragraph\">&#8211; quai des tuileries (entre le pont Royal et pont de la Concorde) ;<\/p>\n<p data-module=\"article-paragraph\" class=\"jsx-3046738180 Paragraph\">&#8211; pont de la Concorde ;<\/p>\n<p data-module=\"article-paragraph\" class=\"jsx-3046738180 Paragraph\">&#8211; cours la Reine (entre le pont de la Concorde et le pont Alexandre III) ;<\/p>\n<p data-module=\"article-paragraph\" class=\"jsx-3046738180 Paragraph\">&#8211; voie Georges Pompidou (entre la place de l\u2019Alma et la place de la Concorde) ;<\/p>\n<p data-module=\"article-paragraph\" class=\"jsx-3046738180 Paragraph\">&#8211; pont Alexandre III ;<\/p>\n<p data-module=\"article-paragraph\" class=\"jsx-3046738180 Paragraph\">&#8211; cours la Reine (entre le pont Alexandre III et l\u2019avenue Franklin D. Roosevelt) ;<\/p>\n<p data-module=\"article-paragraph\" class=\"jsx-3046738180 Paragraph Paragraph__End\">&#8211; avenue Franklin D. Roosevelt (entre le cours la Reine et le rond-point des Champs-\u00c9lys\u00e9es-Marcel-Dassault).<\/p>\n<p>Une s\u00e9curit\u00e9 encore renforc\u00e9e dimanche apr\u00e8s-midi<\/p>\n<p data-module=\"article-paragraph\" class=\"jsx-3046738180 Paragraph\">Enfin, au plus fort du dispositif de s\u00e9curit\u00e9, <strong>dimanche<\/strong> <strong>entre 13h et 20h<\/strong>, la liste des routes coup\u00e9es va encore s&rsquo;allonger. Voici la liste communiqu\u00e9e par les autorit\u00e9s :<\/p>\n<p data-module=\"article-paragraph\" class=\"jsx-3046738180 Paragraph\">&#8211; quai d&rsquo;Issy-les-Moulineaux ;<\/p>\n<p data-module=\"article-paragraph\" class=\"jsx-3046738180 Paragraph\">&#8211; quai Andr\u00e9 Citro\u00ebn ;<\/p>\n<p data-module=\"article-paragraph\" class=\"jsx-3046738180 Paragraph\">&#8211; quai de Grenelle ;<\/p>\n<p data-module=\"article-paragraph\" class=\"jsx-3046738180 Paragraph\">&#8211; quai Branly ;<\/p>\n<p data-module=\"article-paragraph\" class=\"jsx-3046738180 Paragraph\">&#8211; place de la R\u00e9sistance ;<\/p>\n<p data-module=\"article-paragraph\" class=\"jsx-3046738180 Paragraph\">&#8211; quai d&rsquo;Orsay ;<\/p>\n<p data-module=\"article-paragraph\" class=\"jsx-3046738180 Paragraph\">&#8211; quai Fran\u00e7ois Mitterrand (entre le pont du Carrousel et la rue de l&rsquo;amiral de Coligny) ;<\/p>\n<p data-module=\"article-paragraph\" class=\"jsx-3046738180 Paragraph\">&#8211; rue de l&rsquo;amiral de Coligny ;<\/p>\n<p data-module=\"article-paragraph\" class=\"jsx-3046738180 Paragraph\">&#8211; acc\u00e8s \u00e0 la cour carr\u00e9e du Louvre ;<\/p>\n<p data-module=\"article-paragraph\" class=\"jsx-3046738180 Paragraph\">&#8211; cour carr\u00e9e du Louvre ;<\/p>\n<p data-module=\"article-paragraph\" class=\"jsx-3046738180 Paragraph\">&#8211; \u00e9changeur du quai d&rsquo;Issy (bretelle n\u00b01, c\u00f4t\u00e9 boulevard p\u00e9riph\u00e9rique int\u00e9rieur) ;<\/p>\n<p data-module=\"article-paragraph\" class=\"jsx-3046738180 Paragraph\">&#8211; \u00e9changeur quai d&rsquo;Issy (bretelles n\u00b02 et 4, c\u00f4t\u00e9 boulevard p\u00e9riph\u00e9rique ext\u00e9rieur) ;<\/p>\n<p data-module=\"article-paragraph\" class=\"jsx-3046738180 Paragraph\">&#8211; \u00e9changeur quai d&rsquo;Issy (jonction des bretelles n\u00b03 et 4, c\u00f4t\u00e9 boulevard p\u00e9riph\u00e9rique ext\u00e9rieur) ;<\/p>\n<p data-module=\"article-paragraph\" class=\"jsx-3046738180 Paragraph\">&#8211; boulevard Malesherbes (entre la place de la Madeleine et le boulevard de Courcelles) ;<\/p>\n<p data-module=\"article-paragraph\" class=\"jsx-3046738180 Paragraph\">&#8211; boulevard de Courcelles (entre le boulevard Malesherbes et le boulevard des Batignolles) ;<\/p>\n<p data-module=\"article-paragraph\" class=\"jsx-3046738180 Paragraph\">&#8211; boulevard des Batignolles ;<\/p>\n<p data-module=\"article-paragraph\" class=\"jsx-3046738180 Paragraph\">&#8211; place de Clichy ;<\/p>\n<p data-module=\"article-paragraph\" class=\"jsx-3046738180 Paragraph\">&#8211; boulevard de Clichy (entre la place de Clichy et la place Blanche) ;<\/p>\n<p data-module=\"article-paragraph\" class=\"jsx-3046738180 Paragraph\">&#8211; place Blanche ;<\/p>\n<p data-module=\"article-paragraph\" class=\"jsx-3046738180 Paragraph\">&#8211; rue Puget ;<\/p>\n<p data-module=\"article-paragraph\" class=\"jsx-3046738180 Paragraph\">&#8211; rue Coustou, entre la rue Puget et la rue Lepic ;<\/p>\n<p data-module=\"article-paragraph\" class=\"jsx-3046738180 Paragraph\">&#8211; rue Lepic ;<\/p>\n<p data-module=\"article-paragraph\" class=\"jsx-3046738180 Paragraph\">&#8211; place Jean-Baptiste Cl\u00e9ment ;<\/p>\n<p data-module=\"article-paragraph\" class=\"jsx-3046738180 Paragraph\">&#8211; rue Norvins ;<\/p>\n<p data-module=\"article-paragraph\" class=\"jsx-3046738180 Paragraph\">&#8211; rue Saint-\u00c9leuth\u00e8re ;<\/p>\n<p data-module=\"article-paragraph\" class=\"jsx-3046738180 Paragraph\">&#8211; rue du Cardinal-Dubois ;<\/p>\n<p data-module=\"article-paragraph\" class=\"jsx-3046738180 Paragraph Paragraph__End\">&#8211; rue Lamarck.<\/p>\n<p>Des limitations de stationnement d\u00e8s 18h ce vendredi<\/p>\n<p data-module=\"article-paragraph\" class=\"jsx-3046738180 Paragraph\">Si votre v\u00e9hicule est stationn\u00e9 sur une voie ferm\u00e9e \u00e0 la circulation dimanche, \u00ab\u00a0il sera syst\u00e9matiquement mis en fourri\u00e8re\u00a0\u00bb, pr\u00e9vient la ville de Paris.<\/p>\n<p data-module=\"article-paragraph\" class=\"jsx-3046738180 Paragraph\">Mais le stationnement de v\u00e9hicules motoris\u00e9s va aussi \u00eatre interdit dans certains secteurs <strong>de ce vendredi 18h au dimanche \u00e0 23h59<\/strong>. Voici les principaux axes concern\u00e9s :<\/p>\n<p data-module=\"article-paragraph\" class=\"jsx-3046738180 Paragraph\">&#8211; quai d&rsquo;Issy-les-Moulineaux ;<\/p>\n<p data-module=\"article-paragraph\" class=\"jsx-3046738180 Paragraph\">&#8211; quai Andr\u00e9 Citro\u00ebn ;<\/p>\n<p data-module=\"article-paragraph\" class=\"jsx-3046738180 Paragraph\">&#8211; quai de Grenelle ;<\/p>\n<p data-module=\"article-paragraph\" class=\"jsx-3046738180 Paragraph\">&#8211; quai d&rsquo;Orsay ;<\/p>\n<p data-module=\"article-paragraph\" class=\"jsx-3046738180 Paragraph\">&#8211; quai des Tuileries ;<\/p>\n<p data-module=\"article-paragraph\" class=\"jsx-3046738180 Paragraph\">&#8211; quai Fran\u00e7ois Mitterrand ;<\/p>\n<p data-module=\"article-paragraph\" class=\"jsx-3046738180 Paragraph\">&#8211; place de la Concorde ;<\/p>\n<p data-module=\"article-paragraph\" class=\"jsx-3046738180 Paragraph\">&#8211; place de la Madeleine ;<\/p>\n<p data-module=\"article-paragraph\" class=\"jsx-3046738180 Paragraph\">&#8211; boulevard des Batignolles ;<\/p>\n<p data-module=\"article-paragraph\" class=\"jsx-3046738180 Paragraph\">&#8211; place de Clichy ;\u00a0<\/p>\n<p data-module=\"article-paragraph\" class=\"jsx-3046738180 Paragraph\">La liste exhaustive est disponible sur <a href=\"https:\/\/www.paris.fr\/pages\/les-restrictions-de-circulation-et-de-stationnement-pour-le-tour-de-france-2025-31895\" target=\"_blank\" rel=\"nofollow noopener\">paris.fr (nouvelle fen\u00eatre)<\/a>.<\/p>\n<p data-module=\"article-paragraph\" class=\"jsx-3046738180 Paragraph Paragraph__End\">Attention aussi aux voies o\u00f9 le stationnement ne redeviendra possible qu&rsquo;apr\u00e8s 14h lundi, comme le boulevard Pershing ou une partie du quai de Grenelle, notamment.<\/p>\n<p>Et pour les pi\u00e9tons ?<\/p>\n<p data-module=\"article-paragraph\" class=\"jsx-3046738180 Paragraph\">\u00ab\u00a0Les pi\u00e9tons et les cyclistes peuvent circuler librement\u00a0\u00bb, assure la mairie, \u00ab\u00a0sauf dans les espaces Silt\u00a0\u00bb. Ces zones de vigilance anti-terroriste vont \u00eatre mises en place dimanche \u00ab\u00a0\u00e0 partir de 7h sur les Champs-\u00c9lys\u00e9es, puis \u00e0 9h\u00a0\u00bb autour de la Madeleine. Les personnes \u00e0 v\u00e9lo ne pourront pas entrer et des fouilles vont \u00eatre organis\u00e9es.<\/p>\n<p data-module=\"article-paragraph\" class=\"jsx-3046738180 Paragraph\">Trois rues de Montmartre, dans le 18\u1d49 arrondissement de Paris, sont interdites \u00e0 la circulation pi\u00e9tonne pendant la course : les rues Norvins, Puget et Coustou.<\/p>\n<p data-module=\"article-paragraph\" class=\"jsx-3046738180 Paragraph Paragraph__End\">S&rsquo;ils ne sont pas concern\u00e9s par les restrictions de circulation des v\u00e9hicules motoris\u00e9es, les v\u00e9los doivent respecter les restrictions de stationnement. \u00ab\u00a0Ils peuvent \u00eatre enlev\u00e9s et entrepos\u00e9s dans un commissariat parisien\u00a0\u00bb, pr\u00e9cise encore la pr\u00e9fecture de police.<\/p>\n<p>Zo\u00e9 SAMIN<\/p>\n","protected":false},"excerpt":{"rendered":"Le Tour de France 2025 se terminera dimanche 27 juillet \u00e0 Paris, au terme d&rsquo;une \u00e9preuve en plein&hellip;\n","protected":false},"author":2,"featured_media":273037,"comment_status":"","ping_status":"","sticky":false,"template":"","format":"standard","meta":{"footnotes":""},"categories":[1888],"tags":[1111,1928,11,1927,1921,1777,674,1011,27,1922,12,1926,626,1925,1072,625,25,210,133,8191],"class_list":{"0":"post-273036","1":"post","2":"type-post","3":"status-publish","4":"format-standard","5":"has-post-thumbnail","7":"category-paris","8":"tag-actu","9":"tag-actu-paris","10":"tag-actualites","11":"tag-actualites-paris","12":"tag-article-video","13":"tag-eu","14":"tag-europe","15":"tag-fr","16":"tag-france","17":"tag-info","18":"tag-news","19":"tag-news-paris","20":"tag-paris","21":"tag-paris-news","22":"tag-police","23":"tag-ratp","24":"tag-republique-francaise","25":"tag-tour-de-france","26":"tag-video","27":"tag-video-transports"},"share_on_mastodon":{"url":"https:\/\/pubeurope.com\/@fr\/114914517601912131","error":""},"_links":{"self":[{"href":"https:\/\/www.europesays.com\/fr\/wp-json\/wp\/v2\/posts\/273036","targetHints":{"allow":["GET"]}}],"collection":[{"href":"https:\/\/www.europesays.com\/fr\/wp-json\/wp\/v2\/posts"}],"about":[{"href":"https:\/\/www.europesays.com\/fr\/wp-json\/wp\/v2\/types\/post"}],"author":[{"embeddable":true,"href":"https:\/\/www.europesays.com\/fr\/wp-json\/wp\/v2\/users\/2"}],"replies":[{"embeddable":true,"href":"https:\/\/www.europesays.com\/fr\/wp-json\/wp\/v2\/comments?post=273036"}],"version-history":[{"count":0,"href":"https:\/\/www.europesays.com\/fr\/wp-json\/wp\/v2\/posts\/273036\/revisions"}],"wp:featuredmedia":[{"embeddable":true,"href":"https:\/\/www.europesays.com\/fr\/wp-json\/wp\/v2\/media\/273037"}],"wp:attachment":[{"href":"https:\/\/www.europesays.com\/fr\/wp-json\/wp\/v2\/media?parent=273036"}],"wp:term":[{"taxonomy":"category","embeddable":true,"href":"https:\/\/www.europesays.com\/fr\/wp-json\/wp\/v2\/categories?post=273036"},{"taxonomy":"post_tag","embeddable":true,"href":"https:\/\/www.europesays.com\/fr\/wp-json\/wp\/v2\/tags?post=273036"}],"curies":[{"name":"wp","href":"https:\/\/api.w.org\/{rel}","templated":true}]}}