{"id":27304,"date":"2025-04-15T19:12:40","date_gmt":"2025-04-15T19:12:40","guid":{"rendered":"https:\/\/www.europesays.com\/fr\/27304\/"},"modified":"2025-04-15T19:12:40","modified_gmt":"2025-04-15T19:12:40","slug":"le-poids-lourd-en-flammes-sur-lautoroute-pres-de-rouen-transportait-quatre-voitures","status":"publish","type":"post","link":"https:\/\/www.europesays.com\/fr\/27304\/","title":{"rendered":"Le poids lourd en flammes sur l&rsquo;autoroute pr\u00e8s de Rouen transportait quatre voitures"},"content":{"rendered":"<p>            Par<br \/>\n        <strong><br \/>\n            <a href=\"https:\/\/actu.fr\/auteur\/louise-boutard\" title=\"Consulter tous les articles de Louise Boutard\" target=\"_blank\" rel=\"noopener\">Louise Boutard<\/a><br \/>\n        <\/strong><\/p>\n<p>        Publi\u00e9 le<\/p>\n<p>            15 avr. 2025 \u00e0 6h14        <\/p>\n<p>L\u2019accident a pu g\u00eaner la circulation sur l\u2019autoroute A28. \u00c0 19\u2009h\u200920 lundi 14\u00a0avril 2025, les secours sont intervenus sur l\u2019autoroute A28 dans le sens Abbeville vers <a href=\"https:\/\/actu.fr\/normandie\/rouen_76540\" target=\"_blank\" rel=\"noopener\">Rouen (Seine-Maritime)<\/a> pour un feu de poids lourd. Pour l\u2019heure, on ne conna\u00eet pas le sort d\u2019\u00e9ventuelles victimes.<\/p>\n<p class=\" wall-content\">Le v\u00e9hicule transportait quatre voitures, plus pr\u00e9cis\u00e9ment trois v\u00e9hicules \u00e9lectriques et un v\u00e9hicule hybride.<\/p>\n<p>Le feu ne s\u2019est pas propag\u00e9 \u00e0 tous les v\u00e9hicules<\/p>\n<p class=\" wall-content\">L\u2019intervention des secours, arriv\u00e9s rapidement sur les lieux, a permis d\u2019\u00e9viter la propagation des flammes. Deux des v\u00e9hicules l\u00e9gers n\u2019ont pas \u00e9t\u00e9 atteints.<\/p>\n<p class=\" wall-content\">Les sapeurs-pompiers ont utilis\u00e9 une lance et une lance \u00e0 mousse pour l\u2019extinction de l\u2019incendie. Au total, six engins et 17 sapeurs-pompiers ont \u00e9t\u00e9 d\u00e9ploy\u00e9s.<\/p>\n<p>Suivez l\u2019actualit\u00e9 de Rouen sur <a href=\"https:\/\/www.whatsapp.com\/channel\/0029VaKfnf99hXF2ddApFB1D\" target=\"_blank\" rel=\"noopener\">notre cha\u00eene WhatsApp<\/a> et sur <a href=\"https:\/\/www.tiktok.com\/@76actu.fr?lang=fr\" target=\"_blank\" rel=\"noopener\">notre compte TikTok<\/a>Vid\u00e9os : en ce moment sur Actu<\/p>\n<p class=\" wall-content\">Suivez toute l\u2019actualit\u00e9 de vos villes et m\u00e9dias favoris en vous inscrivant \u00e0 <a href=\"https:\/\/moncompte.actu.fr\" title=\"D\u00e9couvez Mon Actu\" rel=\"nofollow noopener\" data-trk=\"{&quot;cta&quot;:{&quot;action&quot;:&quot;https:\\\/\\\/moncompte.actu.fr&quot;,&quot;category&quot;:&quot;mon compte&quot;,&quot;from&quot;:&quot;article footer&quot;,&quot;name&quot;:&quot;Mon actu&quot;,&quot;type&quot;:&quot;cta&quot;}}\" target=\"_blank\">Mon Actu<\/a>.<\/p>\n<p>                    <script async src=\"\/\/www.tiktok.com\/embed.js\"><\/script><\/p>\n","protected":false},"excerpt":{"rendered":"Par Louise Boutard Publi\u00e9 le 15 avr. 2025 \u00e0 6h14 L\u2019accident a pu g\u00eaner la circulation sur l\u2019autoroute&hellip;\n","protected":false},"author":2,"featured_media":27305,"comment_status":"","ping_status":"","sticky":false,"template":"","format":"standard","meta":{"footnotes":""},"categories":[9587],"tags":[1111,11,9611,3542,1777,674,118,1011,27,1310,12,5161,25,9590],"class_list":{"0":"post-27304","1":"post","2":"type-post","3":"status-publish","4":"format-standard","5":"has-post-thumbnail","7":"category-rouen","8":"tag-actu","9":"tag-actualites","10":"tag-autoroute-28-a28","11":"tag-circulation","12":"tag-eu","13":"tag-europe","14":"tag-faits-divers","15":"tag-fr","16":"tag-france","17":"tag-incendie","18":"tag-news","19":"tag-normandie","20":"tag-republique-francaise","21":"tag-rouen"},"share_on_mastodon":{"url":"https:\/\/pubeurope.com\/@fr\/114343571870008239","error":""},"_links":{"self":[{"href":"https:\/\/www.europesays.com\/fr\/wp-json\/wp\/v2\/posts\/27304","targetHints":{"allow":["GET"]}}],"collection":[{"href":"https:\/\/www.europesays.com\/fr\/wp-json\/wp\/v2\/posts"}],"about":[{"href":"https:\/\/www.europesays.com\/fr\/wp-json\/wp\/v2\/types\/post"}],"author":[{"embeddable":true,"href":"https:\/\/www.europesays.com\/fr\/wp-json\/wp\/v2\/users\/2"}],"replies":[{"embeddable":true,"href":"https:\/\/www.europesays.com\/fr\/wp-json\/wp\/v2\/comments?post=27304"}],"version-history":[{"count":0,"href":"https:\/\/www.europesays.com\/fr\/wp-json\/wp\/v2\/posts\/27304\/revisions"}],"wp:featuredmedia":[{"embeddable":true,"href":"https:\/\/www.europesays.com\/fr\/wp-json\/wp\/v2\/media\/27305"}],"wp:attachment":[{"href":"https:\/\/www.europesays.com\/fr\/wp-json\/wp\/v2\/media?parent=27304"}],"wp:term":[{"taxonomy":"category","embeddable":true,"href":"https:\/\/www.europesays.com\/fr\/wp-json\/wp\/v2\/categories?post=27304"},{"taxonomy":"post_tag","embeddable":true,"href":"https:\/\/www.europesays.com\/fr\/wp-json\/wp\/v2\/tags?post=27304"}],"curies":[{"name":"wp","href":"https:\/\/api.w.org\/{rel}","templated":true}]}}