{"id":273052,"date":"2025-07-25T15:19:11","date_gmt":"2025-07-25T15:19:11","guid":{"rendered":"https:\/\/www.europesays.com\/fr\/273052\/"},"modified":"2025-07-25T15:19:11","modified_gmt":"2025-07-25T15:19:11","slug":"la-france-et-lallemagne-reaffirment-la-necessite-dun-developpement-conjoint-dune-capacite-spatiale-dalerte-avancee","status":"publish","type":"post","link":"https:\/\/www.europesays.com\/fr\/273052\/","title":{"rendered":"La France et l&rsquo;Allemagne r\u00e9affirment la n\u00e9cessit\u00e9 d&rsquo;un d\u00e9veloppement conjoint d&rsquo;une capacit\u00e9 spatiale d&rsquo;alerte avanc\u00e9e"},"content":{"rendered":"<p><img fetchpriority=\"high\" decoding=\"async\" src=\"https:\/\/www.europesays.com\/fr\/wp-content\/uploads\/2025\/07\/ohb-20250725.jpg\" alt=\"\" width=\"600\" height=\"276\" class=\"alignnone size-full wp-image-83127\"  \/><\/p>\n<p>Le Livre blanc sur la d\u00e9fense et la s\u00e9curit\u00e9 nationale [LBDSN] de 2008 avait soulign\u00e9 la n\u00e9cessit\u00e9 de doter la France d\u2019une capacit\u00e9 de d\u00e9tection d\u2019alerte avanc\u00e9e, \u00ab\u00a0interop\u00e9rable\u00a0\u00bb avec les moyens mis en \u0153uvre par certains pays alli\u00e9s, afin de suivre \u00ab\u00a0l\u2019\u00e9volution des menaces balistiques, d\u00e9terminer l\u2019origine des tirs et favoriser l\u2019alerte des populations\u00a0\u00bb. <\/p>\n<p>Une telle capacit\u00e9 repose sur un radar transhorizon, comme \u00ab\u00a0Nostradamus\u00a0\u00bb qui, install\u00e9 en Normandie, est en mesure de rep\u00e9rer des missiles balistiques ainsi que tout engin \u00e9voluant dans la tr\u00e8s haute altitude [THA] \u00e0 3 000 km de distance. Ce moyen peut \u00eatre compl\u00e9t\u00e9 par des satellites dot\u00e9s de capteur infrarouges [IR] pour d\u00e9tecter d\u2019\u00e9ventuels d\u00e9parts de missiles. <\/p>\n<p>L\u2019objectif du LBDSN de 2008 \u00e9tait de disposer d\u2019une autonomie d\u2019appr\u00e9ciation plus large en s\u2019affranchissant, d\u2019ici 2020, des moyens am\u00e9ricains, comme les satellites DSP-I [Defense Support Program \u2013 Improved] puis SBIRS [Space-Based Infrared System]. <\/p>\n<p>Cela \u00e9tant, au moment de la publication de ce Livre blanc, un programme \u00e9tait d\u00e9j\u00e0 en cours. Appel\u00e9 SPIRALE [Syst\u00e8me pr\u00e9paratoire infrarouge pour l\u2019alerte], il reposait sur deux microsatellites qui, mis en orbite en 2009, devaient permettre de constituer une vaste banque d\u2019images infrarouges de la Terre afin de d\u00e9finir ensuite les sp\u00e9cifications techniques d\u2019un futur satellite de d\u00e9tection et d\u2019alerte avanc\u00e9e dont la conception devait commencer en 2016. <\/p>\n<p>Seulement, le programme SPIRALE n\u2019eut pas de suite, les cr\u00e9dits budg\u00e9taires pour d\u00e9velopper cette capacit\u00e9 ayant manqu\u00e9. Or, cette derni\u00e8re serait bien utile actuellement, avec la prolif\u00e9ration des missiles balistiques et des armes hypersoniques. <\/p>\n<p>D\u2019o\u00f9 le programme Odin\u2019s Eye, lanc\u00e9 en 2021 et financ\u00e9 \u00e0 hauteur d\u2019environ 100 millions d\u2019euros par le Fonds europ\u00e9en de d\u00e9fense [FEDef]. Malgr\u00e9 l\u2019avance prise par la France en mati\u00e8re d\u2019alerte spatiale avanc\u00e9e, la direction de ce projet a \u00e9t\u00e9 confi\u00e9e \u00e0 l\u2019allemand OHB System AG. <\/p>\n<p>Outre l\u2019Allemagne et la France [avec l\u2019ONERA, ArianeGroup, Thales, Thales Alenia Space France, Airbus Defence &amp; Space SAS, MBDA et Lynred], l\u2019Italie, l\u2019Espagne, l\u2019Autriche, la Lituanie, les Pays-Bas, la Gr\u00e8ce, la Belgique, la Finlande, le Danemark, la Pologne et la Norv\u00e8ge participent \u00e0 ce projet. <\/p>\n<p>Initialement, Odin\u2019s Eye devait aller de pair avec  EU HYDEF [European Hypersonic Defence Interceptor], un autre projet financ\u00e9 par le FEDef visant \u00e0 d\u00e9velopper une solution pour intercepter les armes hypersoniques. \u00c0 la surprise g\u00e9n\u00e9rale, il fut confi\u00e9 \u00e0 l\u2019espagnol SENER Aeroespacial, MBDA France ayant \u00e9t\u00e9 \u00e9cart\u00e9 par la Commission europ\u00e9enne. Finalement, ayant contest\u00e9 cette d\u00e9cision, l\u2019industriel fran\u00e7ais obtint gain de cause, l\u2019ex\u00e9cutif bruxellois ayant lanc\u00e9 un second projet, appel\u00e9 HYDIS\u00b2 [HYpersonic Defense Interceptor Study]. <\/p>\n<p>Quoi qu\u2019il en soit, compte tenu de l\u2019\u00e9volution des menaces balistiques et hypersoniques, Odin\u2019s Eye est sans doute plus que jamais n\u00e9cessaire. En tout cas, c\u2019est qu\u2019ont affirm\u00e9 le ministre allemand de la D\u00e9fense, Boris Pistorius, et son homologue fran\u00e7ais, S\u00e9bastien Lecornu, lors d\u2019une r\u00e9union de travail qui s\u2019est tenue \u00e0 Osnabr\u00fcck, le 24 juillet. <\/p>\n<blockquote class=\"twitter-tweet\">\n<p lang=\"fr\" dir=\"ltr\">Journ\u00e9e de travail avec mon homologue allemand Boris Pistorius, qui m&rsquo;a fait l&rsquo;honneur de m&rsquo;accueillir dans sa ville natale d&rsquo;Osnabr\u00fcck, en pr\u00e9paration du Conseil franco-allemand de d\u00e9fense et de s\u00e9curit\u00e9 pr\u00e9vu fin ao\u00fbt \u00e0 Toulon. <\/p>\n<p>Visite conjointe de l&rsquo;usine de Rheinmetall\u2026 <a href=\"https:\/\/t.co\/hlghtTujqa\">pic.twitter.com\/hlghtTujqa<\/a><\/p>\n<p>\u2014 S\u00e9bastien Lecornu (@SebLecornu) <a href=\"https:\/\/twitter.com\/SebLecornu\/status\/1948466211521519989?ref_src=twsrc%5Etfw\" target=\"_blank\" rel=\"noopener\">July 24, 2025<\/a><\/p>\n<\/blockquote>\n<p>\u00ab\u00a0Au cours de leur discussion, les deux ministres ont \u00e9galement \u00e9voqu\u00e9 le syst\u00e8me d\u2019alerte pr\u00e9coce \u2018Odin\u2019s Eye\u2019. M. Lecornu a soulign\u00e9 que les Europ\u00e9ens devaient \u00eatre capables de d\u00e9tecter rapidement les attaques de missiles\u00a0\u00bb alors que, \u00ab\u00a0pour le moment, ils d\u00e9pendent totalement des \u00c9tats-Unis \u00e0 cet \u00e9gard\u00a0\u00bb, <a href=\"https:\/\/www.bmvg.de\/de\/aktuelles\/deutsch-franzoesische-militaerkooperation-enger-schulterschluss-5978242\" target=\"_blank\" rel=\"noopener\">a r\u00e9sum\u00e9<\/a> le minist\u00e8re allemand de la D\u00e9fense. <\/p>\n<p>Selon la m\u00eame source, M. Pistorius a estim\u00e9 qu\u2019il s\u2019agissait d\u2019une \u00ab\u00a0capacit\u00e9 clef qui devrait \u00eatre d\u00e9velopp\u00e9e conjointement. A priori, d\u2019apr\u00e8s la presse d\u2019outre-Rhin, la France pourrait int\u00e9grer la technologie radar [sans doute Nostradamus] au syst\u00e8me issu du projet Odin\u2019s Eye. On en saura sans doute davantage lors du prochain conseil de d\u00e9fense franco-allemand, qui se tiendra \u00e0 Toulon, \u00e0 la fin du mois d\u2019ao\u00fbt. <\/p>\n<p>\u00c0 noter qu\u2019Odin\u2019s Eye a \u00e9t\u00e9 entrav\u00e9 par la\u2026 Commission europ\u00e9enne, celle-ci ayant, pendant un temps, refus\u00e9 de signer  les certificats de non-r\u00e9exportation li\u00e9s aux \u00e9tudes men\u00e9es dans le cadre de ce projet. <\/p>\n<p>\u00ab\u00a0Cette situation place les industriels fran\u00e7ais dans une posture d\u00e9licate puisqu\u2019ils doivent proc\u00e9der \u00e0 des transferts sans respecter int\u00e9gralement les conditions impos\u00e9es par l\u2019administration et que nous n\u2019avons pas de garanties sur les destinations finales des \u00e9quipements militaires et industriels que nous aidons \u00e0 d\u00e9velopper\u00a0\u00bb, a r\u00e9cemment fait observer le s\u00e9nateur Aymeric Durox, dans une <a href=\"https:\/\/www.senat.fr\/questions\/base\/2024\/qSEQ241000706.html\" target=\"_blank\" rel=\"noopener\">question \u00e9crite<\/a> adress\u00e9e au minist\u00e8re des Arm\u00e9es. <\/p>\n<p>Mais comme l\u2019a indiqu\u00e9 le minist\u00e8re des Arm\u00e9es dans sa r\u00e9ponse, un compromis a \u00e9t\u00e9 trouv\u00e9 \u00ab\u00a0au cas par cas\u00a0\u00bb. <\/p>\n<p>\u00ab\u00a0Ce compromis garantit la ma\u00eetrise de la diffusion par la Commission des informations class\u00e9es qu\u2019elle pourrait recevoir au titre des projets qu\u2019elle subventionne. Une r\u00e9flexion est \u00e9galement poursuivie avec la Commission afin de mieux prendre en compte cette probl\u00e9matique dans les prochains appels \u00e0 projets, dans le respect des pr\u00e9rogatives souveraines de l\u2019\u00c9tat\u00a0\u00bb, a-t-il expliqu\u00e9. <\/p>\n<p>Photo : OHB<\/p>\n<p>\t\t\t\t\t\t\t\t\t\t\t\t\t<script async src=\"https:\/\/platform.twitter.com\/widgets.js\" charset=\"utf-8\"><\/script><\/p>\n","protected":false},"excerpt":{"rendered":"Le Livre blanc sur la d\u00e9fense et la s\u00e9curit\u00e9 nationale [LBDSN] de 2008 avait soulign\u00e9 la n\u00e9cessit\u00e9 de&hellip;\n","protected":false},"author":2,"featured_media":273053,"comment_status":"","ping_status":"","sticky":false,"template":"","format":"standard","meta":{"footnotes":""},"categories":[1587],"tags":[11,41247,672,8164,1804,41248,1805,1803,1777,674,27,1801,12,41249,41250,1802,11067,41251],"class_list":{"0":"post-273052","1":"post","2":"type-post","3":"status-publish","4":"format-standard","5":"has-post-thumbnail","7":"category-allemagne","8":"tag-actualites","9":"tag-alerte-avancee","10":"tag-allemagne","11":"tag-boris-pistorius","12":"tag-bundesrepublik-deutschland","13":"tag-capacite-spatiale-dalerte-avancee","14":"tag-de","15":"tag-deutschland","16":"tag-eu","17":"tag-europe","18":"tag-france","19":"tag-germany","20":"tag-news","21":"tag-nostradamus","22":"tag-odins-eye","23":"tag-republique-federale-dallemagne","24":"tag-sebastien-lecornu","25":"tag-spirale"},"share_on_mastodon":{"url":"https:\/\/pubeurope.com\/@fr\/114914549528029872","error":""},"_links":{"self":[{"href":"https:\/\/www.europesays.com\/fr\/wp-json\/wp\/v2\/posts\/273052","targetHints":{"allow":["GET"]}}],"collection":[{"href":"https:\/\/www.europesays.com\/fr\/wp-json\/wp\/v2\/posts"}],"about":[{"href":"https:\/\/www.europesays.com\/fr\/wp-json\/wp\/v2\/types\/post"}],"author":[{"embeddable":true,"href":"https:\/\/www.europesays.com\/fr\/wp-json\/wp\/v2\/users\/2"}],"replies":[{"embeddable":true,"href":"https:\/\/www.europesays.com\/fr\/wp-json\/wp\/v2\/comments?post=273052"}],"version-history":[{"count":0,"href":"https:\/\/www.europesays.com\/fr\/wp-json\/wp\/v2\/posts\/273052\/revisions"}],"wp:featuredmedia":[{"embeddable":true,"href":"https:\/\/www.europesays.com\/fr\/wp-json\/wp\/v2\/media\/273053"}],"wp:attachment":[{"href":"https:\/\/www.europesays.com\/fr\/wp-json\/wp\/v2\/media?parent=273052"}],"wp:term":[{"taxonomy":"category","embeddable":true,"href":"https:\/\/www.europesays.com\/fr\/wp-json\/wp\/v2\/categories?post=273052"},{"taxonomy":"post_tag","embeddable":true,"href":"https:\/\/www.europesays.com\/fr\/wp-json\/wp\/v2\/tags?post=273052"}],"curies":[{"name":"wp","href":"https:\/\/api.w.org\/{rel}","templated":true}]}}