{"id":273066,"date":"2025-07-25T15:27:10","date_gmt":"2025-07-25T15:27:10","guid":{"rendered":"https:\/\/www.europesays.com\/fr\/273066\/"},"modified":"2025-07-25T15:27:10","modified_gmt":"2025-07-25T15:27:10","slug":"romain-ntamack-lache-le-xv-de-france-lannonce-forte","status":"publish","type":"post","link":"https:\/\/www.europesays.com\/fr\/273066\/","title":{"rendered":"Romain Ntamack l\u00e2che le XV de France, l\u2019annonce forte"},"content":{"rendered":"<p class=\"heading\">Apr\u00e8s le succ\u00e8s lors du 6 Nations 2025, tout le monde voulait voir le XV de France \u00e0 l\u2019\u0153uvre en Nouvelle-Z\u00e9lande, face aux All Blacks. Mais les meilleurs \u00e9l\u00e9ments de l\u2019\u00e9quipe n\u2019\u00e9taient pas l\u00e0, puisque Fabien Galthi\u00e9 s\u2019est d\u00e9plac\u00e9 \u00e0 l\u2019autre bout de la plan\u00e8te avec un groupe largement remani\u00e9, qui a essuy\u00e9 trois d\u00e9faites en autant de matchs.<\/p>\n<p>Si les N\u00e9o-z\u00e9landais ont r\u00e9ussi \u00e0 arr\u00eater l\u2019h\u00e9morragie, avec une nouvelle s\u00e9rie de trois victoires, les pol\u00e9miques n\u2019ont pas manqu\u00e9. A l\u2019autre bout du Monde, on ne comprend toujours pas comment <strong>Fabien Galthi\u00e9 <\/strong>a pu se lancer dans une tourn\u00e9e face aux <strong>All Blacks<\/strong>, sans ses meilleurs joueurs. Car les <strong>Romain Ntamack<\/strong>, <strong>Thomas Ramos<\/strong>, <strong>Gr\u00e9gory Alldritt <\/strong>ou encore <strong>Louis Bielle-Biarrey <\/strong>sont rest\u00e9s \u00e0 la maison, sans oublier <a href=\"https:\/\/le10sport.com\/rugby\/sacre-avec-antoine-dupont-il-lache-tout-et-va-en-3e-division-751811\" rel=\"nofollow noopener\" target=\"_blank\">Antoine Dupont<\/a>, gravement bless\u00e9 au genou.<\/p>\n<p>                                            \u00ab\u00a0Nos joueurs disputent des comp\u00e9titions toute la saison qui n\u00e9cessitent des p\u00e9riodes de repos \u00bb<\/p>\n<p>Pourtant, on pouvait s\u2019y attendre. Depuis 2019, les cadres du <strong>XV de France<\/strong> ne participent quasiment plus aux tourn\u00e9es estivales, sauf quand leurs clubs ne participent pas au phases finales du <strong>Top 14<\/strong>. Et dans le staff de <strong>Galthi\u00e9 <\/strong>on n\u2019\u00e9tait pas vraiment surpris. \u00ab\u00a0Cela ne nous d\u00e9\u00e7oit pas, parce que nous avons quand m\u00eame conscience que nos joueurs disputent des comp\u00e9titions toute la saison qui n\u00e9cessitent des p\u00e9riodes de repos. Ils en avaient besoin, c\u2019est une \u00e9vidence\u00a0\u00bb a expliqu\u00e9 <strong>William Servat<\/strong>, dans les colonnes du Midi Olympique.<\/p>\n<p>                                            Le grand gagnant de la tourn\u00e9e&#8230;<\/p>\n<p>Mais sans les stars, le <strong>XV de France<\/strong> a pu se d\u00e9couvrir d\u2019autres jeunes talents qui ont r\u00e9alis\u00e9 des grandes prestations en Nouvelle-Z\u00e9lande, comme <strong>Micka\u00ebl Guillard<\/strong>. \u00ab\u00a0Le staff l\u2019a \u00e9lu homme du match pour la deuxi\u00e8me fois de la tourn\u00e9e. Ce n\u2019est pas rien. Il a pris une autre dimension\u00a0\u00bb a confi\u00e9 le coach des avants tricolores, apr\u00e8s le dernier test-match face aux <strong>All Blacks<\/strong> (29-19), qui voit le deuxi\u00e8me ou troisi\u00e8me-ligne du <strong>LOU <\/strong>s\u2019imposer dans la rotation de la s\u00e9lection, pour les prochaines ann\u00e9es. \u00ab\u00a0Peu importe le poste ou le r\u00f4le, s\u2019il continue comme \u00e7a, cela va \u00eatre difficile de s\u2019en passer\u00a0\u00bb.<\/p>\n","protected":false},"excerpt":{"rendered":"Apr\u00e8s le succ\u00e8s lors du 6 Nations 2025, tout le monde voulait voir le XV de France \u00e0&hellip;\n","protected":false},"author":2,"featured_media":273067,"comment_status":"","ping_status":"","sticky":false,"template":"","format":"standard","meta":{"footnotes":""},"categories":[1416],"tags":[1011,27,479,1468,60],"class_list":{"0":"post-273066","1":"post","2":"type-post","3":"status-publish","4":"format-standard","5":"has-post-thumbnail","7":"category-rugby","8":"tag-fr","9":"tag-france","10":"tag-rugby","11":"tag-rugby-football","12":"tag-sports"},"share_on_mastodon":{"url":"https:\/\/pubeurope.com\/@fr\/114914580465901082","error":""},"_links":{"self":[{"href":"https:\/\/www.europesays.com\/fr\/wp-json\/wp\/v2\/posts\/273066","targetHints":{"allow":["GET"]}}],"collection":[{"href":"https:\/\/www.europesays.com\/fr\/wp-json\/wp\/v2\/posts"}],"about":[{"href":"https:\/\/www.europesays.com\/fr\/wp-json\/wp\/v2\/types\/post"}],"author":[{"embeddable":true,"href":"https:\/\/www.europesays.com\/fr\/wp-json\/wp\/v2\/users\/2"}],"replies":[{"embeddable":true,"href":"https:\/\/www.europesays.com\/fr\/wp-json\/wp\/v2\/comments?post=273066"}],"version-history":[{"count":0,"href":"https:\/\/www.europesays.com\/fr\/wp-json\/wp\/v2\/posts\/273066\/revisions"}],"wp:featuredmedia":[{"embeddable":true,"href":"https:\/\/www.europesays.com\/fr\/wp-json\/wp\/v2\/media\/273067"}],"wp:attachment":[{"href":"https:\/\/www.europesays.com\/fr\/wp-json\/wp\/v2\/media?parent=273066"}],"wp:term":[{"taxonomy":"category","embeddable":true,"href":"https:\/\/www.europesays.com\/fr\/wp-json\/wp\/v2\/categories?post=273066"},{"taxonomy":"post_tag","embeddable":true,"href":"https:\/\/www.europesays.com\/fr\/wp-json\/wp\/v2\/tags?post=273066"}],"curies":[{"name":"wp","href":"https:\/\/api.w.org\/{rel}","templated":true}]}}