{"id":273068,"date":"2025-07-25T15:28:16","date_gmt":"2025-07-25T15:28:16","guid":{"rendered":"https:\/\/www.europesays.com\/fr\/273068\/"},"modified":"2025-07-25T15:28:16","modified_gmt":"2025-07-25T15:28:16","slug":"forfait-a-toronto-djokovic-prend-du-repos-avec-des-stars-du-football-croate","status":"publish","type":"post","link":"https:\/\/www.europesays.com\/fr\/273068\/","title":{"rendered":"Forfait \u00e0 Toronto, Djokovic prend du repos avec des stars du football croate"},"content":{"rendered":"<p>                <img decoding=\"async\" src=\"https:\/\/www.europesays.com\/fr\/wp-content\/uploads\/2025\/07\/fiSm.jpg\" alt=\"Forfait \u00e0 Toronto, Djokovic prend du repos avec des stars du football croate\"\/><\/p>\n<p>Novak Djokovic veut continuer \u00e0 marquer l\u2019histoire du tennis. Le Serbe de 38 ans est en qu\u00eate d\u2019un 25e titre en Grand Chelem qui le fuit depuis l\u2019US Open 2023. Justement, son prochain grand objectif sera le Majeur am\u00e9ricain \u00e0 Flushing Meadows \u00e0 la fin ao\u00fbt.<\/p>\n<p>Demi-finaliste des trois premiers Grands Chelems de l\u2019ann\u00e9e, il a but\u00e9 sur Alexander Zverev \u00e0 Melbourne, avant de chuter contre Jannik Sinner aux portes de la finale \u00e0 Paris puis \u00e0 Londres.<\/p>\n<p>Finaliste au Masters 1000 de Miami contre Jakub Mensik, l\u2019ancien num\u00e9ro 1 mondial a \u00e9galement remport\u00e9 le 100e titre de sa carri\u00e8re en mai dernier \u00e0 Gen\u00e8ve contre Hubert Hurkacz.<\/p>\n<p>Mais, d\u00e9sormais, Djokovic veut prendre du repos avant d\u2019entamer la derni\u00e8re partie de la saison. En effet, le natif de Belgrade a d\u00e9cid\u00e9 de repousser son retour \u00e0 la comp\u00e9tition apr\u00e8s Wimbledon, et a d\u00e9clar\u00e9 forfait pour le Masters 1000 de Toronto qui commence la semaine prochaine.<\/p>\n<p>Toujours inscrit \u00e0 Cincinnati, il profite pour le moment de ses vacances sur les plages croates. D\u2019ailleurs, ces derniers jours, Novak Djokovic a \u00e9t\u00e9 aper\u00e7u en compagnie de deux grands noms du football croate, en l\u2019occurrence Luka Modric et Mateo Kovacic.<\/p>\n<p>Modric, l\u00e9gende du Real Madrid, vient de s\u2019engager avec l\u2019AC Milan tandis que Kovacic est \u00e0 Manchester City. Aleksander Ceferin, pr\u00e9sident de l\u2019UEFA, \u00e9tait \u00e9galement pr\u00e9sent \u00e0 leurs c\u00f4t\u00e9s. Djokovic va donc recharger les batteries avant de se pr\u00e9senter aux \u00c9tats-Unis dans les prochaines semaines.<\/p>\n","protected":false},"excerpt":{"rendered":"Novak Djokovic veut continuer \u00e0 marquer l\u2019histoire du tennis. Le Serbe de 38 ans est en qu\u00eate d\u2019un&hellip;\n","protected":false},"author":2,"featured_media":273069,"comment_status":"","ping_status":"","sticky":false,"template":"","format":"standard","meta":{"footnotes":""},"categories":[1415],"tags":[1011,27,60,1467],"class_list":{"0":"post-273068","1":"post","2":"type-post","3":"status-publish","4":"format-standard","5":"has-post-thumbnail","7":"category-tennis","8":"tag-fr","9":"tag-france","10":"tag-sports","11":"tag-tennis"},"share_on_mastodon":{"url":"https:\/\/pubeurope.com\/@fr\/114914584696376302","error":""},"_links":{"self":[{"href":"https:\/\/www.europesays.com\/fr\/wp-json\/wp\/v2\/posts\/273068","targetHints":{"allow":["GET"]}}],"collection":[{"href":"https:\/\/www.europesays.com\/fr\/wp-json\/wp\/v2\/posts"}],"about":[{"href":"https:\/\/www.europesays.com\/fr\/wp-json\/wp\/v2\/types\/post"}],"author":[{"embeddable":true,"href":"https:\/\/www.europesays.com\/fr\/wp-json\/wp\/v2\/users\/2"}],"replies":[{"embeddable":true,"href":"https:\/\/www.europesays.com\/fr\/wp-json\/wp\/v2\/comments?post=273068"}],"version-history":[{"count":0,"href":"https:\/\/www.europesays.com\/fr\/wp-json\/wp\/v2\/posts\/273068\/revisions"}],"wp:featuredmedia":[{"embeddable":true,"href":"https:\/\/www.europesays.com\/fr\/wp-json\/wp\/v2\/media\/273069"}],"wp:attachment":[{"href":"https:\/\/www.europesays.com\/fr\/wp-json\/wp\/v2\/media?parent=273068"}],"wp:term":[{"taxonomy":"category","embeddable":true,"href":"https:\/\/www.europesays.com\/fr\/wp-json\/wp\/v2\/categories?post=273068"},{"taxonomy":"post_tag","embeddable":true,"href":"https:\/\/www.europesays.com\/fr\/wp-json\/wp\/v2\/tags?post=273068"}],"curies":[{"name":"wp","href":"https:\/\/api.w.org\/{rel}","templated":true}]}}