{"id":273070,"date":"2025-07-25T15:29:10","date_gmt":"2025-07-25T15:29:10","guid":{"rendered":"https:\/\/www.europesays.com\/fr\/273070\/"},"modified":"2025-07-25T15:29:10","modified_gmt":"2025-07-25T15:29:10","slug":"les-poules-de-nationale-1-devoilees-pour-la-saison-2025-2026","status":"publish","type":"post","link":"https:\/\/www.europesays.com\/fr\/273070\/","title":{"rendered":"Les poules de Nationale 1 d\u00e9voil\u00e9es pour la saison 2025-2026"},"content":{"rendered":"<p>La Commission F\u00e9d\u00e9rale de basket 5\u00d75 et la F\u00e9d\u00e9ration Fran\u00e7aise de Basketball (<a href=\"https:\/\/nm1.ffbb.com\/actualite\/88122\" rel=\"nofollow noopener\" target=\"_blank\">FFBB<\/a>) ont\u00a0d\u00e9voil\u00e9 ce vendredi 25 juillet la composition des poules A et B de Nationale Masculine 1 (NM1), \u00e9tablies sur la base de crit\u00e8res g\u00e9ographiques, \u00e9conomiques et sportifs.<\/p>\n<p>Apr\u00e8s le principal changement de la saison 2024-2025 (l\u2019int\u00e9gration du P\u00f4le France \u00e0 la poule A), pas de gros changements pour cet exercice 2025-2026. Les rel\u00e9gu\u00e9s d\u2019ELITE 2, Fos Provence et Chartres, sont respectivement revers\u00e9s dans les poules B et A.<\/p>\n<tr>\n<td><strong>POULE A\u00a0<\/strong><\/td>\n<td><strong>POULE B<\/strong><\/td>\n<\/tr>\n<tr>\n<td>\n<ul>\n<li data-olk-copy-source=\"MessageBody\">C\u2019Chartres Basket Masculin ;<\/li>\n<li>CEP Lorient Basket Breizh ;<\/li>\n<li>Les Sables Vend\u00e9e Basket ;<\/li>\n<li>Etoile Angers Basket ;<\/li>\n<li>Tours M\u00e9tropole Basket ;<\/li>\n<li>Union Tarbes Lourdes Pyr\u00e9n\u00e9es Basket ;<\/li>\n<li>Pays de Foug\u00e8res Basket ;<\/li>\n<li>\n<p>Union Rennes Basket 35 ;<\/p>\n<\/li>\n<li>Aurore Vitr\u00e9 Basket Bretagne ;<\/li>\n<li>Toulouse Basketball Club ;<\/li>\n<li>\n<p>Val de Seine Basket ;<\/p>\n<\/li>\n<li>Poissy Basket Association ;<\/li>\n<li>Levallois Metropolitans Basketball Club ;<\/li>\n<li>P\u00f4le France Basketball ;<\/li>\n<\/ul>\n<\/td>\n<td>\n<\/td>\n<\/tr>\n<p>\u00a0<\/p>\n<p>Les calendriers d\u00e9finitifs des deux groupes seront, eux, communiqu\u00e9s prochainement.<\/p>\n<blockquote class=\"twitter-tweet\" data-width=\"550\" data-dnt=\"true\">\n<p lang=\"fr\" dir=\"ltr\">Les poules de NM1 sont d\u00e9sormais connues ! \u2705<\/p>\n<p>\u27a1 D\u00e9couvrez la r\u00e9partition des \u00e9quipes pour la saison 2025\/2026 de Nationale Masculine 1.<\/p>\n<p>\u2139 Plus d&rsquo;informations sur le site <a href=\"https:\/\/t.co\/DNbgInct9M\" rel=\"nofollow\">https:\/\/t.co\/DNbgInct9M<\/a><a href=\"https:\/\/twitter.com\/hashtag\/NM1?src=hash&amp;ref_src=twsrc%5Etfw\" rel=\"nofollow noopener\" target=\"_blank\">#NM1<\/a> <a href=\"https:\/\/t.co\/bTFdLVD06i\" rel=\"nofollow\">pic.twitter.com\/bTFdLVD06i<\/a><\/p>\n<p>\u2014 F\u00e9d\u00e9ration Fran\u00e7aise de BasketBall (@ffbasketball) <a href=\"https:\/\/twitter.com\/ffbasketball\/status\/1948745056061399143?ref_src=twsrc%5Etfw\" rel=\"nofollow noopener\" target=\"_blank\">July 25, 2025<\/a><\/p>\n<\/blockquote>\n<p><script async src=\"https:\/\/platform.twitter.com\/widgets.js\" charset=\"utf-8\"><\/script><\/p>\n","protected":false},"excerpt":{"rendered":"La Commission F\u00e9d\u00e9rale de basket 5\u00d75 et la F\u00e9d\u00e9ration Fran\u00e7aise de Basketball (FFBB) ont\u00a0d\u00e9voil\u00e9 ce vendredi 25 juillet&hellip;\n","protected":false},"author":2,"featured_media":273071,"comment_status":"","ping_status":"","sticky":false,"template":"","format":"standard","meta":{"footnotes":""},"categories":[1414],"tags":[1465,1464,1011,27,60],"class_list":{"0":"post-273070","1":"post","2":"type-post","3":"status-publish","4":"format-standard","5":"has-post-thumbnail","7":"category-basket","8":"tag-basket","9":"tag-basketball","10":"tag-fr","11":"tag-france","12":"tag-sports"},"share_on_mastodon":{"url":"https:\/\/pubeurope.com\/@fr\/114914588364834835","error":""},"_links":{"self":[{"href":"https:\/\/www.europesays.com\/fr\/wp-json\/wp\/v2\/posts\/273070","targetHints":{"allow":["GET"]}}],"collection":[{"href":"https:\/\/www.europesays.com\/fr\/wp-json\/wp\/v2\/posts"}],"about":[{"href":"https:\/\/www.europesays.com\/fr\/wp-json\/wp\/v2\/types\/post"}],"author":[{"embeddable":true,"href":"https:\/\/www.europesays.com\/fr\/wp-json\/wp\/v2\/users\/2"}],"replies":[{"embeddable":true,"href":"https:\/\/www.europesays.com\/fr\/wp-json\/wp\/v2\/comments?post=273070"}],"version-history":[{"count":0,"href":"https:\/\/www.europesays.com\/fr\/wp-json\/wp\/v2\/posts\/273070\/revisions"}],"wp:featuredmedia":[{"embeddable":true,"href":"https:\/\/www.europesays.com\/fr\/wp-json\/wp\/v2\/media\/273071"}],"wp:attachment":[{"href":"https:\/\/www.europesays.com\/fr\/wp-json\/wp\/v2\/media?parent=273070"}],"wp:term":[{"taxonomy":"category","embeddable":true,"href":"https:\/\/www.europesays.com\/fr\/wp-json\/wp\/v2\/categories?post=273070"},{"taxonomy":"post_tag","embeddable":true,"href":"https:\/\/www.europesays.com\/fr\/wp-json\/wp\/v2\/tags?post=273070"}],"curies":[{"name":"wp","href":"https:\/\/api.w.org\/{rel}","templated":true}]}}