{"id":273072,"date":"2025-07-25T15:30:18","date_gmt":"2025-07-25T15:30:18","guid":{"rendered":"https:\/\/www.europesays.com\/fr\/273072\/"},"modified":"2025-07-25T15:30:18","modified_gmt":"2025-07-25T15:30:18","slug":"raul-fernandez-a-eu-une-reunion-determinante-avec-davide-brivio-a-brno","status":"publish","type":"post","link":"https:\/\/www.europesays.com\/fr\/273072\/","title":{"rendered":"Ra\u00fal Fern\u00e1ndez a eu une r\u00e9union d\u00e9terminante avec Davide Brivio \u00e0 Brno"},"content":{"rendered":"<p>Frustr\u00e9 \u00e0 l&rsquo;issue du GP d&rsquo;Allemagne car incapable de d\u00e9passer en course, <a href=\"https:\/\/fr.motorsport.com\/driver\/raul-fernandez\/443094\/\" target=\"_blank\" rel=\"noopener\">Ra\u00fal Fern\u00e1ndez<\/a> a montr\u00e9 un bien meilleur visage en R\u00e9publique tch\u00e8que, une semaine plus tard. Pour expliquer l&rsquo;approche b\u00e9n\u00e9fique qui a \u00e9t\u00e9 la sienne, le jeune pilote espagnol a r\u00e9v\u00e9l\u00e9 avoir eu un entretien important avec son team principal, Davide Brivio, \u00e0 la veille des premiers essais. Il en a tir\u00e9 de pr\u00e9cieux enseignements qui l&rsquo;ont guid\u00e9 dans l&rsquo;attitude \u00e0 avoir durant le week-end.<\/p>\n<p>\u00ab\u00a0J&rsquo;ai eu une tr\u00e8s belle conversation avec Davide jeudi. \u00c7a m&rsquo;a beaucoup aid\u00e9\u00a0\u00bb, a expliqu\u00e9 le pilote Trackhouse Racing. \u00ab\u00a0J&rsquo;\u00e9tais super relax pendant le week-end, j&rsquo;ai pris beaucoup de plaisir sur la moto et \u00e7a m&rsquo;a beaucoup aid\u00e9.\u00a0\u00bb<\/p>\n<p>\u00ab\u00a0Il m&rsquo;aide beaucoup. Je suis jeune, j&rsquo;ai 24 ans. Quand on travaille avec Davide, qui travaille dans le paddock depuis plus de 25 ans, on peut toujours apprendre quelque chose\u00a0\u00bb, a poursuivi Ra\u00fal Fern\u00e1ndez. \u00ab\u00a0J&rsquo;appr\u00e9cie la mani\u00e8re dont il m&rsquo;aide \u00e0 certains moments. Cette conversation a \u00e9t\u00e9 tr\u00e8s importante pour moi et pour ma carri\u00e8re future. Je prends ses conseils comme quelque chose de positif pour ma vie.\u00a0\u00bb<\/p>\n<blockquote>\n<p>Cette conversation a \u00e9t\u00e9 tr\u00e8s importante pour moi et pour ma carri\u00e8re future.<\/p>\n<\/blockquote>\n<p>\u00ab\u00a0Je pense avoir beaucoup progress\u00e9 et avoir compris beaucoup de choses. Je suis encore jeune et je dois comprendre que chaque jour je peux m&rsquo;am\u00e9liorer, en tant que personne et en tant que pilote. \u00c7a m&rsquo;aide beaucoup, j&rsquo;essaye de me concentrer sur mon travail et de me donner \u00e0 100%, mais je comprends aussi que je peux progresser et apprendre des choses jour apr\u00e8s jour.\u00a0\u00bb<\/p>\n<p>L&rsquo;autre raison de ses progr\u00e8s : les qualifications<\/p>\n<p>Cinqui\u00e8me dimanche, Ra\u00fal Fern\u00e1ndez a \u00e9gal\u00e9 son meilleur r\u00e9sultat en MotoGP. Vendredi, il avait manqu\u00e9 ce qui \u00e9tait son objectif annonc\u00e9 pour ce Grand Prix, \u00e0 savoir se qualifier directement pour la Q2, la faute \u00e0 39 milli\u00e8mes l&rsquo;ayant priv\u00e9 du top 10 lors des Essais sous la pluie. Il a malgr\u00e9 tout r\u00e9ussi \u00e0 sortir de la Q1, puis \u00e0 d\u00e9crocher la sixi\u00e8me place sur la grille de d\u00e9part, tr\u00e8s au-dessus de sa moyenne de l&rsquo;ann\u00e9e.<\/p>\n<p>Il s&rsquo;agit du deuxi\u00e8me \u00e9l\u00e9ment qu&rsquo;il cite pour expliquer le bon week-end qu&rsquo;il a v\u00e9cu \u00e0 Brno, car partir si haut lui a permis de se positionner tout de suite parmi les places qui comptent. \u00ab\u00a0Quand on est 11e ou 12e [sur la grille], le d\u00e9but de la course est assez difficile. Aujourd&rsquo;hui, c\u2019\u00e9tait assez facile pour moi parce que je n&rsquo;ai pas eu trop de probl\u00e8mes pour d\u00e9passer des pilotes au d\u00e9but de la course, je n&rsquo;en avais pas tellement devant moi alors \u00e7a a beaucoup aid\u00e9\u00a0\u00bb, observait-il apr\u00e8s la course.<\/p>\n<p>   <img decoding=\"async\" draggable=\"false\" src=\"https:\/\/www.europesays.com\/fr\/wp-content\/uploads\/2025\/07\/1753457418_552_raul-fernandez-trackhouse-raci.jpg\" alt=\"Raul Fernandez, Trackhouse Racing\" width=\"1200\" height=\"800\" loading=\"lazy\"\/> <\/p>\n<p class=\"title\">Ra\u00fal Fern\u00e1ndez a connu son meilleur week-end de la saison \u00e0 Brno.<\/p>\n<p class=\"photographer\">Photo de : Gold and Goose Photography \/ LAT Images \/ via Getty Images<\/p>\n<p>\u00ab\u00a0Le d\u00e9but de la saison n&rsquo;a pas \u00e9t\u00e9 facile pour moi, mais petit \u00e0 petit on commence \u00e0 tout am\u00e9liorer. On a fait du tr\u00e8s bon boulot, aujourd&rsquo;hui mais aussi tout au long du week-end\u00a0\u00bb,\u00a0a-t-il soulign\u00e9. \u00ab\u00a0C&rsquo;est le r\u00e9sultat de ce qu&rsquo;on a commenc\u00e9 \u00e0 faire il y a plusieurs courses. Sur les sept derni\u00e8res courses, je suis entr\u00e9 six fois dans le top 10, alors \u00e7a n&rsquo;est pas le fait de venir ici qui a fait qu&rsquo;on \u00e9tait rapides. En Allemagne, j&rsquo;ai manqu\u00e9 de chance, mais au Mugello j&rsquo;\u00e9tais septi\u00e8me, \u00e0 Assen huiti\u00e8me. Au Mugello et \u00e0 Assen j&rsquo;avais la base, peut-\u00eatre pas pour faire un top 5 mais sixi\u00e8me ou septi\u00e8me.\u00a0\u00bb<\/p>\n<p>\u00ab\u00a0La grande diff\u00e9rence, ce sont les qualifications. En MotoGP aujourd&rsquo;hui, quand il fait chaud pour la course et qu&rsquo;il faut bien g\u00e9rer les pneus, c&rsquo;est assez difficile de d\u00e9passer et je crois que c&rsquo;est plus facile si on est devant. Donc je pense que \u00e7a ne vient pas juste du week-end, on a beaucoup progress\u00e9 depuis le test de Jerez. Et je pense que pour l&rsquo;avenir, il faut qu&rsquo;on se concentre beaucoup sur les qualifications, car c&rsquo;est la cl\u00e9 en MotoGP. Je crois aussi qu&rsquo;on va avoir des mises \u00e0 jour sur la moto pour la prochaine course, alors on va essayer de faire de notre mieux.\u00a0\u00bb<\/p>\n<p>Ce Grand Prix r\u00e9ussi de bout en bout constitue le meilleur week-end de\u00a0Ra\u00fal Fern\u00e1ndez depuis le d\u00e9but de la saison avec la sixi\u00e8me place du sprint et la cinqui\u00e8me de la course principale. Un r\u00e9sultat qui tombait \u00e0 point nomm\u00e9, avant de s&rsquo;accorder un peu de repos en vue de la seconde moiti\u00e9 du championnat.<\/p>\n<p>\u00ab\u00a0Quand on traverse une situation compliqu\u00e9e, \u00e7a n&rsquo;est pas facile d&rsquo;aller en vacances. Une des erreurs que j&rsquo;ai faites l&rsquo;ann\u00e9e derni\u00e8re, par exemple, a \u00e9t\u00e9 que pour la pause estivale j&rsquo;ai essay\u00e9 d&rsquo;obtenir plus que ce que j&rsquo;ai fait, et ensuite j&rsquo;\u00e9tais tr\u00e8s frustr\u00e9 dans la seconde partie de l&rsquo;ann\u00e9e. Bien finir avant la pause, \u00e7a aide beaucoup. Il faut remettre les compteurs \u00e0 z\u00e9ro pendant quelques jours, c&rsquo;est vraiment n\u00e9cessaire, et ensuite reprendre le travail mais en \u00e9tant plus relax. C&rsquo;est la cl\u00e9 pour la seconde partie de l&rsquo;ann\u00e9e.\u00a0\u00bb<\/p>\n<p>Lire aussi :<\/p>\n<p>Dans cet article<\/p>\n<p>Soyez le premier inform\u00e9 et souscrivez aux alertes mails pour recevoir les infos en temps r\u00e9el<\/p>\n<p>    S&rsquo;abonner aux alertes de news<\/p>\n","protected":false},"excerpt":{"rendered":"Frustr\u00e9 \u00e0 l&rsquo;issue du GP d&rsquo;Allemagne car incapable de d\u00e9passer en course, Ra\u00fal Fern\u00e1ndez a montr\u00e9 un bien&hellip;\n","protected":false},"author":2,"featured_media":273073,"comment_status":"","ping_status":"","sticky":false,"template":"","format":"standard","meta":{"footnotes":""},"categories":[1413],"tags":[37813,1011,27,37812,1457,1456,1458,13596,60,4084],"class_list":{"0":"post-273072","1":"post","2":"type-post","3":"status-publish","4":"format-standard","5":"has-post-thumbnail","7":"category-moto","8":"tag-brno-circuit","9":"tag-fr","10":"tag-france","11":"tag-gp-de-ru00e9publique-tchu00e8que","12":"tag-moto","13":"tag-motocycle","14":"tag-motogp","15":"tag-rau00fal-fernu00e1ndez","16":"tag-sports","17":"tag-trackhouse-racing-team"},"share_on_mastodon":{"url":"https:\/\/pubeurope.com\/@fr\/114914592333691696","error":""},"_links":{"self":[{"href":"https:\/\/www.europesays.com\/fr\/wp-json\/wp\/v2\/posts\/273072","targetHints":{"allow":["GET"]}}],"collection":[{"href":"https:\/\/www.europesays.com\/fr\/wp-json\/wp\/v2\/posts"}],"about":[{"href":"https:\/\/www.europesays.com\/fr\/wp-json\/wp\/v2\/types\/post"}],"author":[{"embeddable":true,"href":"https:\/\/www.europesays.com\/fr\/wp-json\/wp\/v2\/users\/2"}],"replies":[{"embeddable":true,"href":"https:\/\/www.europesays.com\/fr\/wp-json\/wp\/v2\/comments?post=273072"}],"version-history":[{"count":0,"href":"https:\/\/www.europesays.com\/fr\/wp-json\/wp\/v2\/posts\/273072\/revisions"}],"wp:featuredmedia":[{"embeddable":true,"href":"https:\/\/www.europesays.com\/fr\/wp-json\/wp\/v2\/media\/273073"}],"wp:attachment":[{"href":"https:\/\/www.europesays.com\/fr\/wp-json\/wp\/v2\/media?parent=273072"}],"wp:term":[{"taxonomy":"category","embeddable":true,"href":"https:\/\/www.europesays.com\/fr\/wp-json\/wp\/v2\/categories?post=273072"},{"taxonomy":"post_tag","embeddable":true,"href":"https:\/\/www.europesays.com\/fr\/wp-json\/wp\/v2\/tags?post=273072"}],"curies":[{"name":"wp","href":"https:\/\/api.w.org\/{rel}","templated":true}]}}