{"id":273080,"date":"2025-07-25T15:34:13","date_gmt":"2025-07-25T15:34:13","guid":{"rendered":"https:\/\/www.europesays.com\/fr\/273080\/"},"modified":"2025-07-25T15:34:13","modified_gmt":"2025-07-25T15:34:13","slug":"jade-hallyday-20-ans-pose-dans-une-tenue-osee-sur-instagram-la-fille-de-johnny-est-devenue-une-femme","status":"publish","type":"post","link":"https:\/\/www.europesays.com\/fr\/273080\/","title":{"rendered":"Jade Hallyday (20 ans) pose dans une tenue os\u00e9e sur Instagram, la fille de Johnny est devenue une femme"},"content":{"rendered":"<p>Jade Hallyday suscite des r\u00e9actions vives sur Instagram avec ses tenues audacieuses. \u00c0 20 ans, elle s&rsquo;affirme dans le monde de la mode, mais ses choix vestimentaires divisent les internautes.<\/p>\n<p>Jade Hallyday n&rsquo;est plus une adolescente et ses photos partag\u00e9es via son compte Instagram le montrent. Ag\u00e9e de 20 ans, la fille adoptive de Laeticia et Johnny Hallyday, n\u00e9e au Vietnam, adore la mode et les v\u00eatements. D&rsquo;ailleurs, elle s&rsquo;amuse \u00e0 en cr\u00e9er de ses propres mains et va m\u00eame jusqu&rsquo;\u00e0 porter ses cr\u00e9ations. <a href=\"https:\/\/www.pleinevie.fr\/loisirs\/celebrites\/laeticia-hallyday-brade-la-maison-de-johnny-hallyday-voici-a-quel-prix-elle-a-vendu-sa-demeure-de-marnes-la-coquette-163416.html\" rel=\"nofollow noopener\" target=\"_blank\">La fille ain\u00e9e de Johnny Hallyday<\/a> se r\u00eave-t-elle styliste dans un futur proche ?<\/p>\n<p> \t\t\t  Jade Hallyday en petite tenue sur Instagram : la fille de Johnny affole la Toile   Un look qui fait r\u00e9agir  <\/p>\n<p>Jade Hallyday fait partie de cette g\u00e9n\u00e9ration qui partage le moindre moment de vie en post pour les r\u00e9seaux sociaux. Sur Instagram, la fille a\u00een\u00e9e du Taulier est une vraie petite star ! Suivie par plus de 207 000 personnes sur Instagram, Jade Hallyday publie de nombreuses photos et vid\u00e9os de son quotidien entre Los Angeles, Saint Barthelemy (Cara\u00efbes) et Paris. Toujours sous le soleil, la grande s\u0153ur de Joy se montre souvent en maillot de bain et <strong>ses tenues, toujours sexy<\/strong>, font r\u00e9agir certains internautes.<\/p>\n<blockquote class=\"instagram-media \" style=\"background: #ffffff;border: 0;margin: 1px;width: 100%;padding: 0;max-width: 500px;\" data-instgrm-permalink=\"https:\/\/www.instagram.com\/p\/DLsRlgINx16\/?img_index=1\" data-instgrm-version=\"14\"\/><p>    Le soutien de sa m\u00e8re  <\/p>\n<p>Pauses suggestives, langue tir\u00e9e, yeux maquill\u00e9s : le look de Jade Hallyday ne pla\u00eet pas \u00e0 tout le monde. Et pour cause, la jeune femme n&rsquo;a que 20 ans et pour certaines personnes, se montrer \u00e0 moiti\u00e9 d\u00e9nud\u00e9e sur Internet n&rsquo;est pas sain pour une jeune femme. Un post datant du 20 juin, o\u00f9 l&rsquo;on voit <strong>Jade Hallyday en bikini<\/strong> rouge, a suscit\u00e9 beaucoup de r\u00e9actions n\u00e9gatives. Sous la publication, <a href=\"https:\/\/www.pleinevie.fr\/loisirs\/celebrites\/laeticia-hallyday-sejourne-dans-cet-hotel-en-bord-de-mer-a-90-e-la-nuit-avec-piscine-et-vue-sur-locean-voici-le-nom-et-ladresse-166067.html\" rel=\"nofollow noopener\" target=\"_blank\">Laeticia Hallyday<\/a> a comment\u00e9 : \u00ab\u00a0Continue de suivre tes r\u00eaves mon amour\u2026 je suis si fi\u00e8re de toi ! Ta maman qui t\u2019aime si fort\u00a0\u00bb. Les internautes ne sont pas fait prier pour r\u00e9pondre \u00e0 la m\u00e8re de famille et veuve du Taulier.<\/p>\n<blockquote class=\"instagram-media \" style=\"background: #ffffff;border: 0;margin: 1px;width: 100%;padding: 0;max-width: 500px;\" data-instgrm-permalink=\"https:\/\/www.instagram.com\/jadehallyday\/?utm_source=ig_embed\" data-instgrm-version=\"14\"\/>\n<p>\u00ab\u00a0Tr\u00e8s suggestives ces photos je trouve, c&rsquo;est trop os\u00e9&#8230;\u00a0\u00bb, \u00ab\u00a0Oui, jolie, mais pas correcte ! \u00c0 son \u00e2ge, un peu plus de pudeur serait plus appr\u00e9ci\u00e9\u00a0\u00bb, ont \u00e9crit des internautes sous les photos de la jeune femme, qui a \u00e9galement partag\u00e9 sa derni\u00e8re cr\u00e9ation : une robe en jean.<\/p>\n<p>     Jade Hallyday c\u00e9libataire : son ex balance tout   Une histoire d&rsquo;amour qui fini mal  <\/p>\n<p>Outre les tenues vestimentaires et le talent certain de Jade Hallyday pour la couture et le stylisme, <a href=\"https:\/\/www.pleinevie.fr\/loisirs\/celebrites\/jade-hallyday-19-ans-en-couple-la-fille-de-johnny-hallyday-a-bien-grandi-106989.html\" rel=\"nofollow noopener\" target=\"_blank\">ces histoires d&rsquo;amour<\/a> font \u00e9galement beaucoup parler d&rsquo;elle. La jeune femme a v\u00e9cu une longue et <a href=\"https:\/\/www.pleinevie.fr\/loisirs\/celebrites\/la-premiere-fois-avec-jade-lex-de-jade-hallyday-balance-tout-sur-leur-couple-et-leur-rupture-166613.html#goog_rewarded\" rel=\"nofollow noopener\" target=\"_blank\">belle histoire avec Michael-Sean Klemeniuk<\/a>, fils de l&rsquo;actrice britannique Gabriella Wright et du producteur de cin\u00e9ma Thierry Klemeniuk. Mais les tourtereaux se sont r\u00e9cemment s\u00e9par\u00e9s. Apr\u00e8s la douleur, Michael-Sean est sorti du silence et a fait des confidences sur sa relation avec Jade Hallyday.<\/p>\n<p>  Une rupture douloureuse  <\/p>\n<p>Jade Hallyday et Michael-Sean se sont rencontr\u00e9s en septembre 2020 au Caf\u00e9 de Flore, lieu embl\u00e9matique de la capitale tr\u00e8s pris\u00e9e des touristes. Mais apr\u00e8s deux ans d&rsquo;amour, ils se sont quitt\u00e9s d&rsquo;un commun accord.\u00a0\u00ab\u00a0C\u2019\u00e9tait douloureux pour nous deux, mais c\u2019\u00e9tait la meilleure d\u00e9cision pour moi. J\u2019esp\u00e8re qu\u2019elle s\u2019est reconstruite\u00a0\u00bb, a d\u00e9clar\u00e9 le jeune homme \u00e2g\u00e9 de 21 ans. D&rsquo;apr\u00e8s le contenu qu&rsquo;elle publie sur ses r\u00e9seaux, Jade Hallyday semble \u00eatre pass\u00e9 \u00e0 autre chose et ne pas conna\u00eetre le chagrin. Sorties en copines, plage et projets mode : sa vie est bien remplie !<\/p>\n<p>                <script async src=\"\/\/www.instagram.com\/embed.js\"><\/script><\/p>\n","protected":false},"excerpt":{"rendered":"Jade Hallyday suscite des r\u00e9actions vives sur Instagram avec ses tenues audacieuses. \u00c0 20 ans, elle s&rsquo;affirme dans&hellip;\n","protected":false},"author":2,"featured_media":273081,"comment_status":"","ping_status":"","sticky":false,"template":"","format":"standard","meta":{"footnotes":""},"categories":[1359],"tags":[10281,58,59,1011,27,973],"class_list":{"0":"post-273080","1":"post","2":"type-post","3":"status-publish","4":"format-standard","5":"has-post-thumbnail","7":"category-people","8":"tag-buzz-nonli","9":"tag-divertissement","10":"tag-entertainment","11":"tag-fr","12":"tag-france","13":"tag-people"},"share_on_mastodon":{"url":"https:\/\/pubeurope.com\/@fr\/114914607971120180","error":""},"_links":{"self":[{"href":"https:\/\/www.europesays.com\/fr\/wp-json\/wp\/v2\/posts\/273080","targetHints":{"allow":["GET"]}}],"collection":[{"href":"https:\/\/www.europesays.com\/fr\/wp-json\/wp\/v2\/posts"}],"about":[{"href":"https:\/\/www.europesays.com\/fr\/wp-json\/wp\/v2\/types\/post"}],"author":[{"embeddable":true,"href":"https:\/\/www.europesays.com\/fr\/wp-json\/wp\/v2\/users\/2"}],"replies":[{"embeddable":true,"href":"https:\/\/www.europesays.com\/fr\/wp-json\/wp\/v2\/comments?post=273080"}],"version-history":[{"count":0,"href":"https:\/\/www.europesays.com\/fr\/wp-json\/wp\/v2\/posts\/273080\/revisions"}],"wp:featuredmedia":[{"embeddable":true,"href":"https:\/\/www.europesays.com\/fr\/wp-json\/wp\/v2\/media\/273081"}],"wp:attachment":[{"href":"https:\/\/www.europesays.com\/fr\/wp-json\/wp\/v2\/media?parent=273080"}],"wp:term":[{"taxonomy":"category","embeddable":true,"href":"https:\/\/www.europesays.com\/fr\/wp-json\/wp\/v2\/categories?post=273080"},{"taxonomy":"post_tag","embeddable":true,"href":"https:\/\/www.europesays.com\/fr\/wp-json\/wp\/v2\/tags?post=273080"}],"curies":[{"name":"wp","href":"https:\/\/api.w.org\/{rel}","templated":true}]}}