{"id":273084,"date":"2025-07-25T15:36:11","date_gmt":"2025-07-25T15:36:11","guid":{"rendered":"https:\/\/www.europesays.com\/fr\/273084\/"},"modified":"2025-07-25T15:36:11","modified_gmt":"2025-07-25T15:36:11","slug":"le-conseil-municipal-des-enfants-a-cree-des-boites-a-livres","status":"publish","type":"post","link":"https:\/\/www.europesays.com\/fr\/273084\/","title":{"rendered":"le conseil municipal des enfants a cr\u00e9\u00e9 des bo\u00eetes \u00e0 livres"},"content":{"rendered":"<p>En ce mois de juillet\u00a02025, une belle initiative citoyenne port\u00e9e par la jeunesse ceriz\u00e9enne a vu le jour dans le parc du Puy-Genest. La toute premi\u00e8re\u00a0bo\u00eete \u00e0 livres\u00a0con\u00e7ue par le conseil municipal des enfants (CME) a \u00e9t\u00e9 inaugur\u00e9e, en pr\u00e9sence de Johnny Brosseau, maire de Cerizay, et d\u2019\u00e9lus municipaux. Parfaitement int\u00e9gr\u00e9e dans un arbre \u00e0 proximit\u00e9 du ch\u00e2teau, cette bo\u00eete \u00e0 li&#8230; <\/p>\n<p>    Cet article a \u00e9t\u00e9 tronqu\u00e9. Abonnez-vous pour lire l&rsquo;article complet sur notre site.<\/p>\n<p style=\"margin: 0 !important; padding: 0 !important; font-size: 12px !important;\">Cet article a \u00e9t\u00e9 tronqu\u00e9. Abonnez-vous pour lire l&rsquo;article complet.<\/p>\n<p>    <a href=\"https:\/\/www.lanouvellerepublique.fr\/abonnements\" style=\"display: inline-block; margin-top: 5px !important; padding: 6px 12px !important; background: #cb1c27; color: white; text-decoration: none; border-radius: 4px; font-size: 12px !important;\" target=\"_blank\" rel=\"noopener\"><br \/>\n      S&rsquo;abonner<br \/>\n    <\/a><\/p>\n","protected":false},"excerpt":{"rendered":"En ce mois de juillet\u00a02025, une belle initiative citoyenne port\u00e9e par la jeunesse ceriz\u00e9enne a vu le jour&hellip;\n","protected":false},"author":2,"featured_media":273085,"comment_status":"","ping_status":"","sticky":false,"template":"","format":"standard","meta":{"footnotes":""},"categories":[1357],"tags":[1379,41253,1674,58,59,1011,27,1380,1393],"class_list":{"0":"post-273084","1":"post","2":"type-post","3":"status-publish","4":"format-standard","5":"has-post-thumbnail","7":"category-livres","8":"tag-books","9":"tag-cerizay","10":"tag-communes","11":"tag-divertissement","12":"tag-entertainment","13":"tag-fr","14":"tag-france","15":"tag-livres","16":"tag-loisirs"},"share_on_mastodon":{"url":"https:\/\/pubeurope.com\/@fr\/114914615989156957","error":""},"_links":{"self":[{"href":"https:\/\/www.europesays.com\/fr\/wp-json\/wp\/v2\/posts\/273084","targetHints":{"allow":["GET"]}}],"collection":[{"href":"https:\/\/www.europesays.com\/fr\/wp-json\/wp\/v2\/posts"}],"about":[{"href":"https:\/\/www.europesays.com\/fr\/wp-json\/wp\/v2\/types\/post"}],"author":[{"embeddable":true,"href":"https:\/\/www.europesays.com\/fr\/wp-json\/wp\/v2\/users\/2"}],"replies":[{"embeddable":true,"href":"https:\/\/www.europesays.com\/fr\/wp-json\/wp\/v2\/comments?post=273084"}],"version-history":[{"count":0,"href":"https:\/\/www.europesays.com\/fr\/wp-json\/wp\/v2\/posts\/273084\/revisions"}],"wp:featuredmedia":[{"embeddable":true,"href":"https:\/\/www.europesays.com\/fr\/wp-json\/wp\/v2\/media\/273085"}],"wp:attachment":[{"href":"https:\/\/www.europesays.com\/fr\/wp-json\/wp\/v2\/media?parent=273084"}],"wp:term":[{"taxonomy":"category","embeddable":true,"href":"https:\/\/www.europesays.com\/fr\/wp-json\/wp\/v2\/categories?post=273084"},{"taxonomy":"post_tag","embeddable":true,"href":"https:\/\/www.europesays.com\/fr\/wp-json\/wp\/v2\/tags?post=273084"}],"curies":[{"name":"wp","href":"https:\/\/api.w.org\/{rel}","templated":true}]}}