{"id":273086,"date":"2025-07-25T15:37:20","date_gmt":"2025-07-25T15:37:20","guid":{"rendered":"https:\/\/www.europesays.com\/fr\/273086\/"},"modified":"2025-07-25T15:37:20","modified_gmt":"2025-07-25T15:37:20","slug":"la-chaine-bein-reclame-a-la-lfp-un-traitement-equitable-nouveau-bras-de-fer-en-vue","status":"publish","type":"post","link":"https:\/\/www.europesays.com\/fr\/273086\/","title":{"rendered":"La cha\u00eene beIN r\u00e9clame \u00e0 la LFP \u00ab\u00a0un traitement\u00a0\u00e9quitable\u00a0\u00bb, nouveau bras de fer en vue"},"content":{"rendered":"<p>On souhaite bien du courage \u00e0 <a href=\"https:\/\/www.20minutes.fr\/dossier\/nicolas_de_tavernost\" class=\"color-ultramarine c-link\" rel=\"nofollow noopener\" target=\"_blank\">Nicolas de Tavernost<\/a>, d\u00e9sormais directeur de LFP Media, pour aplanir les tensions actuelles avec <a href=\"https:\/\/www.20minutes.fr\/dossier\/bein_sport\" class=\"color-ultramarine c-link\" rel=\"nofollow noopener\" target=\"_blank\">beIN SPORTS<\/a> sur l\u2019\u00e9pineuse question des <a href=\"https:\/\/www.20minutes.fr\/dossier\/droits_tv\" class=\"color-ultramarine c-link\" rel=\"nofollow noopener\" target=\"_blank\">droits TV<\/a>. La cha\u00eene franco-qatarienne, qui diffuse un match par journ\u00e9e de <a href=\"https:\/\/www.20minutes.fr\/sport\/ligue-1\/\" class=\"color-ultramarine c-link\" rel=\"nofollow noopener\" target=\"_blank\">Ligue 1<\/a> au moins jusqu\u2019\u00e0 la fin de la saison 2025-2026, vient en effet d\u2019\u00e9crire \u00e0 la Ligue de football professionnel (<a href=\"https:\/\/www.20minutes.fr\/sport\/lfp\/\" class=\"color-ultramarine c-link\" rel=\"nofollow noopener\" target=\"_blank\">LFP<\/a>) pour lui demander un \u00ab\u00a0traitement \u00e9quitable\u00a0\u00bb dans le contrat qui lie les deux parties.<\/p>\n<p>\u00ab\u00a0Ce que demande beIN SPORTS, ce n\u2019est pas de nouveaux droits, ni une ren\u00e9gociation de contrat, c\u2019est un traitement \u00e9quitable pour l\u2019investissement exceptionnel que nous r\u00e9alisons actuellement [et depuis pr\u00e8s de deux d\u00e9cennies] dans les droits de la Ligue 1, de la <a href=\"https:\/\/www.20minutes.fr\/sport\/ligue_2\/\" class=\"color-ultramarine c-link\" rel=\"nofollow noopener\" target=\"_blank\">Ligue 2<\/a> et des matchs internationaux fran\u00e7ais\u00a0\u00bb, a expliqu\u00e9 Yousef Al-Obaidly, dirigeant de beIN en France, dans un courrier adress\u00e9 \u00e0 Nicolas de Tavernost.<\/p>\n<\/p>\n<p>\u00ab\u00a0Des restrictions injustifi\u00e9es et disproportionn\u00e9es\u00a0\u00bb<\/p>\n<p>Le journal <a href=\"https:\/\/www.lequipe.fr\/Medias\/Article\/Bein-sports-fracasse-la-lfp-tout-ce-qu-on-demande-fondamentalement-c-est-un-traitement-equitable\/1580665\" rel=\"nofollow noopener\" target=\"_blank\" class=\"color-ultramarine c-link\">L\u2019Equipe<\/a> r\u00e9v\u00e8le ce vendredi un bras de fer entre les deux parties \u00e0 propos de l\u2019affiche du samedi \u00e0 17 heures, pour laquelle beIN s\u2019acquitte de 78,5\u00a0millions d\u2019euros annuel. Un montant qui constitue le seul revenu garanti \u00e0 la LFP apr\u00e8s la fin du contrat avec DAZN, principal diffuseur la saison pass\u00e9e.<\/p>\n<p>Pour cette affiche, beIN SPORTS dispose du choix 1 ou du choix 2 en alternance, mais elle ne peut pas diffuser plus de huit fois une m\u00eame \u00e9quipe dans la saison, ni programmer deux fois de suite le m\u00eame club. \u00ab\u00a0Ces restrictions injustifi\u00e9es et disproportionn\u00e9es impos\u00e9es \u00e0 beIN SPORTS ne sont plus n\u00e9cessaires, compte tenu de la r\u00e9siliation anticip\u00e9e du contrat de LFP Media avec DAZN\u00a0\u00bb, poursuit dans son courrier Yousef Al-Obaidly.<\/p>\n<p><a href=\"https:\/\/www.20minutes.fr\/dossier\/droits_tv\" class=\"c-link c-btn c-btn--primary\" rel=\"nofollow noopener\" target=\"_blank\">Notre dossier sur les droits TV<\/a><\/p>\n<p>Pour remplacer la plateforme britannique <a href=\"https:\/\/www.20minutes.fr\/sport\/football\/dazn\/\" class=\"color-ultramarine c-link\" rel=\"nofollow noopener\" target=\"_blank\">DAZN<\/a>, LFP Media, la soci\u00e9t\u00e9 commerciale de la LFP, va lancer sa propre plateforme <a href=\"https:\/\/www.20minutes.fr\/sport\/football\/ligue-1\/4163019-20250710-droits-tv-plateforme-lfp-diffuser-championnat-appellera-ligue-1\" class=\"color-ultramarine c-link\" rel=\"nofollow noopener\" target=\"_blank\">baptis\u00e9e Ligue\u00a01 +<\/a>, le 15\u00a0ao\u00fbt \u00e0 la reprise du championnat. Press\u00e9e par LFP Media de s\u2019acquitter d\u2019une \u00e9ch\u00e9ance de 18\u00a0millions d\u2019euros dus au 15\u00a0juillet pour les droits internationaux de la Ligue 1, beIN va la r\u00e9gler \u00ab\u00a0tr\u00e8s prochainement\u00a0\u00bb, assure ce vendredi une source proche des n\u00e9gociations.<\/p>\n","protected":false},"excerpt":{"rendered":"On souhaite bien du courage \u00e0 Nicolas de Tavernost, d\u00e9sormais directeur de LFP Media, pour aplanir les tensions&hellip;\n","protected":false},"author":2,"featured_media":273087,"comment_status":"","ping_status":"","sticky":false,"template":"","format":"standard","meta":{"footnotes":""},"categories":[1356],"tags":[41254,4928,58,10475,59,63,1011,27,2330,66,5713,517,252,1364],"class_list":{"0":"post-273086","1":"post","2":"type-post","3":"status-publish","4":"format-standard","5":"has-post-thumbnail","7":"category-television","8":"tag-bein-sport","9":"tag-dazn","10":"tag-divertissement","11":"tag-droits-tv","12":"tag-entertainment","13":"tag-football","14":"tag-fr","15":"tag-france","16":"tag-lfp","17":"tag-ligue-1","18":"tag-nicolas-de-tavernost","19":"tag-sport","20":"tag-television","21":"tag-tv"},"share_on_mastodon":{"url":"https:\/\/pubeurope.com\/@fr\/114914619841254208","error":""},"_links":{"self":[{"href":"https:\/\/www.europesays.com\/fr\/wp-json\/wp\/v2\/posts\/273086","targetHints":{"allow":["GET"]}}],"collection":[{"href":"https:\/\/www.europesays.com\/fr\/wp-json\/wp\/v2\/posts"}],"about":[{"href":"https:\/\/www.europesays.com\/fr\/wp-json\/wp\/v2\/types\/post"}],"author":[{"embeddable":true,"href":"https:\/\/www.europesays.com\/fr\/wp-json\/wp\/v2\/users\/2"}],"replies":[{"embeddable":true,"href":"https:\/\/www.europesays.com\/fr\/wp-json\/wp\/v2\/comments?post=273086"}],"version-history":[{"count":0,"href":"https:\/\/www.europesays.com\/fr\/wp-json\/wp\/v2\/posts\/273086\/revisions"}],"wp:featuredmedia":[{"embeddable":true,"href":"https:\/\/www.europesays.com\/fr\/wp-json\/wp\/v2\/media\/273087"}],"wp:attachment":[{"href":"https:\/\/www.europesays.com\/fr\/wp-json\/wp\/v2\/media?parent=273086"}],"wp:term":[{"taxonomy":"category","embeddable":true,"href":"https:\/\/www.europesays.com\/fr\/wp-json\/wp\/v2\/categories?post=273086"},{"taxonomy":"post_tag","embeddable":true,"href":"https:\/\/www.europesays.com\/fr\/wp-json\/wp\/v2\/tags?post=273086"}],"curies":[{"name":"wp","href":"https:\/\/api.w.org\/{rel}","templated":true}]}}