{"id":273090,"date":"2025-07-25T15:40:38","date_gmt":"2025-07-25T15:40:38","guid":{"rendered":"https:\/\/www.europesays.com\/fr\/273090\/"},"modified":"2025-07-25T15:40:38","modified_gmt":"2025-07-25T15:40:38","slug":"cest-confirme-le-film-le-plus-vu-de-lannee-en-france-au-cinema-aura-une-suite","status":"publish","type":"post","link":"https:\/\/www.europesays.com\/fr\/273090\/","title":{"rendered":"C&rsquo;est confirm\u00e9, le film le plus vu de l&rsquo;ann\u00e9e en France au cin\u00e9ma aura une suite !"},"content":{"rendered":"<p>Sorti en mai 2025, ce film fait encore un \u00e9norme carton en salles. Le blockbuster estival est d&rsquo;ailleurs sur le point de d\u00e9passer le milliard de dollars de recette au box-office mondial. Bonne nouvelle : une suite va avoir lieu et le nom du sc\u00e9nariste a d\u00e9j\u00e0 \u00e9t\u00e9 d\u00e9voil\u00e9 ! T\u00e9l\u00e9-Loisirs vous dit tout. <\/p>\n<p>Il \u00e9tait tr\u00e8s attendu et, le mercredi 21 mai 2025, le v\u0153u de tous les fans a \u00e9t\u00e9 exauc\u00e9, puisque Lilo &amp; Stitch a \u00e9t\u00e9 adapt\u00e9 au cin\u00e9ma. Un live-action toujours \u00e0 l\u2019affiche qui a, pour le moment, engrang\u00e9 plus de 910 millions de dollars au box-office mondial. Selon le m\u00e9dia am\u00e9ricain <a href=\"https:\/\/variety.com\/\" rel=\"nofollow noopener\" target=\"_blank\">Variety<\/a>, il est m\u00eame sur le point de devenir le premier blockbuster \u00e0 un milliard de dollars de l&rsquo;ann\u00e9e. Malgr\u00e9 tout, <a href=\"https:\/\/www.programme-tv.net\/news\/evenement\/disney-plus-streaming\/380019-lilo-et-stitch-pourquoi-un-personnage-emblematique-a-disparu-du-film-sorti-il-y-a-quelques-jours-le-realisateur-repond\/\" data-api-deeplink=\"teleloisirs:\/\/news\/380019\" rel=\"nofollow noopener\" target=\"_blank\">les fans ont regrett\u00e9 l&rsquo;absence d&rsquo;un personnage cl\u00e9 de l&rsquo;histoire de Lilo &amp; Stitch. <\/a>Mais qu&rsquo;ils se rassurent : Disney vient de confirmer que le film aura une suite dont le sc\u00e9nario sera \u00e9crit par Chris Sanders&#8230; Et qui sait, peut-\u00eatre que ce personnage embl\u00e9matique sera au casting cette fois-ci ! Le cin\u00e9aste remplace donc Chris Kekaniokalani Bright et Mike Van Waes, qui avaient adapt\u00e9 l\u2019histoire du film original. Un second film dans lequel Chris Sanders devrait s\u00fbrement faire un petit clin d&rsquo;\u0153il \u00e0 <a href=\"https:\/\/www.programme-tv.net\/news\/people\/381336-mort-de-david-hekili-kenui-bell-vu-dans-le-film-lilo-stitch-a-l-age-de-46-ans\/\" data-api-deeplink=\"teleloisirs:\/\/news\/381336\" rel=\"nofollow noopener\" target=\"_blank\">David Hekili Kenui Bell, acteur du film, d\u00e9c\u00e9d\u00e9 un mois apr\u00e8s la sortie du film \u00e0 l&rsquo;\u00e2ge de 46 ans.<\/a><\/p>\n<p>                        Chris Sanders a d\u00e9j\u00e0 collabor\u00e9 avec Stitch par le pass\u00e9<\/p>\n<p>Chris Sanders a une attache particuli\u00e8re avec Stitch. <b>Avant la sortie du live-action, il a pr\u00eat\u00e9 sa voix au petit extraterrestre bleu dans les parcs Disney ou encore les produits d\u00e9riv\u00e9s. <\/b>Apr\u00e8s avoir travaill\u00e9 avec Disney pendant plusieurs ann\u00e9es, il a quitt\u00e9 la firme am\u00e9ricaine au milieu des ann\u00e9es 2000 pour travailler avec DreamWorks Animation, o\u00f9 il a mis en sc\u00e8ne Les Croods, le premier Dragons et Le Robot Sauvage. Chris Sanders a finalement retrouv\u00e9 Disney et 20th Century Studios pour son premier film en prise de vues r\u00e9elles. Il s&rsquo;agit de L\u2019Appel de la For\u00eat, sorti en 2020 avec <a href=\"https:\/\/www.programme-tv.net\/biographie\/1152-ford-harrison\/\" data-link-people=\"0601269a-303d-4d56-b54b-20cd6a87c429\" rel=\"nofollow noopener\" target=\"_blank\">Harrison Ford<\/a>.<\/p>\n<p>Stitch, un personnage qui rapporte !<\/p>\n<p>Bien avant la sortie du live-action, <a href=\"https:\/\/www.programme-tv.net\/news\/cinema\/264682-lilo-and-stitch-disney-pourquoi-on-adore-stitch\/\" data-api-deeplink=\"teleloisirs:\/\/news\/264682\" rel=\"nofollow noopener\" target=\"_blank\">Stitch \u00e9tait d\u00e9j\u00e0 l&rsquo;un des personnages pr\u00e9f\u00e9r\u00e9s des fans de Disney.<\/a> Mais le film a bouscul\u00e9 les ventes des produits d\u00e9riv\u00e9s. Variety a notamment r\u00e9v\u00e9l\u00e9 que le live-action a eu un tr\u00e8s gros impact sur le merchandising de Disney, puisque<b> 2.600.000.000 de dollars de produits \u00e0 l&rsquo;effigie des personnages de <\/b><b>Lilo &amp; Stitch <\/b><b>ont \u00e9t\u00e9 vendus depuis.<\/b><\/p>\n<p>Article \u00e9crit avec la collaboration de 6m\u00e9dias.<\/p>\n","protected":false},"excerpt":{"rendered":"Sorti en mai 2025, ce film fait encore un \u00e9norme carton en salles. Le blockbuster estival est d&rsquo;ailleurs&hellip;\n","protected":false},"author":2,"featured_media":273091,"comment_status":"","ping_status":"","sticky":false,"template":"","format":"standard","meta":{"footnotes":""},"categories":[1354],"tags":[2080,244,10451,58,59,31156,1346,1011,27,26189,1360,36266,129],"class_list":{"0":"post-273090","1":"post","2":"type-post","3":"status-publish","4":"format-standard","5":"has-post-thumbnail","7":"category-films","8":"tag-box-office","9":"tag-commentaire","10":"tag-disney-plus","11":"tag-divertissement","12":"tag-entertainment","13":"tag-film-danimation","14":"tag-films","15":"tag-fr","16":"tag-france","17":"tag-live-action","18":"tag-movies","19":"tag-sorties-cinu00e9ma","20":"tag-svod"},"share_on_mastodon":{"url":"https:\/\/pubeurope.com\/@fr\/114914631511053609","error":""},"_links":{"self":[{"href":"https:\/\/www.europesays.com\/fr\/wp-json\/wp\/v2\/posts\/273090","targetHints":{"allow":["GET"]}}],"collection":[{"href":"https:\/\/www.europesays.com\/fr\/wp-json\/wp\/v2\/posts"}],"about":[{"href":"https:\/\/www.europesays.com\/fr\/wp-json\/wp\/v2\/types\/post"}],"author":[{"embeddable":true,"href":"https:\/\/www.europesays.com\/fr\/wp-json\/wp\/v2\/users\/2"}],"replies":[{"embeddable":true,"href":"https:\/\/www.europesays.com\/fr\/wp-json\/wp\/v2\/comments?post=273090"}],"version-history":[{"count":0,"href":"https:\/\/www.europesays.com\/fr\/wp-json\/wp\/v2\/posts\/273090\/revisions"}],"wp:featuredmedia":[{"embeddable":true,"href":"https:\/\/www.europesays.com\/fr\/wp-json\/wp\/v2\/media\/273091"}],"wp:attachment":[{"href":"https:\/\/www.europesays.com\/fr\/wp-json\/wp\/v2\/media?parent=273090"}],"wp:term":[{"taxonomy":"category","embeddable":true,"href":"https:\/\/www.europesays.com\/fr\/wp-json\/wp\/v2\/categories?post=273090"},{"taxonomy":"post_tag","embeddable":true,"href":"https:\/\/www.europesays.com\/fr\/wp-json\/wp\/v2\/tags?post=273090"}],"curies":[{"name":"wp","href":"https:\/\/api.w.org\/{rel}","templated":true}]}}