{"id":273094,"date":"2025-07-25T15:43:12","date_gmt":"2025-07-25T15:43:12","guid":{"rendered":"https:\/\/www.europesays.com\/fr\/273094\/"},"modified":"2025-07-25T15:43:12","modified_gmt":"2025-07-25T15:43:12","slug":"en-direct-tour-de-france-2025-thymen-arensman-remporte-la-19e-etape-sa-deuxieme-depuis-le-debut-de-la-grande-boucle","status":"publish","type":"post","link":"https:\/\/www.europesays.com\/fr\/273094\/","title":{"rendered":"En direct Tour de France 2025. Thymen Arensman remporte la 19e \u00e9tape, sa deuxi\u00e8me depuis le d\u00e9but de la Grande Boucle"},"content":{"rendered":"<p>Comme jeudi \u00e0 la sortie de Vif, ville d\u00e9part de la 18e \u00e9tape, Lidl-Trek sera certainement tent\u00e9 de contr\u00f4ler le d\u00e9but de course pour son sprinteur Jonathan Milan. Le Maillot Vert aura l\u2019occasion d\u2019empocher 20 points suppl\u00e9mentaires seulement 12,1 km apr\u00e8s la sortie d\u2019Albertville \u00e0 Villard-sur-Doron.<\/p>\n<p>Si les coureurs sont rest\u00e9s sages hier, attendant tranquillement de sortir du peloton apr\u00e8s le sprint interm\u00e9diaire, le format resserr\u00e9 de l\u2019\u00e9tape de ce vendredi pourrait les inciter \u00e0 tenter le coup d\u00e8s le d\u00e9part. Ne ratez pas le coup d\u2019envoi de cette derni\u00e8re explication en montagne, qui sera donn\u00e9 par Christian Prudhomme \u00e0 14h30.<\/p>\n<p>Ce contenu est bloqu\u00e9 car vous n&rsquo;avez pas accept\u00e9 les cookies et autres traceurs.<\/p>\n<p>En cliquant sur \u00ab J\u2019accepte \u00bb, les cookies et autres traceurs seront d\u00e9pos\u00e9s et vous pourrez visualiser les contenus  (<a href=\"\" class=\"consentModule_policy\" target=\"_blank\" title=\"Consulter la politique de protection des donn\u00e9es du fournisseur\">plus d&rsquo;informations<\/a>).<\/p>\n<p>En cliquant sur \u00ab J\u2019accepte tous les cookies \u00bb, vous autorisez des d\u00e9p\u00f4ts de cookies et autres traceurs pour le stockage de vos donn\u00e9es sur nos sites et applications \u00e0 des fins de personnalisation et de ciblage publicitaire.<\/p>\n<p class=\"consentModule_secondaryText\">Vous gardez la possibilit\u00e9 de retirer votre consentement \u00e0 tout moment en consultant notre <a href=\"https:\/\/www.ledauphine.com\/protection-des-donnees\" target=\"_blank\" title=\"Consulter notre politique de protection des donn\u00e9es\" rel=\"noopener\">politique de protection des donn\u00e9es<\/a>. <br \/>&#13;<br \/>\n            <a href=\"https:\/\/www.ledauphine.com\/sport\/2025\/07\/25\/javascript:Didomi.notice.show()\" class=\"consentModule_cmp\" target=\"_blank\" rel=\"noopener\">G\u00e9rer mes choix<\/a>&#13;\n        <\/p>\n<p>&#13;<br \/>\n                        J&rsquo;accepte&#13;<br \/>\n            J&rsquo;accepte tous les cookies&#13;\n        <\/p>\n","protected":false},"excerpt":{"rendered":"Comme jeudi \u00e0 la sortie de Vif, ville d\u00e9part de la 18e \u00e9tape, Lidl-Trek sera certainement tent\u00e9 de&hellip;\n","protected":false},"author":2,"featured_media":273095,"comment_status":"","ping_status":"","sticky":false,"template":"","format":"standard","meta":{"footnotes":""},"categories":[9],"tags":[207,3545,107,1011,27,12369,5508,517,1947,60,210],"class_list":{"0":"post-273094","1":"post","2":"type-post","3":"status-publish","4":"format-standard","5":"has-post-thumbnail","7":"category-sports","8":"tag-cyclisme","9":"tag-direct-sport","10":"tag-fil-info","11":"tag-fr","12":"tag-france","13":"tag-la-course","14":"tag-savoie","15":"tag-sport","16":"tag-sport-national","17":"tag-sports","18":"tag-tour-de-france"},"share_on_mastodon":{"url":"https:\/\/pubeurope.com\/@fr\/114914643423798740","error":""},"_links":{"self":[{"href":"https:\/\/www.europesays.com\/fr\/wp-json\/wp\/v2\/posts\/273094","targetHints":{"allow":["GET"]}}],"collection":[{"href":"https:\/\/www.europesays.com\/fr\/wp-json\/wp\/v2\/posts"}],"about":[{"href":"https:\/\/www.europesays.com\/fr\/wp-json\/wp\/v2\/types\/post"}],"author":[{"embeddable":true,"href":"https:\/\/www.europesays.com\/fr\/wp-json\/wp\/v2\/users\/2"}],"replies":[{"embeddable":true,"href":"https:\/\/www.europesays.com\/fr\/wp-json\/wp\/v2\/comments?post=273094"}],"version-history":[{"count":0,"href":"https:\/\/www.europesays.com\/fr\/wp-json\/wp\/v2\/posts\/273094\/revisions"}],"wp:featuredmedia":[{"embeddable":true,"href":"https:\/\/www.europesays.com\/fr\/wp-json\/wp\/v2\/media\/273095"}],"wp:attachment":[{"href":"https:\/\/www.europesays.com\/fr\/wp-json\/wp\/v2\/media?parent=273094"}],"wp:term":[{"taxonomy":"category","embeddable":true,"href":"https:\/\/www.europesays.com\/fr\/wp-json\/wp\/v2\/categories?post=273094"},{"taxonomy":"post_tag","embeddable":true,"href":"https:\/\/www.europesays.com\/fr\/wp-json\/wp\/v2\/tags?post=273094"}],"curies":[{"name":"wp","href":"https:\/\/api.w.org\/{rel}","templated":true}]}}