{"id":273096,"date":"2025-07-25T15:44:10","date_gmt":"2025-07-25T15:44:10","guid":{"rendered":"https:\/\/www.europesays.com\/fr\/273096\/"},"modified":"2025-07-25T15:44:10","modified_gmt":"2025-07-25T15:44:10","slug":"apres-la-fureur-de-la-maison-blanche-les-createurs-de-south-park-se-disent-terriblement-desoles-ou-pas","status":"publish","type":"post","link":"https:\/\/www.europesays.com\/fr\/273096\/","title":{"rendered":"Apr\u00e8s la fureur de la Maison-Blanche, les cr\u00e9ateurs de \u00ab\u00a0South Park\u00a0\u00bb se disent \u00ab\u00a0terriblement d\u00e9sol\u00e9s\u00a0\u00bb (ou pas)"},"content":{"rendered":"<p>Les cr\u00e9ateurs de South Park ont r\u00e9ussi un sacr\u00e9 coup et s\u2019en f\u00e9licitent. Apr\u00e8s avoir renouvel\u00e9 leur contrat avec Paramount \u00e0 hauteur de 1,5\u00a0milliard de dollars, ils ont d\u00e9di\u00e9 le premier \u00e9pisode de la nouvelle saison \u00e0 la fa\u00e7on <a href=\"https:\/\/www.20minutes.fr\/arts-stars\/television\/4164768-20250722-allez-faire-f-stephen-colbert-repond-donald-trump-apres-fin-programmee-late-show\" target=\"_blank\" class=\"color-ultramarine c-link\" rel=\"noopener\">dont a \u00e9t\u00e9 licenci\u00e9 Stephen Colbert<\/a> pour plaire \u00e0 Donald Trump, qu\u2019ils ont mis en sc\u00e8ne au lit avec Satan et tout nu, en insistant lourdement sur la petitesse du p\u00e9nis du chef de l\u2019Etat et sa propension \u00e0 vouloir porter plainte contre quiconque est <a href=\"https:\/\/www.20minutes.fr\/monde\/4164196-20250718-donald-trump-menace-poursuites-article-attribuant-lettre-salace-epstein\" target=\"_blank\" class=\"color-ultramarine c-link\" rel=\"noopener\">en d\u00e9saccord avec lui<\/a> ou lui d\u00e9pla\u00eet.<\/p>\n<p>La Paramount n\u2019a pas r\u00e9agi, alors qu\u2019elle compte sur le bon vouloir de l\u2019administration Trump pour <a href=\"https:\/\/www.20minutes.fr\/arts-stars\/television\/4164441-20250719-donald-trump-ravi-arret-late-show-stephen-colbert\" target=\"_blank\" class=\"color-ultramarine c-link\" rel=\"noopener\">valider une fusion<\/a> \u00e0 8\u00a0milliards de dollars avec Skydance. De son c\u00f4t\u00e9, la Maison-Blanche est dans une col\u00e8re noire et l\u2019a fait savoir.<\/p>\n<p>Flouter ou non le p\u00e9nis pr\u00e9sidentiel<\/p>\n<p>D\u00e9fendant les actions de Donald Trump \u00ab\u00a0qui a concr\u00e9tis\u00e9 plus de promesses en six mois que n\u2019importe quel autre pr\u00e9sident\u00a0\u00bb des Etats-Unis, <a href=\"https:\/\/www.20minutes.fr\/monde\/etats-unis\/4165232-20250725-etats-unis-south-park-moque-donald-trump-maison-blanche-fulmine\" target=\"_blank\" class=\"color-ultramarine c-link\" rel=\"noopener\">le porte-parole Taylor Rogers<\/a> a affirm\u00e9 que la \u00ab\u00a0s\u00e9rie n\u2019est plus d\u2019actualit\u00e9 depuis 20 ans\u00a0\u00bb et accus\u00e9, comme il en est d\u2019usage chez les conservateurs, \u00ab\u00a0la gauche\u00a0\u00bb d\u2019\u00eatre en perte de vitesse et de n\u2019avoir \u00ab\u00a0aucun contenu authentique ou original\u00a0\u00bb.<\/p>\n<p>Interrog\u00e9s sur la fureur du chef de l\u2019Etat lors du Comic-Con, Trey Parker et Matt Stone, les deux cr\u00e9ateurs de la s\u00e9rie anim\u00e9e, ont r\u00e9agi en une phrase et avec le sourire\u00a0: \u00ab\u00a0Nous sommes terriblement d\u00e9sol\u00e9s\u00a0\u00bb. Une r\u00e9ponse qui a provoqu\u00e9 le fou rire de l\u2019assistance, comme on peut le voir sur <a href=\"https:\/\/www.instagram.com\/reel\/DMhIDxnMq1L\/\" rel=\"nofollow noopener\" target=\"_blank\" class=\"color-ultramarine c-link\">cette vid\u00e9o<\/a>. Une hilarit\u00e9 \u00e0 laquelle ils ont r\u00e9agi en hochant la t\u00eate, d\u2019un air satisfait.<\/p>\n<p>Preuve qu\u2019ils ne comptent ni s\u2019excuser ni brosser le pouvoir en place dans le sens du poil \u00e0 l\u2019avenir, Trey Parker et Matt Stone ont ensuite lev\u00e9 le voile sur la gen\u00e8se de cet \u00e9pisode qui a fait le tour du monde d\u00e8s sa diffusion. Et le principal sujet de la discussion a \u00e9t\u00e9\u2026 le p\u00e9nis pr\u00e9sidentiel. Les parties g\u00e9nitales de Donald Trump avaient d\u00e9j\u00e0 beaucoup fait parler \u00e0 l\u2019\u00e9poque du proc\u00e8s pour fraude \u00e0 l\u2019issue duquel il a \u00e9t\u00e9 reconnu coupable, avec <a href=\"https:\/\/www.20minutes.fr\/arts-stars\/people\/stormy-daniels\/\" target=\"_blank\" class=\"color-ultramarine c-link\" rel=\"noopener\">le t\u00e9moignage de Stormy Daniels<\/a>, qui avait d\u00e9crit l\u2019intimit\u00e9 du chef de l\u2019Etat de fa\u00e7on tr\u00e8s graphique dans un livre.<\/p>\n<p>Un temps de r\u00e9action quasi imm\u00e9diat<\/p>\n<p>Apr\u00e8s avoir visionn\u00e9 cet \u00e9pisode, la seule demande des producteurs a \u00e9t\u00e9 de \u00ab\u00a0flouter le p\u00e9nis\u00a0\u00bb, ce qu\u2019ils ont cat\u00e9goriquement refus\u00e9. \u00ab\u00a0Si on met des yeux sur le p\u00e9nis, on ne le floute pas. \u00c7a a \u00e9t\u00e9 toute la discussion entre gens adultes pendant quatre putains de jours\u00a0\u00bb, a ajout\u00e9 Matt Stone.<\/p>\n<p>Quant \u00e0 savoir quel sera le sujet du prochain \u00e9pisode, ils ont encore le temps d\u2019y r\u00e9fl\u00e9chir. S\u2019ils ont pu, aussi rapidement, r\u00e9agir au licenciement de Stephen Colbert et aux menaces proc\u00e9durales de Donald Trump envers les m\u00e9dias, c\u2019est parce qu\u2019ils n\u2019ont besoin que de quelques jours pour monter un \u00e9pisode. N\u2019en d\u00e9plaise au pr\u00e9sident des Etats-Unis et ses troupes, c\u2019est ce qui leur permet justement de rester au plus proche de l\u2019actualit\u00e9 et d\u2019en faire une satire depuis plus de vingt ans. C\u2019est peut-\u00eatre aussi ce qui explique le silence de la Paramount, dont la fusion avec Skydance <a href=\"https:\/\/variety.com\/2025\/tv\/news\/fcc-approves-paramount-skydance-merger-deal-conditions-1236459974\/\" rel=\"nofollow noopener\" target=\"_blank\" class=\"color-ultramarine c-link\">a \u00e9t\u00e9 valid\u00e9e<\/a> par l\u2019administration Trump juste apr\u00e8s avoir mis fin au late-show <a href=\"https:\/\/www.20minutes.fr\/monde\/etats-unis\/4154357-20250519-etats-unis-beyonce-oprah-winfrey-trump-veut-enquete-stars-soutenu-kamala-harris\" target=\"_blank\" class=\"color-ultramarine c-link\" rel=\"noopener\">qui \u00e9nervait Donald Trump<\/a> et peu avant la diffusion, hier, de l\u2019\u00e9pisode de South Park.<\/p>\n<p><script async src=\"\/\/www.instagram.com\/embed.js\"><\/script><\/p>\n","protected":false},"excerpt":{"rendered":"Les cr\u00e9ateurs de South Park ont r\u00e9ussi un sacr\u00e9 coup et s\u2019en f\u00e9licitent. Apr\u00e8s avoir renouvel\u00e9 leur contrat&hellip;\n","protected":false},"author":2,"featured_media":273097,"comment_status":"","ping_status":"","sticky":false,"template":"","format":"standard","meta":{"footnotes":""},"categories":[8],"tags":[58,75,59,1011,27,78,973,38497,41255,133],"class_list":{"0":"post-273096","1":"post","2":"type-post","3":"status-publish","4":"format-standard","5":"has-post-thumbnail","7":"category-divertissement","8":"tag-divertissement","9":"tag-donald-trump","10":"tag-entertainment","11":"tag-fr","12":"tag-france","13":"tag-maison-blanche","14":"tag-people","15":"tag-south-park","16":"tag-stormy-daniels","17":"tag-video"},"share_on_mastodon":{"url":"https:\/\/pubeurope.com\/@fr\/114914647382646304","error":""},"_links":{"self":[{"href":"https:\/\/www.europesays.com\/fr\/wp-json\/wp\/v2\/posts\/273096","targetHints":{"allow":["GET"]}}],"collection":[{"href":"https:\/\/www.europesays.com\/fr\/wp-json\/wp\/v2\/posts"}],"about":[{"href":"https:\/\/www.europesays.com\/fr\/wp-json\/wp\/v2\/types\/post"}],"author":[{"embeddable":true,"href":"https:\/\/www.europesays.com\/fr\/wp-json\/wp\/v2\/users\/2"}],"replies":[{"embeddable":true,"href":"https:\/\/www.europesays.com\/fr\/wp-json\/wp\/v2\/comments?post=273096"}],"version-history":[{"count":0,"href":"https:\/\/www.europesays.com\/fr\/wp-json\/wp\/v2\/posts\/273096\/revisions"}],"wp:featuredmedia":[{"embeddable":true,"href":"https:\/\/www.europesays.com\/fr\/wp-json\/wp\/v2\/media\/273097"}],"wp:attachment":[{"href":"https:\/\/www.europesays.com\/fr\/wp-json\/wp\/v2\/media?parent=273096"}],"wp:term":[{"taxonomy":"category","embeddable":true,"href":"https:\/\/www.europesays.com\/fr\/wp-json\/wp\/v2\/categories?post=273096"},{"taxonomy":"post_tag","embeddable":true,"href":"https:\/\/www.europesays.com\/fr\/wp-json\/wp\/v2\/tags?post=273096"}],"curies":[{"name":"wp","href":"https:\/\/api.w.org\/{rel}","templated":true}]}}