{"id":273098,"date":"2025-07-25T15:45:11","date_gmt":"2025-07-25T15:45:11","guid":{"rendered":"https:\/\/www.europesays.com\/fr\/273098\/"},"modified":"2025-07-25T15:45:11","modified_gmt":"2025-07-25T15:45:11","slug":"cette-decouverte-dor-depasse-limagination-un-gisement-record-qui-pourrait-redefinir-leconomie-mondiale-de-demain","status":"publish","type":"post","link":"https:\/\/www.europesays.com\/fr\/273098\/","title":{"rendered":"Cette d\u00e9couverte d\u2019or d\u00e9passe l\u2019imagination : un gisement record qui pourrait red\u00e9finir l\u2019\u00e9conomie mondiale de demain"},"content":{"rendered":"<tr>\n<td><strong>EN BREF<\/strong><\/td>\n<\/tr>\n<tr>\n<td>\n<ul>\n<li>\ud83c\udf0d D\u00e9couverte \u00e0 Hawa\u00ef d\u2019un gisement d\u2019or potentiellement plus vaste que tout ce qui a \u00e9t\u00e9 exploit\u00e9 jusqu\u2019\u00e0 maintenant.<\/li>\n<li>\ud83d\udd0d Le <strong>ruth\u00e9nium<\/strong> d\u00e9tect\u00e9 dans les roches basaltiques indique la probable pr\u00e9sence d\u2019or.<\/li>\n<li>\ud83d\udca1 Une r\u00e9serve d\u2019or capable de recouvrir la Terre de 0,46 m\u00e8tre, mais <strong>encore inaccessible<\/strong> pour des centaines de millions d\u2019ann\u00e9es.<\/li>\n<li>\ud83c\udf31 Enjeux \u00e9conomiques et environnementaux importants pour Hawa\u00ef, qui pourrait devenir un <strong>territoire strat\u00e9gique<\/strong>.<\/li>\n<\/ul>\n<\/td>\n<\/tr>\n<p>L\u2019or, ce m\u00e9tal pr\u00e9cieux qui a fascin\u00e9 l\u2019humanit\u00e9 depuis des mill\u00e9naires, pourrait conna\u00eetre un tournant majeur gr\u00e2ce \u00e0 une d\u00e9couverte g\u00e9ologique stup\u00e9fiante. Imaginez un monde o\u00f9 l\u2019or ne serait plus synonyme de raret\u00e9, mais deviendrait aussi courant que le fer. Cette perspective, bien que lointaine, est envisag\u00e9e gr\u00e2ce \u00e0 la d\u00e9couverte d\u2019un gisement colossal \u00e0 Hawa\u00ef, un territoire qui pourrait bien devenir strat\u00e9gique sur la sc\u00e8ne mondiale.<\/p>\n<p>Le r\u00f4le cl\u00e9 du ruth\u00e9nium dans la d\u00e9couverte<\/p>\n<p>La d\u00e9couverte de ce gisement d\u2019or \u00e0 Hawa\u00ef est \u00e9troitement li\u00e9e \u00e0 l\u2019\u00e9tude d\u2019un autre m\u00e9tal, le ruth\u00e9nium. Ce m\u00e9tal, bien que moins connu du grand public, a une relation g\u00e9ologique significative avec l\u2019or. Les scientifiques ont constat\u00e9 que la pr\u00e9sence de ruth\u00e9nium dans certaines roches basaltiques sugg\u00e8re souvent celle de l\u2019or. <strong>Cette corr\u00e9lation a permis aux chercheurs de renforcer leurs certitudes<\/strong> quant \u00e0 la pr\u00e9sence d\u2019or dans ces territoires. En effet, les quantit\u00e9s importantes de ruth\u00e9nium d\u00e9tect\u00e9es indiquent que ces roches proviennent d\u2019une partie du noyau terrestre qui favorise la migration des m\u00e9taux pr\u00e9cieux vers la surface.<\/p>\n<p>La d\u00e9couverte du ruth\u00e9nium a donc \u00e9t\u00e9 le premier indice majeur de l\u2019existence potentielle de cet immense gisement d\u2019or. Cela souligne l\u2019importance de la recherche g\u00e9ologique et de l\u2019exploration mini\u00e8re dans la qu\u00eate de ressources naturelles, qui pourrait bien red\u00e9finir notre compr\u00e9hension et notre exploitation des m\u00e9taux pr\u00e9cieux.<\/p>\n<blockquote class=\"wp-embedded-content\" data-secret=\"5R7K5VWOfv\">\n<p><a href=\"https:\/\/www.lejournaleconomique.com\/2025\/07\/21\/un-tresor-inegale-cette-decouverte-dun-mega-gisement-dor-pourrait-renverser-leconomie-mondiale-avec-ses-tonnes-de-metal-precieux-pretes-a-etre-extraites\/\" target=\"_blank\" rel=\"noopener\">\u00ab Un tr\u00e9sor in\u00e9gal\u00e9 \u00bb : cette d\u00e9couverte d\u2019un m\u00e9ga-gisement d\u2019or pourrait renverser l\u2019\u00e9conomie mondiale avec ses tonnes de m\u00e9tal pr\u00e9cieux pr\u00eates \u00e0 \u00eatre extraites<\/a><\/p>\n<\/blockquote>\n<p>Une r\u00e9serve d\u2019or presque in\u00e9puisable<\/p>\n<p>La quantit\u00e9 d\u2019or pr\u00e9sente dans ce gisement est vertigineuse. Selon les estimations, il y aurait suffisamment d\u2019or pour recouvrir la Terre d\u2019une couche de 0,46 m\u00e8tre d\u2019\u00e9paisseur. <strong>Cependant, cet or reste profond\u00e9ment enfoui dans le noyau terrestre<\/strong>, rendant son exploitation actuelle impossible. Cette situation pourrait transformer la perception de l\u2019or de notre vivant. Si cet or devient un jour accessible, il pourrait inonder le march\u00e9 et faire chuter sa valeur, le rendant aussi banal que des m\u00e9taux comme le fer ou l\u2019aluminium.<\/p>\n<p>Cette abondance potentielle pose \u00e9galement des questions sur l\u2019avenir de l\u2019\u00e9conomie mondiale et de l\u2019environnement. L\u2019exploitation d\u2019un tel gisement pourrait red\u00e9finir les r\u00e8gles du commerce mondial de l\u2019or. Mais pour l\u2019instant, cette immense r\u00e9serve reste une promesse pour les g\u00e9n\u00e9rations futures, qui devront peut-\u00eatre r\u00e9inventer leur rapport \u00e0 ce m\u00e9tal pr\u00e9cieux.<\/p>\n<blockquote class=\"wp-embedded-content\" data-secret=\"okWOXXGmxD\">\n<p><a href=\"https:\/\/www.lejournaleconomique.com\/2025\/07\/22\/ils-veulent-racheter-nos-vacances-apres-les-jours-feries-le-gouvernement-cible-la-5e-semaine-de-conges-pour-faire-des-economies\/\" target=\"_blank\" rel=\"noopener\">\u00ab Ils veulent racheter nos vacances \u00bb : apr\u00e8s les jours f\u00e9ri\u00e9s, le gouvernement cible la 5e semaine de cong\u00e9s pour faire des \u00e9conomies<\/a><\/p>\n<\/blockquote>\n<p>Des perspectives \u00e0 long terme<\/p>\n<p>Bien que la confirmation de la pr\u00e9sence d\u2019or soit une nouvelle excitante, la ru\u00e9e vers cet or n\u2019est pas pour demain. Les scientifiques estiment qu\u2019il faudra encore des centaines de millions d\u2019ann\u00e9es pour que cet or migre vers des zones exploitables par l\u2019homme. <strong>C\u2019est une perspective qui projette cette richesse bien au-del\u00e0 de notre \u00e9poque<\/strong>, laissant aux g\u00e9n\u00e9rations futures le soin de d\u00e9couvrir et d\u2019exploiter ce tr\u00e9sor terrestre.<\/p>\n<p>Cette attente rappelle d\u2019autres d\u00e9couvertes g\u00e9ologiques, comme le gisement de Bushveld en Afrique du Sud, d\u00e9couvert \u00e0 la fin du XIXe si\u00e8cle mais exploit\u00e9 bien plus tard. La g\u00e9ologie nous enseigne la patience, et cette d\u00e9couverte \u00e0 Hawa\u00ef n\u2019\u00e9chappe pas \u00e0 cette r\u00e8gle. Elle nous rappelle que la terre cache encore bien des secrets, attendant d\u2019\u00eatre r\u00e9v\u00e9l\u00e9s lorsque le moment sera venu.<\/p>\n<blockquote class=\"wp-embedded-content\" data-secret=\"IxGsEmZKns\">\n<p><a href=\"https:\/\/www.lejournaleconomique.com\/2025\/07\/21\/cest-la-fin-des-privileges-francois-bayrou-annonce-le-gel-des-aides-et-des-retraites-provoquant-stupeur-et-indignation-dans-tout-le-pays\/\" target=\"_blank\" rel=\"noopener\">\u00ab C\u2019est la fin des privil\u00e8ges ! \u00bb : Fran\u00e7ois Bayrou annonce le gel des aides et des retraites, provoquant stupeur et indignation dans tout le pays<\/a><\/p>\n<\/blockquote>\n<p>L\u2019impact potentiel sur Hawa\u00ef et le monde<\/p>\n<p>Hawa\u00ef, en tant que territoire h\u00f4te de cette d\u00e9couverte, pourrait se retrouver au centre de l\u2019attention internationale. La pr\u00e9sence d\u2019un tel gisement d\u2019or pourrait transformer l\u2019\u00e9conomie locale, mais aussi poser des d\u00e9fis environnementaux et sociaux significatifs. <strong>La gestion de cette richesse n\u00e9cessitera une approche \u00e9quilibr\u00e9e<\/strong>, prenant en compte les besoins \u00e9conomiques tout en pr\u00e9servant l\u2019\u00e9cosyst\u00e8me unique de l\u2019\u00eele.<\/p>\n<p>Les implications mondiales d\u2019une telle d\u00e9couverte sont \u00e9galement vastes. Elle pourrait red\u00e9finir les relations \u00e9conomiques internationales et influencer les march\u00e9s des m\u00e9taux pr\u00e9cieux. Les enjeux sont immenses, et il sera crucial de naviguer prudemment entre les opportunit\u00e9s \u00e9conomiques et les responsabilit\u00e9s environnementales.<\/p>\n<p>La d\u00e9couverte de cet immense gisement d\u2019or \u00e0 Hawa\u00ef ouvre la voie \u00e0 de nombreuses r\u00e9flexions sur notre rapport aux ressources naturelles et sur l\u2019avenir de notre plan\u00e8te. Quelle sera la place de l\u2019or dans notre soci\u00e9t\u00e9 si sa raret\u00e9 venait \u00e0 dispara\u00eetre ?<\/p>\n<p>Cet article s\u2019appuie sur des sources v\u00e9rifi\u00e9es et l\u2019assistance de technologies \u00e9ditoriales.<\/p>\n<p id=\"rating\">\u00c7a vous a plu ?\u00a04.6\/5 (27)<\/p>\n","protected":false},"excerpt":{"rendered":"EN BREF \ud83c\udf0d D\u00e9couverte \u00e0 Hawa\u00ef d\u2019un gisement d\u2019or potentiellement plus vaste que tout ce qui a \u00e9t\u00e9&hellip;\n","protected":false},"author":2,"featured_media":273099,"comment_status":"","ping_status":"","sticky":false,"template":"","format":"standard","meta":{"footnotes":""},"categories":[7],"tags":[1011,27,34616,5190,18547,43,40,41,39,42,44],"class_list":{"0":"post-273098","1":"post","2":"type-post","3":"status-publish","4":"format-standard","5":"has-post-thumbnail","7":"category-sciences-et-technologies","8":"tag-fr","9":"tag-france","10":"tag-geologie","11":"tag-or","12":"tag-ressources-naturelles","13":"tag-science","14":"tag-science-and-technology","15":"tag-sciences","16":"tag-sciences-et-technologies","17":"tag-technologies","18":"tag-technology"},"share_on_mastodon":{"url":"https:\/\/pubeurope.com\/@fr\/114914651218288645","error":""},"_links":{"self":[{"href":"https:\/\/www.europesays.com\/fr\/wp-json\/wp\/v2\/posts\/273098","targetHints":{"allow":["GET"]}}],"collection":[{"href":"https:\/\/www.europesays.com\/fr\/wp-json\/wp\/v2\/posts"}],"about":[{"href":"https:\/\/www.europesays.com\/fr\/wp-json\/wp\/v2\/types\/post"}],"author":[{"embeddable":true,"href":"https:\/\/www.europesays.com\/fr\/wp-json\/wp\/v2\/users\/2"}],"replies":[{"embeddable":true,"href":"https:\/\/www.europesays.com\/fr\/wp-json\/wp\/v2\/comments?post=273098"}],"version-history":[{"count":0,"href":"https:\/\/www.europesays.com\/fr\/wp-json\/wp\/v2\/posts\/273098\/revisions"}],"wp:featuredmedia":[{"embeddable":true,"href":"https:\/\/www.europesays.com\/fr\/wp-json\/wp\/v2\/media\/273099"}],"wp:attachment":[{"href":"https:\/\/www.europesays.com\/fr\/wp-json\/wp\/v2\/media?parent=273098"}],"wp:term":[{"taxonomy":"category","embeddable":true,"href":"https:\/\/www.europesays.com\/fr\/wp-json\/wp\/v2\/categories?post=273098"},{"taxonomy":"post_tag","embeddable":true,"href":"https:\/\/www.europesays.com\/fr\/wp-json\/wp\/v2\/tags?post=273098"}],"curies":[{"name":"wp","href":"https:\/\/api.w.org\/{rel}","templated":true}]}}