{"id":273100,"date":"2025-07-25T15:46:14","date_gmt":"2025-07-25T15:46:14","guid":{"rendered":"https:\/\/www.europesays.com\/fr\/273100\/"},"modified":"2025-07-25T15:46:14","modified_gmt":"2025-07-25T15:46:14","slug":"65-millions-de-passagers-retardes-par-la-mauvaise-gestion-du-controle-aerien-francais","status":"publish","type":"post","link":"https:\/\/www.europesays.com\/fr\/273100\/","title":{"rendered":"6,5 millions de passagers retard\u00e9s par \u00abla mauvaise gestion\u00bb du contr\u00f4le a\u00e9rien fran\u00e7ais"},"content":{"rendered":"<p>\u00abPlus de 36.000 vols Ryanair et plus de 6 millions de passagers ont subi des retards entre le 1er janvier et le 22 juillet 2025 \u00e0 cause de la mauvaise gestion du service de contr\u00f4le a\u00e9rien fran\u00e7ais, du manque de personnel et de gr\u00e8ves \u201cr\u00e9cr\u00e9atives\u201d\u00bb, \u00e9crit la compagnie irlandaise dans un communiqu\u00e9.<\/p>\n<p class=\"fig-paragraph\">Quelque 6,5 millions de passagers de\u00a0<a href=\"http:\/\/www.lefigaro.fr\/societes\/ryanair-un-benefice-plus-que-double-au-premier-trimestre-grace-a-des-prix-en-hausse-20250721\" data-fig-type=\"NewsFlash\" data-gtm-custom-categorie=\"navigation\" data-gtm-custom-action=\"crossclick\" data-gtm-custom-label=\"Contextuel\" data-gtm-event=\"customEventSPE\" data-fig-domain=\"LEFIGARO\" target=\"_blank\" rel=\"noopener\">Ryanair<\/a>\u00a0ont subi des retards depuis le d\u00e9but de l&rsquo;ann\u00e9e en raison des gr\u00e8ves et de la \u00abmauvaise gestion\u00bb du contr\u00f4le a\u00e9rien fran\u00e7ais, a d\u00e9nonc\u00e9 vendredi la premi\u00e8re compagnie a\u00e9rienne d&rsquo;Europe. \u00abPlus de 36.000 vols Ryanair et plus de 6 millions de passagers ont subi des retards entre le 1er janvier et le 22 juillet 2025 \u00e0 cause de la mauvaise gestion du service de contr\u00f4le a\u00e9rien fran\u00e7ais, du manque de personnel et de gr\u00e8ves \u201cr\u00e9cr\u00e9atives\u201d\u00bb, \u00e9crit la compagnie irlandaise Ryanair dans un communiqu\u00e9.<\/p>\n<p class=\"fig-paragraph\">La compagnie a\u00e9rienne appelle le ministre fran\u00e7ais des Transport<a href=\"http:\/\/www.lefigaro.fr\/nice\/tunnel-de-tende-entre-la-france-et-l-italie-philippe-tabarot-obtient-son-ouverture-elargie-de-6h-a-21h-cet-ete-20250718\" data-fig-type=\"NewsFlash\" data-gtm-custom-categorie=\"navigation\" data-gtm-custom-action=\"crossclick\" data-gtm-custom-label=\"Contextuel\" data-gtm-event=\"customEventSPE\" data-fig-domain=\"LEFIGARO\" target=\"_blank\" rel=\"noopener\">\u00a0Philippe Tabarot<\/a>\u00a0\u00e0 prendre des mesures \u00aburgentes\u00bb pour r\u00e9former ce service en estimant que \u00ab90% de ces retards auraient pu \u00eatre \u00e9vit\u00e9s\u00bb. Elle pr\u00e9conise de prot\u00e9ger les survols lors des gr\u00e8ves nationales et d&rsquo;obliger les contr\u00f4leurs a\u00e9riens \u00e0 assurer un effectif complet pour les d\u00e9parts de la premi\u00e8re vague chaque jour. D&rsquo;apr\u00e8s Ryanair, la France est le pays en Europe o\u00f9 le contr\u00f4le a\u00e9rien cause le plus de retards pour ses passagers. \u00c0 titre de comparaison, 3,8 millions de passagers ont subi des retards imput\u00e9s aux contr\u00f4leurs a\u00e9riens en Espagne, 1,8 en Allemagne, 700.000 au Royaume-Uni et 600.000 au Portugal, selon les statistiques cit\u00e9es par la compagnie.<\/p>\n<p>                                    <a class=\"fig-a11y-skip a11y-hidden\" href=\"#fig-a11y-skip-main-inarticle\"><br \/>\n        Passer la publicit\u00e9<br \/>\n    <\/a><\/p>\n<p class=\"fig-paragraph\">Derni\u00e8re en date, la gr\u00e8ve d\u00e9clench\u00e9e par deux syndicats minoritaires d&rsquo;aiguilleurs du ciel fran\u00e7ais les 3 et 4 juillet dernier, r\u00e9clamant une am\u00e9lioration des conditions de travail et des effectifs plus importants, a touch\u00e9 plus d&rsquo;un million de passagers et co\u00fbt\u00e9 environ 120 millions d&rsquo;euros aux compagnies europ\u00e9ennes, selon l&rsquo;organisme de surveillance du trafic Eurocontrol. La compagnie a\u00e9rienne britannique EasyJet avait elle aussi d\u00e9nonc\u00e9 \u00ables co\u00fbts importants\u00bb li\u00e9s \u00e0 ce mouvement social lors de la publication de ses r\u00e9sultats du troisi\u00e8me trimestre, le 17 juillet.<\/p>\n","protected":false},"excerpt":{"rendered":"\u00abPlus de 36.000 vols Ryanair et plus de 6 millions de passagers ont subi des retards entre le&hellip;\n","protected":false},"author":2,"featured_media":273101,"comment_status":"","ping_status":"","sticky":false,"template":"","format":"standard","meta":{"footnotes":""},"categories":[6],"tags":[37,35,35823,33,34,1011,27,8683],"class_list":{"0":"post-273100","1":"post","2":"type-post","3":"status-publish","4":"format-standard","5":"has-post-thumbnail","7":"category-economie","8":"tag-avion","9":"tag-business","10":"tag-controleurs-aeriens","11":"tag-economie","12":"tag-economy","13":"tag-fr","14":"tag-france","15":"tag-ryanair"},"share_on_mastodon":{"url":"https:\/\/pubeurope.com\/@fr\/114914655161795485","error":""},"_links":{"self":[{"href":"https:\/\/www.europesays.com\/fr\/wp-json\/wp\/v2\/posts\/273100","targetHints":{"allow":["GET"]}}],"collection":[{"href":"https:\/\/www.europesays.com\/fr\/wp-json\/wp\/v2\/posts"}],"about":[{"href":"https:\/\/www.europesays.com\/fr\/wp-json\/wp\/v2\/types\/post"}],"author":[{"embeddable":true,"href":"https:\/\/www.europesays.com\/fr\/wp-json\/wp\/v2\/users\/2"}],"replies":[{"embeddable":true,"href":"https:\/\/www.europesays.com\/fr\/wp-json\/wp\/v2\/comments?post=273100"}],"version-history":[{"count":0,"href":"https:\/\/www.europesays.com\/fr\/wp-json\/wp\/v2\/posts\/273100\/revisions"}],"wp:featuredmedia":[{"embeddable":true,"href":"https:\/\/www.europesays.com\/fr\/wp-json\/wp\/v2\/media\/273101"}],"wp:attachment":[{"href":"https:\/\/www.europesays.com\/fr\/wp-json\/wp\/v2\/media?parent=273100"}],"wp:term":[{"taxonomy":"category","embeddable":true,"href":"https:\/\/www.europesays.com\/fr\/wp-json\/wp\/v2\/categories?post=273100"},{"taxonomy":"post_tag","embeddable":true,"href":"https:\/\/www.europesays.com\/fr\/wp-json\/wp\/v2\/tags?post=273100"}],"curies":[{"name":"wp","href":"https:\/\/api.w.org\/{rel}","templated":true}]}}