{"id":273102,"date":"2025-07-25T15:47:09","date_gmt":"2025-07-25T15:47:09","guid":{"rendered":"https:\/\/www.europesays.com\/fr\/273102\/"},"modified":"2025-07-25T15:47:09","modified_gmt":"2025-07-25T15:47:09","slug":"pour-trump-les-propos-de-macron-nont-pas-beaucoup-de-poids","status":"publish","type":"post","link":"https:\/\/www.europesays.com\/fr\/273102\/","title":{"rendered":"pour Trump, les propos de Macron \u00abn\u2019ont pas beaucoup de poids\u00bb"},"content":{"rendered":"<p>Le pr\u00e9sident des \u00c9tats-Unis a minimis\u00e9 vendredi les d\u00e9clarations de son homologue fran\u00e7ais sur la n\u00e9cessit\u00e9 de reconna\u00eetre un \u00c9tat palestinien, affirmant que ces d\u00e9clarations n\u2019avaient pas beaucoup de poids\u00bb.<\/p>\n<p class=\"fig-paragraph\">Apr\u00e8s les\u00a0<a href=\"http:\/\/www.lefigaro.fr\/international\/la-france-va-reconnaitre-l-etat-de-palestine-20250724\" target=\"_blank\" data-fig-type=\"NewsFlash\" rel=\"noopener\" data-gtm-custom-categorie=\"navigation\" data-gtm-custom-action=\"crossclick\" data-gtm-custom-label=\"Contextuel\" data-gtm-event=\"customEventSPE\" data-fig-domain=\"LEFIGARO\">d\u00e9clarations<\/a>\u00a0du pr\u00e9sident fran\u00e7ais\u00a0<a href=\"http:\/\/www.lefigaro.fr\/international\/giorgia-meloni-et-le-pape-deplorent-les-frappes-israeliennes-sur-l-eglise-catholique-de-gaza-20250717\" target=\"_blank\" data-fig-type=\"NewsFlash\" rel=\"noopener\" data-gtm-custom-categorie=\"navigation\" data-gtm-custom-action=\"crossclick\" data-gtm-custom-label=\"Contextuel\" data-gtm-event=\"customEventSPE\" data-fig-domain=\"LEFIGARO\">Emmanuel Macron<\/a>\u00a0sur la reconnaissance d\u2019un \u00c9tat palestinien,\u00a0<a href=\"http:\/\/www.lefigaro.fr\/international\/gaza-mettre-fin-a-la-guerre-est-la-priorite-absolue-de-donald-trump-20250707\" target=\"_blank\" data-fig-type=\"NewsFlash\" rel=\"noopener\" data-gtm-custom-categorie=\"navigation\" data-gtm-custom-action=\"crossclick\" data-gtm-custom-label=\"Contextuel\" data-gtm-event=\"customEventSPE\" data-fig-domain=\"LEFIGARO\">Donald Trump<\/a>\u00a0les a att\u00e9nu\u00e9es ce vendredi, en disant qu\u2019elles n\u2019avaient gu\u00e8re \u00abde poids\u00bb.<\/p>\n<p class=\"fig-paragraph\">\u00abCe qu\u2019il dit importe peu. C\u2019est quelqu\u2019un de tr\u00e8s bien, je l\u2019appr\u00e9cie, mais cette d\u00e9claration n\u2019a pas beaucoup de poids\u00bb, a-t-il affirm\u00e9 \u00e0 la presse \u00e0 la Maison-Blanche peu avant son d\u00e9part pour l\u2019\u00c9cosse. \u00abCela ne changera rien\u00bb, a-t-il ajout\u00e9.<\/p>\n<p>                                    <a class=\"fig-a11y-skip a11y-hidden\" href=\"#fig-a11y-skip-main-inarticle\"><br \/>\n        Passer la publicit\u00e9<br \/>\n    <\/a><\/p>\n<p class=\"fig-paragraph\">Jeudi soir, le pr\u00e9sident fran\u00e7ais a d\u00e9clar\u00e9 que Paris reconna\u00eetra formellement un \u00c9tat de Palestine lors de l\u2019Assembl\u00e9e g\u00e9n\u00e9rale des Nations unies, en septembre \u00e0 New York.<\/p>\n<p class=\"fig-paragraph\">L\u2019annonce a suscit\u00e9 la col\u00e8re d\u2019Isra\u00ebl, qui a d\u00e9nonc\u00e9 une\u00a0<a href=\"https:\/\/www.lefigaro.fr\/international\/israel-denonce-la-reconnaissance-de-l-etat-palestinien-par-la-france-20250725?msockid=1b8fb00c576d69c92d53a6105648680e\" target=\"_blank\" data-fig-type=\"NewsFlash\" rel=\"noopener\" data-gtm-custom-categorie=\"navigation\" data-gtm-custom-action=\"crossclick\" data-gtm-custom-label=\"Contextuel\" data-gtm-event=\"customEventSPE\" data-fig-domain=\"LEFIGARO\">\u00abr\u00e9compense de la terreur\u00bb<\/a>, en r\u00e9f\u00e9rence \u00e0 l\u2019attaque sans pr\u00e9c\u00e9dent du Hamas dans le sud d\u2019Isra\u00ebl le 7 octobre 2023.<\/p>\n<p class=\"fig-paragraph\">Les \u00c9tats-Unis, premier soutien d\u2019Isra\u00ebl, ont \u00abfermement\u00bb rejet\u00e9 jeudi le projet du pr\u00e9sident fran\u00e7ais. Le secr\u00e9taire d\u2019\u00c9tat am\u00e9ricain,\u00a0<a href=\"https:\/\/www.lefigaro.fr\/international\/etat-palestinien-les-etats-unis-disent-rejeter-fermement-la-reconnaissance-par-la-france-20250725?msockid=1b8fb00c576d69c92d53a6105648680e\" target=\"_blank\" data-fig-type=\"NewsFlash\" rel=\"noopener\" data-gtm-custom-categorie=\"navigation\" data-gtm-custom-action=\"crossclick\" data-gtm-custom-label=\"Contextuel\" data-gtm-event=\"customEventSPE\" data-fig-domain=\"LEFIGARO\">Marco Rubio<\/a>, a parl\u00e9 d\u2019une d\u00e9cision \u00abimprudente\u00bb qui fait \u00abreculer la paix\u00bb et d\u2019un \u00abcamouflet pour les victimes du 7 octobre\u00bb sur le r\u00e9seau X.<\/p>\n","protected":false},"excerpt":{"rendered":"Le pr\u00e9sident des \u00c9tats-Unis a minimis\u00e9 vendredi les d\u00e9clarations de son homologue fran\u00e7ais sur la n\u00e9cessit\u00e9 de reconna\u00eetre&hellip;\n","protected":false},"author":2,"featured_media":273103,"comment_status":"","ping_status":"","sticky":false,"template":"","format":"standard","meta":{"footnotes":""},"categories":[5],"tags":[11,75,1073,1011,27,14,12,3518,28],"class_list":{"0":"post-273102","1":"post","2":"type-post","3":"status-publish","4":"format-standard","5":"has-post-thumbnail","7":"category-international","8":"tag-actualites","9":"tag-donald-trump","10":"tag-emmanuel-macron","11":"tag-fr","12":"tag-france","13":"tag-international","14":"tag-news","15":"tag-palestine","16":"tag-world"},"share_on_mastodon":{"url":"https:\/\/pubeurope.com\/@fr\/114914659105896920","error":""},"_links":{"self":[{"href":"https:\/\/www.europesays.com\/fr\/wp-json\/wp\/v2\/posts\/273102","targetHints":{"allow":["GET"]}}],"collection":[{"href":"https:\/\/www.europesays.com\/fr\/wp-json\/wp\/v2\/posts"}],"about":[{"href":"https:\/\/www.europesays.com\/fr\/wp-json\/wp\/v2\/types\/post"}],"author":[{"embeddable":true,"href":"https:\/\/www.europesays.com\/fr\/wp-json\/wp\/v2\/users\/2"}],"replies":[{"embeddable":true,"href":"https:\/\/www.europesays.com\/fr\/wp-json\/wp\/v2\/comments?post=273102"}],"version-history":[{"count":0,"href":"https:\/\/www.europesays.com\/fr\/wp-json\/wp\/v2\/posts\/273102\/revisions"}],"wp:featuredmedia":[{"embeddable":true,"href":"https:\/\/www.europesays.com\/fr\/wp-json\/wp\/v2\/media\/273103"}],"wp:attachment":[{"href":"https:\/\/www.europesays.com\/fr\/wp-json\/wp\/v2\/media?parent=273102"}],"wp:term":[{"taxonomy":"category","embeddable":true,"href":"https:\/\/www.europesays.com\/fr\/wp-json\/wp\/v2\/categories?post=273102"},{"taxonomy":"post_tag","embeddable":true,"href":"https:\/\/www.europesays.com\/fr\/wp-json\/wp\/v2\/tags?post=273102"}],"curies":[{"name":"wp","href":"https:\/\/api.w.org\/{rel}","templated":true}]}}