{"id":273104,"date":"2025-07-25T15:48:10","date_gmt":"2025-07-25T15:48:10","guid":{"rendered":"https:\/\/www.europesays.com\/fr\/273104\/"},"modified":"2025-07-25T15:48:10","modified_gmt":"2025-07-25T15:48:10","slug":"lautopsie-revele-lintervention-dun-tiers","status":"publish","type":"post","link":"https:\/\/www.europesays.com\/fr\/273104\/","title":{"rendered":"l\u2019autopsie r\u00e9v\u00e8le l\u2019intervention d\u2019un tiers"},"content":{"rendered":"<p>            Par<br \/>\n        <strong><br \/>\n            <a href=\"https:\/\/actu.fr\/auteur\/ludivine-laniepce\" title=\"Consulter tous les articles de Ludivine Laniepce\" rel=\"nofollow noopener\" target=\"_blank\">Ludivine Laniepce<\/a><br \/>\n        <\/strong><\/p>\n<p>        Publi\u00e9 le<\/p>\n<p>            25 juil. 2025 \u00e0 13h48        <\/p>\n<p>Conform\u00e9ment \u00e0 la proc\u00e9dure, l\u2019autopsie de la jeune femme <a href=\"https:\/\/actu.fr\/normandie\/barfleur_50030\/la-jeune-femme-retrouvee-sans-vie-dans-les-rochers-a-barfleur-est-dorigine-bresilienne_62939957.html\" rel=\"nofollow noopener\" target=\"_blank\">d\u2019origine br\u00e9silienne<\/a> a \u00e9t\u00e9 r\u00e9alis\u00e9e cette semaine.<\/p>\n<p class=\" wall-content\">Pour rappel, cette femme de 35\u00a0ans avait \u00e9t\u00e9 retrouv\u00e9e sans vie <a href=\"https:\/\/actu.fr\/normandie\/barfleur_50030\/le-corps-dune-jeune-femme-retrouve-dans-le-cotentin-dans-des-circonstances-encore-floues_62929008.html\" rel=\"nofollow noopener\" target=\"_blank\">dans les rochers<\/a>, \u00e0 <a href=\"https:\/\/actu.fr\/normandie\/barfleur_50030\" rel=\"nofollow noopener\" target=\"_blank\">Barfleur <\/a>(Manche), dans la matin\u00e9e du <b>vendredi 18\u00a0juillet 2025<\/b>.<\/p>\n<p class=\" wall-content\">Sollicit\u00e9 ce vendredi, soit une semaine jour pour jour apr\u00e8s la macabre d\u00e9couverte, le procureur de la R\u00e9publique de Cherbourg livre quelques \u00e9l\u00e9ments de l\u2019examen\u2009:<\/p>\n<blockquote class=\"ac-article-quote wall-content\">\n<p>Les conclusions du m\u00e9decin-l\u00e9giste \u00e0 l\u2019issue de l\u2019autopsie tendent \u00e0 mettre en \u00e9vidence l\u2019intervention d\u2019un tiers dans les blessures constat\u00e9es sur le corps de la victime.<\/p>\n<p>Pierre-Yves Marot, procureur de la R\u00e9publique de Cherbourg<\/p><\/blockquote>\n<p class=\" wall-content\">Une information judiciaire \u00ab\u2009contre personne non d\u00e9nomm\u00e9e\u2009\u00bb est ouverte, \u00ab\u2009du chef d\u2019homicide volontaire\u2009\u00bb.<\/p>\n<p>Vid\u00e9os : en ce moment sur Actu<\/p>\n<p class=\" wall-content\">L\u2019affaire rel\u00e8ve d\u00e9sormais du p\u00f4le de l\u2019instruction de Coutances.<\/p>\n<p class=\" wall-content\">Suivez toute l\u2019actualit\u00e9 de vos villes et m\u00e9dias favoris en vous inscrivant \u00e0 <a href=\"https:\/\/moncompte.actu.fr\" title=\"D\u00e9couvez Mon Actu\" rel=\"nofollow noopener\" data-trk=\"{&quot;cta&quot;:{&quot;action&quot;:&quot;https:\\\/\\\/moncompte.actu.fr&quot;,&quot;category&quot;:&quot;mon compte&quot;,&quot;from&quot;:&quot;article footer&quot;,&quot;name&quot;:&quot;Mon actu&quot;,&quot;type&quot;:&quot;cta&quot;}}\" target=\"_blank\">Mon Actu<\/a>.<\/p>\n","protected":false},"excerpt":{"rendered":"Par Ludivine Laniepce Publi\u00e9 le 25 juil. 2025 \u00e0 13h48 Conform\u00e9ment \u00e0 la proc\u00e9dure, l\u2019autopsie de la jeune&hellip;\n","protected":false},"author":2,"featured_media":273105,"comment_status":"","ping_status":"","sticky":false,"template":"","format":"standard","meta":{"footnotes":""},"categories":[4],"tags":[11,3168,118,1011,27,3381,12,25],"class_list":{"0":"post-273104","1":"post","2":"type-post","3":"status-publish","4":"format-standard","5":"has-post-thumbnail","7":"category-france","8":"tag-actualites","9":"tag-cotentin","10":"tag-faits-divers","11":"tag-fr","12":"tag-france","13":"tag-gendarmerie","14":"tag-news","15":"tag-republique-francaise"},"share_on_mastodon":{"url":"https:\/\/pubeurope.com\/@fr\/114914663061638592","error":""},"_links":{"self":[{"href":"https:\/\/www.europesays.com\/fr\/wp-json\/wp\/v2\/posts\/273104","targetHints":{"allow":["GET"]}}],"collection":[{"href":"https:\/\/www.europesays.com\/fr\/wp-json\/wp\/v2\/posts"}],"about":[{"href":"https:\/\/www.europesays.com\/fr\/wp-json\/wp\/v2\/types\/post"}],"author":[{"embeddable":true,"href":"https:\/\/www.europesays.com\/fr\/wp-json\/wp\/v2\/users\/2"}],"replies":[{"embeddable":true,"href":"https:\/\/www.europesays.com\/fr\/wp-json\/wp\/v2\/comments?post=273104"}],"version-history":[{"count":0,"href":"https:\/\/www.europesays.com\/fr\/wp-json\/wp\/v2\/posts\/273104\/revisions"}],"wp:featuredmedia":[{"embeddable":true,"href":"https:\/\/www.europesays.com\/fr\/wp-json\/wp\/v2\/media\/273105"}],"wp:attachment":[{"href":"https:\/\/www.europesays.com\/fr\/wp-json\/wp\/v2\/media?parent=273104"}],"wp:term":[{"taxonomy":"category","embeddable":true,"href":"https:\/\/www.europesays.com\/fr\/wp-json\/wp\/v2\/categories?post=273104"},{"taxonomy":"post_tag","embeddable":true,"href":"https:\/\/www.europesays.com\/fr\/wp-json\/wp\/v2\/tags?post=273104"}],"curies":[{"name":"wp","href":"https:\/\/api.w.org\/{rel}","templated":true}]}}