{"id":27311,"date":"2025-04-15T19:15:13","date_gmt":"2025-04-15T19:15:13","guid":{"rendered":"https:\/\/www.europesays.com\/fr\/27311\/"},"modified":"2025-04-15T19:15:13","modified_gmt":"2025-04-15T19:15:13","slug":"pour-la-langue-bretonne-et-contre-la-reduction-drastique-des-contrats-aides-le-reseau-diwan-appelle-a-la-mobilisation-a-rennes-le-17-mai","status":"publish","type":"post","link":"https:\/\/www.europesays.com\/fr\/27311\/","title":{"rendered":"\u00ab\u00a0Pour la langue bretonne et contre la r\u00e9duction drastique des contrats aid\u00e9s\u00a0\u00bb\u00a0: le r\u00e9seau Diwan appelle \u00e0 la mobilisation \u00e0 Rennes le 17\u00a0mai"},"content":{"rendered":"<p>Le r\u00e9seau Diwan appelle ses membres et sympathisants \u00e0 une mobilisation \u00e0 Rennes le samedi 17 mai 2025, \u00e0 14 h \u00ab pour la langue bretonne et contre la r\u00e9duction drastique des contrats aid\u00e9s. \u00ab Il y a quelques jours, nous avons appris une diminution drastique du nombre de contrats aid\u00e9s, pourtant essentiels au bon fonctionnement de nos \u00e9tablissements \u00bb, justifie, dans un communiqu\u00e9, le r\u00e9seau d\u2019enseignement immersif. Celui-ci met en avant <a href=\"https:\/\/www.letelegramme.fr\/bretagne\/toutes-les-infos\/forfait-scolaire-diwan-met-la-pression-sur-la-prefecture-du-finistere-5826552.php\" target=\"_blank\" rel=\"nofollow noopener\">l\u2019absence de versement du forfait scolaire par certaines communes,<\/a> obligatoire depuis la loi Molac en 2021, pointant \u00ab un manque \u00e0 gagner annuel d\u2019environ 250 000 \u20ac \u00bb et les r\u00e9percussions de l\u2019inflation des derni\u00e8res ann\u00e9es. \u00ab Dans ce contexte, l\u2019\u00c9tat adopte une politique d\u2019aust\u00e9rit\u00e9 sans pr\u00e9c\u00e9dent, qui touche l\u2019ensemble des employeurs ayant recours aux contrats aid\u00e9s, dont Diwan. Cette situation nous rappelle la fragilit\u00e9 du r\u00e9seau Diwan et la n\u00e9cessit\u00e9 de donner un statut particulier \u00e0 l\u2019enseignement associatif immersif et la\u00efque en langue r\u00e9gionale, qui permettrait de le p\u00e9renniser et de s\u00e9curiser son r\u00f4le essentiel dans la transmission de ces langues \u00bb explique le r\u00e9seau.<\/p>\n","protected":false},"excerpt":{"rendered":"Le r\u00e9seau Diwan appelle ses membres et sympathisants \u00e0 une mobilisation \u00e0 Rennes le samedi 17 mai 2025,&hellip;\n","protected":false},"author":2,"featured_media":27312,"comment_status":"","ping_status":"","sticky":false,"template":"","format":"standard","meta":{"footnotes":""},"categories":[2821],"tags":[1111,11,829,5934,9613,765,9614,1777,674,1011,27,2131,12,584,25],"class_list":{"0":"post-27311","1":"post","2":"type-post","3":"status-publish","4":"format-standard","5":"has-post-thumbnail","7":"category-rennes","8":"tag-actu","9":"tag-actualites","10":"tag-bretagne","11":"tag-carhaix-plouguer","12":"tag-diwan","13":"tag-en-continu","14":"tag-enseignement","15":"tag-eu","16":"tag-europe","17":"tag-fr","18":"tag-france","19":"tag-morlaix","20":"tag-news","21":"tag-rennes","22":"tag-republique-francaise"},"share_on_mastodon":{"url":"https:\/\/pubeurope.com\/@fr\/114343583647079955","error":""},"_links":{"self":[{"href":"https:\/\/www.europesays.com\/fr\/wp-json\/wp\/v2\/posts\/27311","targetHints":{"allow":["GET"]}}],"collection":[{"href":"https:\/\/www.europesays.com\/fr\/wp-json\/wp\/v2\/posts"}],"about":[{"href":"https:\/\/www.europesays.com\/fr\/wp-json\/wp\/v2\/types\/post"}],"author":[{"embeddable":true,"href":"https:\/\/www.europesays.com\/fr\/wp-json\/wp\/v2\/users\/2"}],"replies":[{"embeddable":true,"href":"https:\/\/www.europesays.com\/fr\/wp-json\/wp\/v2\/comments?post=27311"}],"version-history":[{"count":0,"href":"https:\/\/www.europesays.com\/fr\/wp-json\/wp\/v2\/posts\/27311\/revisions"}],"wp:featuredmedia":[{"embeddable":true,"href":"https:\/\/www.europesays.com\/fr\/wp-json\/wp\/v2\/media\/27312"}],"wp:attachment":[{"href":"https:\/\/www.europesays.com\/fr\/wp-json\/wp\/v2\/media?parent=27311"}],"wp:term":[{"taxonomy":"category","embeddable":true,"href":"https:\/\/www.europesays.com\/fr\/wp-json\/wp\/v2\/categories?post=27311"},{"taxonomy":"post_tag","embeddable":true,"href":"https:\/\/www.europesays.com\/fr\/wp-json\/wp\/v2\/tags?post=27311"}],"curies":[{"name":"wp","href":"https:\/\/api.w.org\/{rel}","templated":true}]}}