{"id":273110,"date":"2025-07-25T15:51:12","date_gmt":"2025-07-25T15:51:12","guid":{"rendered":"https:\/\/www.europesays.com\/fr\/273110\/"},"modified":"2025-07-25T15:51:12","modified_gmt":"2025-07-25T15:51:12","slug":"saint-etienne-la-rue-de-villars-en-chantier","status":"publish","type":"post","link":"https:\/\/www.europesays.com\/fr\/273110\/","title":{"rendered":"Saint-\u00c9tienne. La rue de Villars en chantier"},"content":{"rendered":"<p>La rue de Villars, qui relie l\u2019entr\u00e9e nord de la ville \u00e0 la place Massenet, fait l\u2019objet de travaux de remplacement des canalisations.<\/p>\n<p>Cette op\u00e9ration, diligent\u00e9e par la M\u00e9tropole et son concessionnaire pour la distribution d\u2019eau potable O\u00e9lie, aura lieu pendant l\u2019\u00e9t\u00e9. Cette voie, pourtant tr\u00e8s emprunt\u00e9e, sera ferm\u00e9e \u00e0 la circulation automobile. La fin du chantier est pr\u00e9vue pour fin ao\u00fbt.<\/p>\n","protected":false},"excerpt":{"rendered":"La rue de Villars, qui relie l\u2019entr\u00e9e nord de la ville \u00e0 la place Massenet, fait l\u2019objet de&hellip;\n","protected":false},"author":2,"featured_media":273111,"comment_status":"","ping_status":"","sticky":false,"template":"","format":"standard","meta":{"footnotes":""},"categories":[9653],"tags":[1111,11,2430,4749,33,7539,1777,674,1011,27,12,25,4001,7538],"class_list":{"0":"post-273110","1":"post","2":"type-post","3":"status-publish","4":"format-standard","5":"has-post-thumbnail","7":"category-saint-etienne","8":"tag-actu","9":"tag-actualites","10":"tag-auvergne-rhone-alpes","11":"tag-btp-et-chantiers","12":"tag-economie","13":"tag-edition-loire-sud","14":"tag-eu","15":"tag-europe","16":"tag-fr","17":"tag-france","18":"tag-news","19":"tag-republique-francaise","20":"tag-saint-etienne","21":"tag-saint-etienne-ville"},"share_on_mastodon":{"url":"https:\/\/pubeurope.com\/@fr\/114914674815119029","error":""},"_links":{"self":[{"href":"https:\/\/www.europesays.com\/fr\/wp-json\/wp\/v2\/posts\/273110","targetHints":{"allow":["GET"]}}],"collection":[{"href":"https:\/\/www.europesays.com\/fr\/wp-json\/wp\/v2\/posts"}],"about":[{"href":"https:\/\/www.europesays.com\/fr\/wp-json\/wp\/v2\/types\/post"}],"author":[{"embeddable":true,"href":"https:\/\/www.europesays.com\/fr\/wp-json\/wp\/v2\/users\/2"}],"replies":[{"embeddable":true,"href":"https:\/\/www.europesays.com\/fr\/wp-json\/wp\/v2\/comments?post=273110"}],"version-history":[{"count":0,"href":"https:\/\/www.europesays.com\/fr\/wp-json\/wp\/v2\/posts\/273110\/revisions"}],"wp:featuredmedia":[{"embeddable":true,"href":"https:\/\/www.europesays.com\/fr\/wp-json\/wp\/v2\/media\/273111"}],"wp:attachment":[{"href":"https:\/\/www.europesays.com\/fr\/wp-json\/wp\/v2\/media?parent=273110"}],"wp:term":[{"taxonomy":"category","embeddable":true,"href":"https:\/\/www.europesays.com\/fr\/wp-json\/wp\/v2\/categories?post=273110"},{"taxonomy":"post_tag","embeddable":true,"href":"https:\/\/www.europesays.com\/fr\/wp-json\/wp\/v2\/tags?post=273110"}],"curies":[{"name":"wp","href":"https:\/\/api.w.org\/{rel}","templated":true}]}}