{"id":273112,"date":"2025-07-25T15:52:09","date_gmt":"2025-07-25T15:52:09","guid":{"rendered":"https:\/\/www.europesays.com\/fr\/273112\/"},"modified":"2025-07-25T15:52:09","modified_gmt":"2025-07-25T15:52:09","slug":"en-lorraine-la-demolition-de-ce-pont-est-retardee-pour-des-raisons-inattendues-on-vous-explique","status":"publish","type":"post","link":"https:\/\/www.europesays.com\/fr\/273112\/","title":{"rendered":"En Lorraine, la d\u00e9molition de ce pont est retard\u00e9e pour des raisons inattendues : on vous explique"},"content":{"rendered":"<p>            Par<br \/>\n        <strong><br \/>\n            <a href=\"https:\/\/actu.fr\/auteur\/pierre-emile-bouchy-actu-fr\" title=\"Consulter tous les articles de Paul-Emile Bouchy\" rel=\"nofollow noopener\" target=\"_blank\">Paul-Emile Bouchy<\/a><br \/>\n        <\/strong><\/p>\n<p>        Publi\u00e9 le<\/p>\n<p>            25 juil. 2025 \u00e0 17h41        <\/p>\n<p>\u00c0 quelques kilom\u00e8tres au sud de <a href=\"https:\/\/actu.fr\/grand-est\/nancy_54395\" rel=\"nofollow noopener\" target=\"_blank\">Nancy<\/a> (Meurthe-et-Moselle), les <a href=\"https:\/\/actu.fr\/tag\/travaux\" rel=\"nofollow noopener\" target=\"_blank\">travaux<\/a> du <strong>pont de M\u00e9r\u00e9ville<\/strong> ont d\u00e9but\u00e9 depuis l\u2019\u00e9t\u00e9 2024. En raison de nombreux d\u00e9sordres (corrosion, vieillissement, manque d\u2019\u00e9tanch\u00e9it\u00e9) et pour permettre de nouveau la travers\u00e9e des poids lourds, le D\u00e9partement a choisi de <strong>construire un nouvel ouvrage au-dessus de la Moselle<\/strong>.<\/p>\n<p class=\" wall-content\">En parall\u00e8le, l\u2019ancien pont, compos\u00e9 de trois portions, est en cours de d\u00e9molition. Apr\u00e8s les deux premiers tabliers, <strong>c\u2019est au tour du troisi\u00e8me d\u2019\u00eatre d\u00e9construit<\/strong>. Mais cette \u00e9tape risque de prendre plus de temps que pr\u00e9vu. Explications.<\/p>\n<p>Un pont plus lourd que pr\u00e9vu<\/p>\n<p class=\" wall-content\">La d\u00e9construction du restant du pont devait d\u00e9buter ce vendredi 25\u00a0juillet. \u00c0 l\u2019aide de deux grues de levage, les diff\u00e9rentes poutres devaient \u00eatre soulev\u00e9es une par une, puis pos\u00e9es sur la remorque d\u2019un camion.<\/p>\n<p class=\" wall-content\">Or, cette op\u00e9ration est retard\u00e9e \u00e0 cause d\u2019une erreur sur le poids du pont. \u00ab\u2009L\u2019\u00e9valuation du poids de la poutre bas\u00e9e sur les plans comme cela se fait habituellement est erron\u00e9e. En d\u2019autres termes, le pont n\u2019est pas fait pareil que sur les plans, <strong>il est plus lourd que pr\u00e9vu et le camion pr\u00e9vu n\u2019est pas adapt\u00e9<\/strong>\u2009\u00bb, explique le D\u00e9partement de Meurthe-et-Moselle.<\/p>\n<p class=\" wall-content\">En effet, <strong>le pont p\u00e8se 73\u00a0tonnes et non 66, comme cela \u00e9tait estim\u00e9<\/strong>. \u00ab\u2009La g\u00e9om\u00e9trie du pont th\u00e9orique bas\u00e9e sur les plans \u00e9tait diff\u00e9rente de la g\u00e9om\u00e9trie r\u00e9elle, ajoute le D\u00e9partement. Autre complication\u2009: des c\u00e2bles m\u00e9talliques en travers du pont qui n\u2019\u00e9taient pas non plus sur les plans d\u2019origine.\u2009\u00bb<\/p>\n<p>L\u2019ouverture du nouveau pont toujours pr\u00e9vue pour l\u2019automne<\/p>\n<p class=\" wall-content\">N\u00e9anmoins, le D\u00e9partement estime que \u00ab\u2009cela reste un probl\u00e8me mineur\u2009\u00bb et que si cela va engendrer un retard sur le d\u00e9montage, <strong>cela n\u2019impactera pas le chantier qui doit s\u2019achever cet automne<\/strong>.<\/p>\n<p class=\" wall-content\">Lorsqu\u2019il sera finalis\u00e9, le nouveau pont offrira <strong>une chauss\u00e9e plus large de 6,70\u00a0m avec un double sens de circulation<\/strong>. Une voie mesurant 3\u00a0m\u00e8tres de large sera aussi <strong>r\u00e9serv\u00e9e aux v\u00e9los et aux pi\u00e9tons<\/strong> avec une glissi\u00e8re en b\u00e9ton pour la s\u00e9parer de la route.<\/p>\n<p class=\" wall-content\">D\u2019apr\u00e8s le D\u00e9partement, ce nouvel ouvrage est calcul\u00e9 pour une dur\u00e9e de vie de 100\u00a0ans minimum. Le montant total de l\u2019op\u00e9ration est de 8,5\u00a0millions d\u2019euros.<\/p>\n<p class=\" wall-content\">Suivez toute l\u2019actualit\u00e9 de vos villes et m\u00e9dias favoris en vous inscrivant \u00e0 <a href=\"https:\/\/moncompte.actu.fr\" title=\"D\u00e9couvez Mon Actu\" rel=\"nofollow noopener\" data-trk=\"{&quot;cta&quot;:{&quot;action&quot;:&quot;https:\\\/\\\/moncompte.actu.fr&quot;,&quot;category&quot;:&quot;mon compte&quot;,&quot;from&quot;:&quot;article footer&quot;,&quot;name&quot;:&quot;Mon actu&quot;,&quot;type&quot;:&quot;cta&quot;}}\" target=\"_blank\">Mon Actu<\/a>.<\/p>\n","protected":false},"excerpt":{"rendered":"Par Paul-Emile Bouchy Publi\u00e9 le 25 juil. 2025 \u00e0 17h41 \u00c0 quelques kilom\u00e8tres au sud de Nancy (Meurthe-et-Moselle),&hellip;\n","protected":false},"author":2,"featured_media":273113,"comment_status":"","ping_status":"","sticky":false,"template":"","format":"standard","meta":{"footnotes":""},"categories":[9635],"tags":[1111,11,1777,674,1011,27,775,1702,12,25,104,2086],"class_list":{"0":"post-273112","1":"post","2":"type-post","3":"status-publish","4":"format-standard","5":"has-post-thumbnail","7":"category-nancy","8":"tag-actu","9":"tag-actualites","10":"tag-eu","11":"tag-europe","12":"tag-fr","13":"tag-france","14":"tag-grand-est","15":"tag-nancy","16":"tag-news","17":"tag-republique-francaise","18":"tag-societe","19":"tag-travaux"},"share_on_mastodon":{"url":"https:\/\/pubeurope.com\/@fr\/114914678776665471","error":""},"_links":{"self":[{"href":"https:\/\/www.europesays.com\/fr\/wp-json\/wp\/v2\/posts\/273112","targetHints":{"allow":["GET"]}}],"collection":[{"href":"https:\/\/www.europesays.com\/fr\/wp-json\/wp\/v2\/posts"}],"about":[{"href":"https:\/\/www.europesays.com\/fr\/wp-json\/wp\/v2\/types\/post"}],"author":[{"embeddable":true,"href":"https:\/\/www.europesays.com\/fr\/wp-json\/wp\/v2\/users\/2"}],"replies":[{"embeddable":true,"href":"https:\/\/www.europesays.com\/fr\/wp-json\/wp\/v2\/comments?post=273112"}],"version-history":[{"count":0,"href":"https:\/\/www.europesays.com\/fr\/wp-json\/wp\/v2\/posts\/273112\/revisions"}],"wp:featuredmedia":[{"embeddable":true,"href":"https:\/\/www.europesays.com\/fr\/wp-json\/wp\/v2\/media\/273113"}],"wp:attachment":[{"href":"https:\/\/www.europesays.com\/fr\/wp-json\/wp\/v2\/media?parent=273112"}],"wp:term":[{"taxonomy":"category","embeddable":true,"href":"https:\/\/www.europesays.com\/fr\/wp-json\/wp\/v2\/categories?post=273112"},{"taxonomy":"post_tag","embeddable":true,"href":"https:\/\/www.europesays.com\/fr\/wp-json\/wp\/v2\/tags?post=273112"}],"curies":[{"name":"wp","href":"https:\/\/api.w.org\/{rel}","templated":true}]}}