{"id":273120,"date":"2025-07-25T15:56:19","date_gmt":"2025-07-25T15:56:19","guid":{"rendered":"https:\/\/www.europesays.com\/fr\/273120\/"},"modified":"2025-07-25T15:56:19","modified_gmt":"2025-07-25T15:56:19","slug":"ametyst-passe-de-suez-a-urbaser-et-file-vers-le-csr","status":"publish","type":"post","link":"https:\/\/www.europesays.com\/fr\/273120\/","title":{"rendered":"Ametyst passe de Suez \u00e0 Urbaser et file vers le CSR"},"content":{"rendered":"<p>            Par<br \/>\n        <strong><br \/>\n            <a href=\"https:\/\/actu.fr\/auteur\/c-nithard\" title=\"Consulter tous les articles de C\u00e9dric Nithard\" rel=\"nofollow noopener\" target=\"_blank\">C\u00e9dric Nithard<\/a><br \/>\n        <\/strong><\/p>\n<p>        Publi\u00e9 le<\/p>\n<p>            25 juil. 2025 \u00e0 17h11        <\/p>\n<p><strong>L\u2019usine de m\u00e9thanisation Ametyst<\/strong> tourne une page importante. Apr\u00e8s 17 ans de gestion par <strong>Suez RV \u00c9nergie<\/strong>,<strong> la M\u00e9tropole de Montpellier<\/strong> a confi\u00e9 la d\u00e9l\u00e9gation de service public \u00e0 <strong>Urbaser Environnement<\/strong> pour une dur\u00e9e de 15 ans et un march\u00e9 d\u00e9passant les 500M\u20ac. Si la p\u00e9riode Suez a \u00e9t\u00e9 marqu\u00e9e par plusieurs dysfonctionnements, celle qui s\u2019annonce ne manque pas de provoquer des inqui\u00e9tudes chez les salari\u00e9s et les \u00e9lus comme en a t\u00e9moign\u00e9 <strong>le conseil de m\u00e9tropole<\/strong> du mercredi 16 juillet 2025. Principalement en cause, l\u2019orientation prise de d\u00e9velopper <strong>une chaudi\u00e8re CSR (Combustibles solides de r\u00e9cup\u00e9rations)<\/strong> d\u2019ici fin 2029. Une n\u00e9cessit\u00e9 selon l\u2019ex\u00e9cutif qui permettra, combin\u00e9e \u00e0 la strat\u00e9gie Z\u00e9ro d\u00e9chet, de r\u00e9duire la co\u00fbteuse et polluante exportation de nos d\u00e9chets ainsi que la probl\u00e9matique de l\u2019enfouissement des d\u00e9chets ultimes. Une d\u00e9cision qui, apr\u00e8s avoir provoqu\u00e9 le divorce d\u2019une partie des \u00e9cologistes de la majorit\u00e9 dont l\u2019ancien vice-pr\u00e9sident d\u00e9l\u00e9gu\u00e9 \u00e0 la politique des d\u00e9chets Fran\u00e7ois Vasquez, continue de susciter leurs craintes quant <strong>aux risques sanitaires et environnementaux<\/strong>. \u00ab\u00a0Bombe \u00e0 retardement\u00a0\u00bb ou solution \u00e0 \u00ab\u00a0la bombe actuelle\u00a0\u00bb ? Une question \u00e9galement politique qui ne manquera pas d\u2019agiter les \u00e9lections municipales \u00e0 Montpellier quand les maires de la m\u00e9tropole jouent eux sur un autre registre. <strong>Retour sur le d\u00e9bat<\/strong> et les positions de chacun.<\/p>\n<p>Les salari\u00e9s manifestent<\/p>\n<p class=\" wall-content\"><strong>Mercredi 16 juillet, 8h :<\/strong> Apr\u00e8s avoir bloqu\u00e9 leur usine la veille en apprenant la reprise du site par leurs homologues d\u2019Urbaser, <strong>les salari\u00e9s d\u2019Ametyst<\/strong> attendaient les \u00e9lus devant l\u2019H\u00f4tel de M\u00e9tropole. \u00ab On connait cette usine que l\u2019on a fait tourner depuis le d\u00e9but et fait \u00e9voluer et que l\u2019on respecte et respectera. Sauf que Urbaser va r\u00e9cup\u00e9rer les cl\u00e9s \u00e0 partir de janvier et que ce n\u2019est pas une soci\u00e9t\u00e9 fiable, elle appartient \u00e0 des fonds de pension et elle est en vente. Leur objectif est de faire grossir leur chiffre d\u2019affaires pour mieux se vendre. D\u2019autant qu\u2019ils sont incapables de faire tourner les usines correctement. Il n\u2019y a aucun respect. On a d\u00e9cid\u00e9 de brader l\u2019usine et il faudra m\u2019expliquer comment ils vont la faire tourner. C\u2019est impossible. Il risque d\u2019y avoir de la casse salariale rapidement \u00bb expose Jo\u00ebl Carichon inquiet pour les 50 salari\u00e9s et la dizaine d\u2019int\u00e9rimaires travaillant sur le site. Le d\u00e9l\u00e9gu\u00e9 syndical CGT Suez RV \u00c9nergie exprime \u00e9galement sa crainte pour le voisinage en \u00e9tant particuli\u00e8rement concern\u00e9. \u00ab J\u2019habite \u00e0 c\u00f4t\u00e9 de l\u2019usine. Nous savons o\u00f9 elle est implant\u00e9e et nous respectons les riverains. Le probl\u00e8me, c\u2019est qu\u2019Urbaser arrive l\u00e0 en y connaissant rien et ils vont faire n\u2019importe quoi \u00bb soutient-il.<\/p>\n<p>    <img decoding=\"async\" loading=\"lazy\" src=\"https:\/\/www.europesays.com\/fr\/wp-content\/uploads\/2025\/07\/mobilisation-ametyst-metropole-montpellier-960x640.jpg\" alt=\"Mobilisation des salari\u00e9s d'Ametyst devant le conseil de M\u00e9tropole.\" width=\"960\" height=\"640\"\/><br \/>\n    Mobilisation des salari\u00e9s d\u2019Ametyst devant le conseil de M\u00e9tropole. (\u00a9CN \/ M\u00e9tropolitain)<\/p>\n<p class=\" wall-content\">En estimant que \u00ab Suez aurait pu donner 2\u20ac pour reprendre l\u2019usine la M\u00e9tropole aurait dit non tout simplement parce que cela les arrange de la donner \u00e0 d\u2019autres \u00bb, Jo\u00ebl Carichon assume son analyse : \u00ab Dans l\u2019attribution du marche de la collecte, Urbaser avait pour objectif de r\u00e9cup\u00e9rer le centre de tri Demeter. La M\u00e9tropole n\u2019a pas voulu leur donner donc, en contrepartie, on leur confie Ametyst. C\u2019est aussi simple que \u00e7a \u00bb. Et de regretter que dans cette attribution, les salari\u00e9s n\u2019aient pas \u00e9t\u00e9 consult\u00e9s malgr\u00e9 les sollicitations en d\u00e9fendant : \u00ab Suez a fait le maximum en qualit\u00e9 de travail et a fait le maximum dans l\u2019appel d\u2019offres pour garder cette usine. Malheureusement, c\u2019\u00e9tait impossible \u00bb. Si l\u2019objectif de la d\u00e9l\u00e9gation est de transformer Ametyst en chaudi\u00e8re CSR, le d\u00e9l\u00e9gu\u00e9 syndical ne m\u00e2che pas ses mots : \u00ab Urbaser sont des guignols donc l\u2019usine ne va pas \u00e9voluer mais elle va couler d\u2019ici deux ans \u00bb. Quant au d\u00e9bat entre la m\u00e9thanisation et le CSR, Jo\u00ebl Carichon prend sa casquette de salari\u00e9 et explique : \u00ab Le CSR n\u2019est pas une mauvaise chose. Quand on voit les usines d\u2019incin\u00e9ration, avec de la fum\u00e9e qui sort et qui n\u2019est d\u2019ailleurs pas de la fum\u00e9e, mais de la vapeur d\u2019eau, je peux comprendre les personnes qui sont oppos\u00e9es mais les gens qui ne maitrisent pas le sujet vont dire que cela pollue. Non, c\u2019est hyper contr\u00f4l\u00e9. J\u2019ai 58 ans, j\u2019ai v\u00e9cu gamin \u00e0 c\u00f4t\u00e9 de l\u2019usine de Ved\u00e8ne dans le Vaucluse et on n\u2019a jamais eu de soucis d\u2019odeur ou autres \u00bb. La suite se passe \u00e0 l\u2019int\u00e9rieur de l\u2019h\u00e9micycle.<\/p>\n<p>Ametyst, CSR et Urbaser<\/p>\n<p class=\" wall-content\"><strong>9h18 :<\/strong> Premi\u00e8re affaire \u00e0 l\u2019ordre du jour du conseil, la nouvelle d\u00e9l\u00e9gation de service public\u00a0 d\u2019Ametyst est pr\u00e9sent\u00e9e, pendant 25 minutes, par <strong>Ren\u00e9 Revol<\/strong> (maire La France Insoumise de Grabels, vice-pr\u00e9sident d\u00e9l\u00e9gu\u00e9 \u00e0 la Gestion raisonn\u00e9e, \u00e9cologique et solidaire de l\u2019eau et de l\u2019assainissement et \u00e0 la Collecte, tri, valorisation des d\u00e9chets et Politique z\u00e9ro d\u00e9chet). \u00ab\u00a0Nous devons avancer pas \u00e0 pas dans notre feuille de route de la strat\u00e9gie Z\u00e9ro d\u00e9chet pour faire ce qui est n\u00e9cessaire, afin de redresser une situation qui \u00e9tait catastrophique \u00e0 Montpellier. Les d\u00e9cennies pass\u00e9es ont \u00e9t\u00e9 un v\u00e9ritable fiasco en mati\u00e8re de gestion des d\u00e9chets. C\u2019est difficile \u00e0 reconnaitre, c\u2019est reconnu, maintenant on se retrousse les manches et on cherche \u00e0 corriger les d\u00e9fauts\u00a0\u00bb. D\u00e9veloppant l\u2019importance de r\u00e9duire les d\u00e9chets \u00e0 la source, du tri et du recyclage, en rappelant que \u00ab\u00a0la prochaine mandature devra discuter du march\u00e9 global de performance de Demeter qui prendra fin en 2026\u00a0\u00bb, du r\u00e9emploi et de la valorisation, Ren\u00e9 Revol en vient \u00e0 Ametyst. \u00ab\u00a0Le compost que nous produisons aujourd\u2019hui sera interdit le 31 d\u00e9cembre 2026. De tr\u00e8s nombreuses collectivit\u00e9s ont cess\u00e9 ce compost car il est compos\u00e9 de microplastiques et de microverres et nous diffusons \u00e7a dans nos vignes et nos terres. Ce n\u2019est plus possible. Il faut donc l\u2019arr\u00eater le plus t\u00f4t possible et pour cela il faut d\u00e9velopper son alternative c\u2019est \u00e0 dire un compost de qualit\u00e9 avec des biod\u00e9chets\u00a0\u00bb explique-t-il. C\u2019est donc pour cela que \u00ab l\u2019usine Ametyst doit \u00eatre reconfigur\u00e9e. Et je p\u00e8se mes mots. L\u2019accord pass\u00e9 au cours de la d\u00e9cennie 2 000 par ceux qui \u00e9taient aux responsabilit\u00e9s de la collectivit\u00e9 a \u00e9t\u00e9 un accord catastrophique. Les salari\u00e9s qui travaillent dans Ametyst font un travail remarquable mais l\u2019outil qu\u2019on leur a confi\u00e9 est imparfait qui a pr\u00e9sent\u00e9 beaucoup de difficult\u00e9s alors qu\u2019il n\u2019a pas 20 ans. Nous devons reconfigurer cet outil et investir de mani\u00e8re s\u00e9rieuse pour qu\u2019il soit le plus efficace possible. Outil de m\u00e9thanisation principalement, mais de tri et de production d\u2019\u00e9lectricit\u00e9 et de chauffage \u00bb et de pr\u00e9ciser : \u00ab\u00a0Cet outil appartient \u00e0 la collectivit\u00e9 donc \u00e0 tous les citoyens. L\u2019entreprise est charg\u00e9e par une d\u00e9l\u00e9gation de g\u00e9rer cet outil. Nous avons donc la responsabilit\u00e9 de faire que cet outil s\u2019am\u00e9liore et soit correctement g\u00e9r\u00e9\u00a0\u00bb.<\/p>\n<p class=\" wall-content\">Outre le d\u00e9l\u00e9gataire sortant Suez RV \u00c9nergie, V\u00e9olia ayant renonc\u00e9 \u00e0 d\u00e9poser un dossier, Paprec \u00c9nergies Sud et Urbaser Environnement \u00e9taient les trois seuls candidats. C\u2019est ce dernier qui a donc \u00e9t\u00e9 choisi par la M\u00e9tropole de Montpellier \u00e0 l\u2019issue de la proc\u00e9dure d\u2019appel d\u2019offres. \u00ab\u00a0C\u2019\u00e9tait l\u2019offre la meilleure de tous les points de vue donc nous choisissons l\u2019offre qui est la meilleure\u00a0\u00bb argumente le vice-pr\u00e9sident. \u00c9voquant les crit\u00e8res techniques, environnementaux, valorisation \u00e9nerg\u00e9tique, architecturaux et l\u2019installation d\u2019une unit\u00e9 CSR \u00ab\u00a0qui n\u2019est pas un simple incin\u00e9rateur\u00a0\u00bb, Ren\u00e9 Revol rappelle les donn\u00e9es : 250 000 tonnes de d\u00e9chets produits chaque ann\u00e9e dont 110 000 export\u00e9s avec 80% allant \u00e0 l\u2019enfouissement en pr\u00e9cisant que la r\u00e9glementation impose de n\u2019enfouir que 20%. \u00ab\u00a0Il est hors de question de continuer ces exportations\u00a0\u00bb, plaide-t-il, \u00ab\u00a0Il faut arr\u00eater des incin\u00e9rateurs, il faut faire autre chose. Les chaudi\u00e8res CSR sont la seule solution aujourd\u2019hui\u00a0\u00bb. D\u00e8s le 1er janvier 2026, des travaux d\u2019am\u00e9lioration seront engag\u00e9s durant cinq ans \u00e0 Ametyst avec l\u2019objectif de mettre en route cette unit\u00e9 CSR en d\u00e9cembre 2029.<\/p>\n<p class=\" wall-content\">Ren\u00e9 Revol met en avant une \u00ab exigence forte \u00bb sur la qualit\u00e9 de l\u2019air et le contr\u00f4le des rejets. \u00ab\u00a0Pour nous, cela conditionnait compl\u00e8tement l\u2019offre. Il fallait un traitement de l\u2019air qui soit actuellement le plus performant sur le territoire nationale\u00a0\u00bb appuie-t-il. Une fois les \u00e9tudes op\u00e9rationnelles conduites par Urbaser au sein d\u2019Ametyst, au printemps prochain interviendra une consultation citoyenne puis une commission d\u2019enqu\u00eate dans le cadre de l\u2019enqu\u00eate publique pr\u00e9alable \u00e0 l\u2019arr\u00eat\u00e9 pr\u00e9fectoral, esp\u00e9r\u00e9 d\u00e9but 2027, autorisant l\u2019installation de la chaudi\u00e8re CSR. \u00ab\u00a0Il y aura donc une p\u00e9riode de discussion. Cela aurait \u00e9t\u00e9 pour nous irresponsable de ne pas mettre cela dans le cahier des charges et de s\u2019en laver les mains comme les mandatures pr\u00e9c\u00e9dentes. Pas question, le probl\u00e8me c\u2019est d\u2019assumer, nous, les choses en responsabilit\u00e9s\u00a0\u00bb observe Ren\u00e9 Revol qui met \u00e9galement en avant le cahier de recommandation issu d\u2019un pr\u00e9c\u00e9dent dialogue citoyen sur la politique des d\u00e9chets. Un prochain sera par ailleurs r\u00e9uni \u00e0 l\u2019automne.<\/p>\n<p class=\" wall-content\">Enfin, sur le volet social, ce dernier souligne : \u00ab\u00a0Certains souhaitent que Suez reste. Je ne crois pas que ce soit le point de vue des salari\u00e9s, mais celui de Suez. Ce n\u2019est pas possible, car Suez n\u2019est pas propri\u00e9taire de l\u2019usine, c\u2019est nous. J\u2019ai une petite exp\u00e9rience dans le domaine avec le passage en r\u00e9gie publique pour l\u2019eau potable et en DSP pour l\u2019assainissement en 2014, la fin d\u2019une DSP pour le secteur Est-Ouest en 2021 et le passage en r\u00e9gie de l\u2019assainissement en 2023. \u00c0 chaque fois, j\u2019ai eu mon petit cin\u00e9ma de la part des multinationales. Restons calme, ce n\u2019est pas un argument \u00e0 prendre en compte\u00a0\u00bb. Pour autant, les salari\u00e9s demandant \u00e0 ce que leurs conditions salariales et de travail soient identiques et \u00e0 ce que les emplois pr\u00e9caires soient titularis\u00e9s, le vice-pr\u00e9sident tient \u00e0 les rassurer : \u00ab\u00a0Ce qu\u2019ils revendiquent me para\u00eet tout \u00e0 fait l\u00e9gitime et nous allons travailler tout de suite pour les mettre en oeuvre. Ceux qui disent que ce sont des promesses et qu\u2019il faut croire aux actes. Regardez les actes des ann\u00e9es que j\u2019ai cit\u00e9s pr\u00e9c\u00e9demment, \u00e0 chaque fois c\u2019est ce que nous avons fait donc nous le ferons. M\u00eame si Urbaser n\u00e9gociera \u00e0 la fin, nous serons pr\u00e9sents et on veillera \u00e0 ce que les conditions de travail et de r\u00e9mun\u00e9ration soient garanties\u00a0\u00bb.<\/p>\n<p>Charges contre le CSR et Micha\u00ebl Delafosse<\/p>\n<p class=\" wall-content\"><strong>9h44 : C\u00e9lia Serrano<\/strong> (conseill\u00e8re municipale d\u2019opposition \u00e9cologiste Montpellier) donne sa vision \u00ab d\u2019un incin\u00e9rateur qui br\u00fblera entre 30 000 et 45 000 tonnes de d\u00e9chets par an majoritairement des plastiques en plein coeur de ville, une v\u00e9ritable bombe sanitaire \u00e0 retardement \u00bb en ajoutant \u00ab\u00a0une bombe financi\u00e8re, climatique et environnementale\u00a0\u00bb, elle \u00e9voque \u00ab\u00a0une solution du pass\u00e9 et inutile\u00a0\u00bb. Fustigeant sa localisation \u00e0 Croix d\u2019Argent, elle estime \u00ab\u00a0la d\u00e9cision antid\u00e9mocratique\u00a0\u00bb et juge que la collectivit\u00e9 \u00ab\u00a0nie la participation citoyenne\u00a0\u00bb en mettant en avant<a href=\"https:\/\/agir.greenvoice.fr\/petitions\/non-a-l-incinerateur-plastiques-a-montpellier\" rel=\"nofollow noopener\" target=\"_blank\"> une p\u00e9tition \u00ab\u00a0Non \u00e0 l\u2019incin\u00e9rateur plastiques \u00e0 Montpellier\u00a0\u00bb qui a recueilli pr\u00e8s de 5 000 signatures<\/a>. \u00ab\u00a0Vous m\u00e9prisez les habitants de ce quartier et au-del\u00e0 car les fum\u00e9es toxiques ne connaissent pas les fronti\u00e8res. Votre d\u00e9cision est d\u2019un cynisme absolu\u00a0\u00bb attaque-t-elle en \u00e9voquant les diff\u00e9rentes oppositions \u00e0 travers la France contre les incin\u00e9rateurs CSR : \u00ab\u00a0Vous faites fi des cons\u00e9quences sanitaires car vous vous \u00eates laiss\u00e9s endormir par les lobby industriels. Votre d\u00e9cision est inique, elle vous engage et pour cela vous devrez un jour rendre des comptes aux g\u00e9n\u00e9rations futures qui vivront non pas \u00e0 hauteur d\u2019enfant mais \u00e0 hauteur d\u2019un air irrespirable\u00a0\u00bb.<\/p>\n<p class=\" wall-content\"><strong>9h49 : Fran\u00e7ois Vasquez<\/strong> (conseiller municipal d\u2019opposition \u00e9cologiste Montpellier) reprenant son propre son slogan \u00ab ni cobayes, ni pigeons \u00bb, dit \u00ab\u00a0voir s\u2019organiser une mobilisation citoyenne sans commune mesure\u00a0\u00bb et \u00ab\u00a0entendre cette col\u00e8re l\u00e9gitime devant tant d\u2019insuffisance politique et de d\u00e9ni d\u00e9mocratique\u00a0\u00bb. Estimant que \u00ab\u00a0Ametyst a \u00e9t\u00e9 et est encore la plus grande absurdit\u00e9 europ\u00e9enne en mati\u00e8re de traitement des d\u00e9chets\u00a0\u00bb en jugeant que \u00ab\u00a0personne ici n\u2019en a vraiment conscience\u00a0\u00bb, il pointe : \u00ab\u00a0Le CSR sera l\u2019aboutissement de l\u2019absurde. Ce n\u2019est pas la solution, m\u00eame partielle, \u00e0 ce cuisant \u00e9chec, il en est le renouvellement, la prolongation pour 15 ans\u00a0\u00bb. S\u2019\u00e9tonnant du choix d\u2019Urbaser, Fran\u00e7ois Vasquez d\u00e9nonce \u00ab\u00a0une DSP discount, c\u2019est la grande braderie d\u2019une gestion impossible\u00a0\u00bb. Fustigeant tour \u00e0 tour Micha\u00ebl Delafosse et Ren\u00e9 Revol dans des charges que certains diront passionn\u00e9es et d\u2019autres excessives, <a href=\"https:\/\/actu.fr\/occitanie\/montpellier_34172\/montpellier-francois-vasquez-ce-qu-il-se-passe-est-grave-la-filiere-csr-ne-doit-pas-passer_60752368.html\" rel=\"nofollow noopener\" target=\"_blank\">l\u2019ancien vice-pr\u00e9sident ne temp\u00e8re nullement sa col\u00e8re<\/a> : \u00ab\u00a0Nous allons br\u00fbler 45 000 tonnes de plastique sous couvert de les faire dispara\u00eetre pour satisfaire un incin\u00e9rateur et les ventiler dans l\u2019air de notre ville, dans nos quartiers et sur nos enfants. C\u2019est irresponsable et seront d\u00e9finitivement irresponsables ceux qui voteront par paresse sur l\u2019\u00e9tude de ce dossier, par complaisance envers le donneur d\u2019ordre, par int\u00e9r\u00eat particulier contre l\u2019int\u00e9r\u00eat g\u00e9n\u00e9ral\u00a0\u00bb et tonne de mani\u00e8re solennelle : \u00ab\u00a0Le marbre ! Le marbre ! Je demande le marbre pour graver le nom de celles et ceux qui par leur vote ne seront pas responsables, mais coupables de cette d\u00e9lib\u00e9ration inique, stupide, contraire au climat, \u00e0 la sant\u00e9 publique et \u00e9conomiquement irresponsable\u00a0\u00bb. Au final, il serait toutefois peut-\u00eatre plus rapide, mais aussi hautement plus symbolique, de graver ceux qui ce seront oppos\u00e9s\u2026 \u00ab\u00a0Le temps de la honte viendra, car le r\u00e9veil adviendra et il sera douloureux. Personne ne pourra se d\u00e9rober. Ce vote est le plus important des 40 derni\u00e8res ann\u00e9es par l\u2019ampleur de ses impacts\u00a0\u00bb pronostique Fran\u00e7ois Vasquez qui, arriv\u00e9 au bout du temps imparti, mais sa diatribe inachev\u00e9, poursuivra avec tout autant de v\u00e9h\u00e9mence hors micro provoquant l\u2019exasp\u00e9ration des \u00e9lus.<\/p>\n<p>D\u2019autre alternatives pour Alenka Doulain<\/p>\n<p class=\" wall-content\">\u00a0<strong>9h55 : Alenka Doulain<\/strong> (conseill\u00e8re municipale d\u2019opposition La France Insoumise Montpellier) regrette : \u00ab\u00a0La majorit\u00e9 explique qu\u2019il n\u2019y a pas d\u2019alternative, qu\u2019il n\u2019y aurait qu\u2019un seul chemin, qu\u2019une seule solution pour les \u00e9lus responsables que nous sommes. C\u2019est faux et c\u2019est surtout insupportable\u00a0\u00bb. Et \u00ab\u00a0si tout le monde s\u2019accorde sur les constats\u00a0\u00bb, elle attaque Micha\u00ebl Delafosse : \u00ab\u00a0Tout ces constats et ce fiasco est le fruit des majorit\u00e9s auxquelles vous avez appartenu. C\u2019est comme si nous reprenions les m\u00eames travers avec les m\u00eames logiques sur cette DSP\u00a0\u00bb. Alenka Doulain voit ainsi dans cette DSP \u00ab\u00a0une victoire de la logique capitaliste, du technosolutionnisme, des grands groupes qui se font de l\u2019argent sur nos services publics essentiels contre l\u2019int\u00e9r\u00eat g\u00e9n\u00e9ral\u00a0\u00bb et illustre : \u00ab\u00a0C\u2019est notre argent public qui va payer la construction d\u2019un outil industriel et un groupe priv\u00e9 qui va en tirer les b\u00e9n\u00e9fices\u00a0\u00bb en estimant que \u00ab\u00a0notre argent public d\u00e9di\u00e9 au budget des d\u00e9chets sera accapar\u00e9 par cet investissement et va donc verrouiller toute politique ambitieuse de r\u00e9duction des d\u00e9chets pour les quinze prochaines ann\u00e9es avec une solution industrielle co\u00fbteuse\u00a0\u00bb. Plus de 500M\u20ac qu\u2019elle aurait pr\u00e9f\u00e9r\u00e9 voir consacr\u00e9s \u00e0 d\u00e9velopper davantage de moyens humains pour conduire la strat\u00e9gie Z\u00e9ro d\u00e9chet. Jugeant qu\u2019il s\u2019agit d&rsquo;\u00a0\u00bbune impasse \u00e9cologique, financi\u00e8re et d\u00e9mocratique\u00a0\u00bb, elle souhaite porter \u00ab\u00a0une gestion publique des d\u00e9chets de la collecte au traitement \u00e0 la valorisation en commen\u00e7ant par la mise \u00e0 l\u2019\u00e9tude d\u2019un syndicat intercommunal du sud de l\u2019H\u00e9rault\u00a0\u00bb et de mettre en avant : \u00ab\u00a0La solution c\u2019est cette mutualisation et la gestion public de nos d\u00e9chets \u00e0 cette \u00e9chelle\u00a0\u00bb. Croyant \u00e0 cette alternative, \u00ab\u00a0Montpellier peut faire autrement et faire mieux\u00a0\u00bb, elle invite politiquement \u00ab\u00a0ceux qui ont cru en la politique des petits pas en int\u00e9grant cette majorit\u00e9 doivent prendre leur responsabilit\u00e9 pour rompre avec ce syst\u00e8me PS \u00e0 bout de souffle\u00a0\u00bb.<\/p>\n<p class=\" wall-content\"><strong>9h59 : Serge Guiseppin<\/strong> (conseiller municipal d\u2019opposition (liste Altrad Montpellier) exhorte d\u2019abord \u00e0 donner \u00ab\u00a0une dynamique plus efficace\u00a0\u00bb \u00e0 la strat\u00e9gie Z\u00e9ro d\u00e9chet. Pointant que celle-ci est \u00ab\u00a0indispensable et rel\u00e8ve avant-tout de votre responsabilit\u00e9 politique\u00a0\u00bb, il appelle l\u2019ex\u00e9cutif \u00e0 en \u00ab\u00a0mener le pilotage et d\u2019accorder des mesures fortes voire parfois r\u00e9pressives si n\u00e9cessaire aupr\u00e8s de la population. Mettez les moyens pour obtenir les r\u00e9sultats. D\u2019autres territoires y sont parvenus, je ne vois pas pourquoi la M\u00e9tropole de Montpellier ne serait pas capable d\u2019atteindre les m\u00eames objectifs\u00a0\u00bb. Revenant \u00e0 la cr\u00e9ation d\u2019Ametyst, il rappelle le r\u00f4le de Jean-Louis Roum\u00e9gas et des \u00e9cologistes dans le choix final de Georges Fr\u00eache. \u00ab\u00a0Plus jamais \u00e7a ! Tous ceux qui ont soutenu Ametyst \u00e0 l\u2019\u00e9poque, y compris dans les rangs \u00e9cologistes, doivent aujourd\u2019hui avoir l\u2019honn\u00eatet\u00e9 de faire leur mea culpa. Comme quoi le label \u00e9colo n\u2019est pas une garantie\u00a0\u00bb. La charge lanc\u00e9e, il en vient au choix du CSR. \u00ab Ce n\u2019est pas une solution miracle mais ce n\u2019est pas non plus une impasse si, et seulement si, il est encadr\u00e9, limit\u00e9 et int\u00e9gr\u00e9 \u00e0 une strat\u00e9gie globale de r\u00e9duction et de tri \u00e0 la source \u00bb. Alertant quant \u00e0 son co\u00fbt et \u00e9voquant quelques points de vigilances, Serge Guiseppin se positionne en faveur de la nouvelle DSP car selon lui \u00ab\u00a0notre responsabilit\u00e9 est collective et les g\u00e9n\u00e9rations futures ne nous pardonneront pas un deuxi\u00e8me Ametyst\u00a0\u00bb.<\/p>\n<p>Les populistes vis\u00e9s<\/p>\n<p class=\" wall-content\"><strong>10h05 :<\/strong> En sp\u00e9cialiste des coups politiques, <strong>Manu Reynaud<\/strong> (conseiller municipal \u00e9cologiste Montpellier) souligne le contexte : \u00ab\u00a0Le d\u00e9bat n\u2019est pas serein parce que les \u00e9lections approchent et avec la course \u00e0 l\u2019\u00e9chalote, les postures, les caricatures, les positions simplistes, les peurs sur le questions de sant\u00e9. La veille d\u2019une \u00e9lection, il faut faire confiance \u00e0 la cr\u00e9ativit\u00e9 \u00e9lectorale de certaines et certains et force est de constater qu\u2019elle est florissante\u00a0\u00bb. Tout le monde s\u2019accordant sur le bilan en mati\u00e8re de gestion des d\u00e9chets, il propose aux \u00e9lus de \u00ab\u00a0s\u2019entendre pour ne plus redonner la responsabilit\u00e9 de ces questions \u00e0 ceux qui ont \u00e9chou\u00e9 durant ces ann\u00e9es\u00a0\u00bb. Jugeant que \u00ab\u00a0les choses avancent\u00a0\u00bb depuis l\u2019arriv\u00e9e de Ren\u00e9 Revol, dont il s\u2019est \u00ab\u00a0r\u00e9joui\u00a0\u00bb, il semble alors donner une le\u00e7on : \u00ab\u00a0Il y a une chose en politique qui est importante et qui est structurante sur la politique des d\u00e9chets, c\u2019est qu\u2019il faut savoir convaincre et emmener avec soit dans cette assembl\u00e9e et surtout nos concitoyens\u00a0\u00bb. Et si l\u2019on devinait qu\u2019il s\u2019adressait \u00e0 Fran\u00e7ois Vasquez, Manu Reynaud, y ajoutant Celia Serrano, s\u2019adresse directement \u00e0 lui : \u00ab\u00a0Je le dis sans animosit\u00e9, tout le monde connait ta d\u00e9termination et ton \u00e9loquence mais aujourd\u2019hui la position que tu d\u00e9fends et la fa\u00e7on dont elle est d\u00e9fendue par toi et tes camarades dans cette assembl\u00e9e et dans la campagne \u00e9lectorale dessert le sujet m\u00eame. Il y a des choses qui ne sont plus audibles et je le regrette\u00a0\u00bb. Revenant \u00e0 la DSP, il explique la position du groupe des \u00e9cologistes rest\u00e9s dans la majorit\u00e9 : \u00ab\u00a0Ce choix est difficile et il engage. Certains voudraient nous enfermer dans des caricatures, nous avons choisi d\u2019essayer d\u2019avancer\u00a0\u00bb. Alors si les trois \u00e9lus se sont abstenus, Manu Reynaud pose en conditions de suivre les conclusions de la future enqu\u00eate publique, de se conformer \u00e0 l\u2019avis de l\u2019Autorit\u00e9 environnementale et de poursuivre le travail avec le dialogue citoyen. \u00ab\u00a0Cela nous \u00e9vitera de simplifier et de caricaturer le d\u00e9bat. Cette doctrine peut servir de boussole \u00e0 l\u2019action publique de la m\u00e9tropole sur les d\u00e9chets comme pour d\u2019autres politiques publiques\u00a0\u00bb conclut-il.<\/p>\n<p class=\" wall-content\"><strong>10h10 : S\u00e9bastien Cote<\/strong> (conseiller municipal PS Montpellier) rappelle que \u00ab nous sommes la seule m\u00e9tropole de France qui n\u2019a pas de solution pour g\u00e9rer ses d\u00e9chets ultimes. Nous exportons, nous polluons et nous payons, car les d\u00e9chets sont une marchandise et avec la fili\u00e8re CSR nous proposons de reprendre le contr\u00f4le de nos d\u00e9chets\u00a0\u00bb. Faisant le parall\u00e8le avec la s\u00e9curit\u00e9, dont il a la d\u00e9l\u00e9gation \u00e0 la Ville de Montpellier, il juge que \u00ab\u00a0la strat\u00e9gie des populistes est de jouer sur les peurs, on monte en \u00e9pingle, on tord les mots, on utilise incin\u00e9rateur \u00e0 la place de chaudi\u00e8re, on inqui\u00e8te, on fait des tracts mensongers, on insinue dans cette assembl\u00e9e m\u00eame, on jette le soup\u00e7on \u00bb et, lan\u00e7ant un regard par dessus son \u00e9paule en direction de Fran\u00e7ois Vasquez, il accuse : \u00ab\u00a0Les populistes sont pr\u00e9sents ici et ils ne proposent jamais rien, aucune solution\u00a0\u00bb. Saluant \u00ab\u00a0le courage de l\u2019action\u00a0\u00bb, il met en avant \u00ab\u00a0gouverner c\u2019est choisir, c\u2019est choisir un fili\u00e8re CSR qui permettra de transformer nos d\u00e9chets ultimes en \u00e9nergie qui garantira notre souverainet\u00e9 \u00e9nerg\u00e9tique\u00a0\u00bb. Et si certains ont point\u00e9 le co\u00fbt de cette DSP, lui, oppose : \u00ab\u00a0Si nous ne faisons rien et continuer de nous bercer d\u2019illusion, c\u2019est la TEOM (Taxe d\u2019Enl\u00e8vement des Ordures M\u00e9nag\u00e8res) qui ne cessera de croitre. Avec le CSR, nous avons la perspective d\u2019une diminution de cette TEOM quand la question de la fiscalit\u00e9 est fondamentale pour nos concitoyens\u00a0\u00bb. Argumentant en faveur des mesures prises durant le mandat pour am\u00e9liorer la qualit\u00e9 de l\u2019air sur le territoire, S\u00e9bastien Cote plaide : \u00ab\u00a0Ce CSR sera un outil performant et contr\u00f4l\u00e9 dont les \u00e9manations seront bien inf\u00e9rieures en terme de sant\u00e9 public \u00e0 tous les incin\u00e9rateurs que nous continuons \u00e0 alimenter aujourd\u2019hui par nos exportations de d\u00e9chets\u00a0\u00bb.<\/p>\n<p class=\" wall-content\"><strong>10h15 :<\/strong> \u00c9voquant le souvenir de Michel Passet qui s\u2019\u00e9tait oppos\u00e9 \u00e0 la cr\u00e9ation d\u2019Ametyst et ironisant quant \u00e0 l\u2019alliance d\u2019aujourd\u2019hui entre Jean-Louis Roum\u00e9gas et Fran\u00e7ois Vasquez tout en regrettant que \u00ab\u00a0les d\u00e9put\u00e9s ne l\u00e9gif\u00e8rent pas sur la question de la r\u00e9duction de la production des d\u00e9chets \u00e0 la source plut\u00f4t que de culpabiliser les individus\u00a0\u00bb, <strong>Clara Gimenez<\/strong> (vice-pr\u00e9sidente, d\u00e9l\u00e9gu\u00e9e \u00e0 la Politique de la Ville et Coh\u00e9sion sociale) s\u2019interroge quant \u00e0 \u00ab\u00a0la fa\u00e7on dont certains agitent des peurs sans fondement scientifique s\u00e9rieux. Apr\u00e8s la p\u00e9riode du covid, nous avons aujourd\u2019hui besoin de faire confiance \u00e0 la science et aux scientifiques plut\u00f4t qu\u2019aux rudologues autodidactes\u00a0\u00bb. En tant que communiste, l\u2019\u00e9lue met bien s\u00fbr en avant les revendications des salari\u00e9s d\u2019Ametyst en appelant \u00e0 les soutenir mais \u00e9galement \u00e0 les int\u00e9grer, ainsi que les scientifiques, \u00e0 \u00ab\u00a0la construction de ce nouveau process\u00a0\u00bb. Voyant plus loin que les 15 ans de la DSP, elle \u00e9voque \u00ab\u00a0la r\u00e9appropriation publique de cet outil et l\u2019int\u00e9gration des salari\u00e9s en r\u00e9gie\u00a0\u00bb et ce pour \u00ab\u00a0faire en sorte que les d\u00e9chets ne soient plus une mati\u00e8re \u00e0 profit mais qu\u2019on puisse en r\u00e9cup\u00e9rer la gestion publique\u00a0\u00bb.<\/p>\n<p>Des maires taquins<\/p>\n<p class=\" wall-content\"><strong>10h19 :<\/strong> Lanc\u00e9 par Micha\u00ebl Delafosse par \u00ab Je ne pense pas que vous voudriez qu\u2019on rouvre le Th\u00f4t \u00bb, <strong>Cyril Meunier<\/strong> (maire sans \u00e9tiquette de Lattes, vice-pr\u00e9sident, d\u00e9l\u00e9gu\u00e9 au Tourisme, Attractivit\u00e9, Congr\u00e8s) appelle \u00e0 l\u2019indulgence quant au choix en 2002 d\u2019Ametyst, \u00ab\u00a0sous les conseils avis\u00e9s de Jean-Louis Roum\u00e9gas et Nicole Stamm\u00a0\u00bb pointe-t-il avec un brin d\u2019ironie, car justement \u00ab\u00a0il fallait sortir du Th\u00f4t o\u00f9 depuis 40 ans, nous entassions en zone naturelle les d\u00e9chets de la ville de Montpellier. Nous n\u2019avons jamais \u00e9t\u00e9 vertueux en la mati\u00e8re\u00a0\u00bb. D\u2019o\u00f9 cette d\u00e9cision de la m\u00e9thanisation qui rappelle-t-il : \u00ab\u00a0Pour les \u00e9cologistes, les scientifiques, les grands industriels, les l\u00e9gislateurs, pour tout le monde c\u2019\u00e9tait la solution qu\u2019il fallait adopter. Alors on peut nous taper dessus. Moi et d\u2019autres \u00e9tions plus pour l\u2019incin\u00e9ration afin de r\u00e9gler le probl\u00e8me mais on a d\u00fb plier aux arguments forts convaincants de Nicole Stamm et Jean-Louis Roum\u00e9gas\u00a0\u00bb. Poursuivant son retour dans le temps, Cyril Meunier plaide : \u00ab\u00a0Apr\u00e8s on a ferm\u00e9 le Th\u00f4t et on peut \u00eatre fier de ce que l\u2019on a fait. Ensuite on a essay\u00e9 de faire fonctionner Ametyst avec le groupe Suez qui a pris le risque de se lancer et je tiens \u00e0 les remercier, car c\u2019est toujours facile de taper sur les industriels mais si on ne les avait pas on serait en difficult\u00e9 en mati\u00e8re de Recherche &amp; D\u00e9veloppement, de cr\u00e9ation et de gestion\u00a0\u00bb. Ayant eu la gestion des d\u00e9chets sous Philippe Saurel de 2015 \u00e0 2017, il d\u00e9fend : \u00ab\u00a0Nous avions fait un appel d\u2019offres pour r\u00e9nover et remettre \u00e0 l\u2019ordre du jour Ametyst. Nous avons regard\u00e9 la l\u00e9gislation qui disait que les rejets, ce que l\u2019on appelle aujourd\u2019hui le mauvais compost, allaient \u00eatre de plus en plus autoris\u00e9s et utilis\u00e9s donc avec le conseil de M\u00e9tropole nous avons r\u00e9investi toujours avec le m\u00eame groupe Suez afin que l\u2019usine soit plus performante. Aujourd\u2019hui, on dit qu\u2019elle ne fonctionne pas mais uniquement dans l\u2019utilisation des rejets derri\u00e8re car quand la poubelle grise quitte le domicile elle ne revient pas pleine. Donc on g\u00e8re les d\u00e9chets mais \u00e0 un co\u00fbt \u00e9norme. Sans parler d\u2019une l\u00e9gislation qui, pratiquement un an apr\u00e8s qu\u2019on ait fait ce choix, avait chang\u00e9 \u00e0 180\u00b0 en ayant plus le droit d\u2019utiliser le compost d\u2019Ametyst\u00a0\u00bb. Quant au CSR, Cyril Meunier pr\u00e9vient : \u00ab Attention, ne pensons pas que cela r\u00e8gle tout. Faisons \u00e9norm\u00e9ment d\u2019effort sur les biod\u00e9chets et mettons le point d\u2019orgue sur le verre \u00bb. Ayant vu le projet du Petit Tinal retir\u00e9 du PLUi, le maire de Lattes conclut malicieusement : \u00ab\u00a0Et si les commissaires enqu\u00eateurs nous donnent un avis d\u00e9favorable sur le CSR ? On fait comme avec le PLUi, on rebaisse la culotte ?\u00a0\u00bb.<\/p>\n<p class=\" wall-content\"><strong>10h24 :<\/strong> Tout aussi taquin, <strong>Yvon Pellet<\/strong> (maire de Saint-Geni\u00e8s-des-Mourgue, d\u00e9l\u00e9gu\u00e9 \u00e0 l\u2019Agriculture, viticulture et manifestations aff\u00e9rentes) rappelle lui la cr\u00e9ation de l\u2019incin\u00e9rateur de Lunel-Vieil \u00e0 la fin des ann\u00e9es 90 destin\u00e9 \u00e0 remplacer plusieurs d\u00e9charges \u00e0 ciel ouvert. \u00ab\u00a0Il s\u2019est mont\u00e9 des associations de partout. Nous avons \u00e9t\u00e9 inond\u00e9s de tracts, de scientifiques et d\u2019experts, dont un si\u00e9geait ici, le professeur Sultan, qui v\u00e9hiculaient la peur dans nos villages. \u00c0 Lunel il y avait une opposition \u00e0 la municipalit\u00e9 avec des \u00e9cologistes du secteur qui \u00e9taient vent debout contre cet incin\u00e9rateur. Ces gens, qui savaient tout, nous ont fait toutes les mis\u00e8res du monde \u00e0 nous qui ne connaissions pas grand chose. Nous devions tous mourir dans les cinq ans\u00a0\u00bb pointe-t-il non sans oublier la victoire de Jean Charpentier, \u00ab\u00a0\u00e9colo revendiqu\u00e9\u00a0\u00bb \u00e0 Lunel-Vieil aux \u00e9lections municipales de 2008. \u00ab\u00a0Apr\u00e8s tout ce qui avait \u00e9t\u00e9 dit, on pensait que l\u2019incin\u00e9rateur allait \u00eatre ferm\u00e9 et d\u00e9moli comme il l\u2019avait promis. On est en 2025, Fabrice Fenoy, avec qui j\u2019ai d\u2019excellentes relations, a pris la suite et fait comme nous tout ce qu\u2019il peut pour r\u00e9duire les d\u00e9chets, mais l\u2019incin\u00e9rateur fonctionne toujours. Il \u00e9tait \u00e0 120 000 tonnes avant de passer \u00e0 90 000 tonnes et on parle de r\u00e9duire encore sa capacit\u00e9\u00a0\u00bb. Revenant comme Cyril Meunier sur la cr\u00e9ation d\u2019Ametyst, Yvon Pellet se rem\u00e9more : \u00ab\u00a0Quand on est rentr\u00e9s en conf\u00e9rence des maires pour pratiquement tous avoir un incin\u00e9rateur, Georges Fr\u00eache, dans un grand moment de d\u00e9mocratie, sous la pression de Jean-Louis Roum\u00e9gas et de Nicole Stamm, on est tous ressortis avec l\u2019usine Ametyst\u00a0\u00bb. \u00c0 ceux qui s\u2019opposent au CSR, il adresse : \u00ab\u00a0Il faut arr\u00eater de parler de chaudi\u00e8re \u00e0 plastiques, c\u2019est de la d\u00e9magogie\u00a0\u00bb et demande : \u00ab\u00a0C\u2019est tr\u00e8s bien l\u2019objectif Z\u00e9ro d\u00e9chet mais citez moi une m\u00e9tropole de 500 000 habitants qui fait du Z\u00e9ro d\u00e9chet sans un brin de chaudi\u00e8re\u00a0\u00bb.<\/p>\n<p class=\" wall-content\"><strong>10h30 :<\/strong> <strong>Philippe Saurel<\/strong> (conseiller municipale d\u2019opposition Montpellier) a particuli\u00e8rement appr\u00e9ci\u00e9 les propos des deux intervenants pr\u00e9c\u00e9dents. \u00ab\u00a0On ne peut pas comprendre la probl\u00e9matique des d\u00e9chets, qui est tr\u00e8s complexe avec les \u00e9volutions juridiques, sans avoir un regard objectif sur l\u2019histoire\u00a0\u00bb plaide l\u2019ancien pr\u00e9sident de la M\u00e9tropole en d\u00e9fendant : \u00ab\u00a0On ne peut pas jeter la pierre sur Georges Fr\u00eache, Jean-Louis Roum\u00e9gas ou Nicole Stamm, comme je ne reproche pas \u00e0 Micha\u00ebl Delafosse et Ren\u00e9 Revol de chercher des solutions qui peuvent \u00eatre valables pour les ann\u00e9es \u00e0 venir\u00a0\u00bb. Reprenant justement les propos de ce dernier concernant \u00ab\u00a0l\u2019enfouissement catastrophique pour l\u2019environnement\u00a0\u00bb, il en profite : \u00ab\u00a0On peut dire que l\u2019on n\u2019a pas fait d\u2019autres casiers, mais Jean-Pierre Moure a ferm\u00e9 le projet de La Gardiole et, en accord avec Gilbert Pastor, le troisi\u00e8me casier de Castries. Et la loi a chang\u00e9, nous sommes pass\u00e9 d\u2019un plan de gestion d\u00e9partementale \u00e0 un plan de gestion r\u00e9gionale et c\u2019est donc la R\u00e9gion qui, parce qu\u2019elle a des casiers qui ne sont pas remplis dans d\u2019autres communes, permet de pouvoir faire les transferts\u00a0\u00bb. Quant \u00e0 la fili\u00e8re CSR, il juge que \u00ab\u00a0l\u2019on ne peut pas avoir d\u2019opinion car il s\u2019agit d\u2019un sujet de sant\u00e9 public\u00a0\u00bb et s\u2019appuyant sur une conf\u00e9rence donn\u00e9e par Agn\u00e8s Langevine, vice-pr\u00e9sidente de la R\u00e9gion Occitanie, d\u00e9l\u00e9gu\u00e9e au D\u00e9fi climatique, Pacte vert et Habitat durable, il estime que \u00ab\u00a0les r\u00e9ponses n\u2019ont pas \u00e9t\u00e9 satisfaisantes en terme de sant\u00e9 publique et elle-m\u00eame a \u00e9mis d\u2019\u00e9normes doutes sur les \u00e9manations des CSR\u00a0\u00bb. Regrettant par ailleurs que la M\u00e9tropole n\u2019ait pas apport\u00e9 plus d\u2019\u00e9tudes en la mati\u00e8re, Philippe Saurel votera contre la DSP en soulignant que \u00ab\u00a0lorsque l\u2019on veut prot\u00e9ger l\u2019air de la ville, avec ce type d\u2019\u00e9quipement en centre-ville, le danger n\u2019est pas encore totalement lev\u00e9\u00a0\u00bb.<\/p>\n<p class=\" wall-content\"><strong>10h35 :<\/strong> Dernier intervenant, <strong>Jean-Luc Messonnier<\/strong> (maire sans \u00e9tiquette de Baillargues, d\u00e9l\u00e9gu\u00e9 aux Festivit\u00e9s et sports traditionnels) donne lui aussi son point de vue sur l\u2019histoire : \u00ab Quand nous avons choisi Ametyst, nous \u00e9tions trois maires ici pr\u00e9sents : Cyril Meunier, Yvon Pellet et moi. Je le dis tr\u00e8s clairement, nous nous sommes fait enfumer par monsieur Roum\u00e9gas \u00bb. Ne s\u2019\u00e9tendant pas plus sur le pass\u00e9, il s\u2019adresse \u00e0 Micha\u00ebl Delafosse : \u00ab\u00a0Je vous remercie de ne pas avoir eu l\u2019ind\u00e9licatesse de poser la question \u00e0 chaque maire ici s\u2019il souhaitait accueillir le CSR dans sa commune. Je voudrais savoir si un maire aura le courage de voter contre le CSR alors que c\u2019est Montpellier qui va se le coltiner\u00a0\u00bb. Enfin, Jean-Luc Messonnier a tenu \u00e0 apporter un soutien appuy\u00e9 \u00e0 Ren\u00e9 Revol, contest\u00e9 au sein de sa propre famille politique pour mener cette affaire : \u00ab\u00a0Tant qu\u2019il sera aux manettes, m\u00eame si on n\u2019est pas sur la m\u00eame longueur politique, et loin s\u2019en faut, je pense qu\u2019il est assez m\u00e9ticuleux et pointilleux pour suivre de pr\u00e8s ce qu\u2019il y a lieu de faire en mati\u00e8re de sant\u00e9 publique. Longue vie \u00e0 toi, on te fait confiance\u00a0\u00bb.<\/p>\n<p>Les agacements politiques de Ren\u00e9 Revol<\/p>\n<p class=\" wall-content\"><strong>10h36 :<\/strong> En r\u00e9ponse \u00e0 toutes les interventions, <strong>Ren\u00e9 Revol<\/strong> a d\u2019abord mis de c\u00f4t\u00e9 \u00ab\u00a0les emportements excessifs\u00a0\u00bb et le pass\u00e9 pour s\u2019attacher au fond. Si certain \u00e9voque \u00ab\u00a0une bombe future\u00a0\u00bb, le vice-pr\u00e9sident est plus sombre encore. \u00ab\u00a0Il y a une bombe actuelle. La M\u00e9tropole de Montpellier produit actuellement une d\u00e9gradation massive de l\u2019environnement. Nous ne pouvons pas nous satisfaire de l\u2019enfouissement massif qui a \u00e9t\u00e9 pratiqu\u00e9 d\u00e9lib\u00e9r\u00e9ment par la collectivit\u00e9 et qui est \u00e0 proscrire\u00a0\u00bb pointe-t-il. Changeant de registre, il ne cache pas son agacement : \u00ab\u00a0Vraiment vous m\u2019emmerdez, la campagne municipale commencera pour moi le 15 janvier apr\u00e8s les voeux. Avant, on bosse. Naturellement cela n\u2019emp\u00eache pas d\u2019avoir des arri\u00e8res pens\u00e9es et de se situer. Il n\u2019y a pas de positionnement, on r\u00e9fl\u00e9chit \u00e0 ses principes et on cherche \u00e0 les appliquer. Je respecte votre point de vue Monsieur Vasquez et Madame Serrano mais je ne suis pas d\u2019accord avec vous. Je consid\u00e8re que le Z\u00e9ro d\u00e9chet par le geste citoyen, nous n\u2019y arriverons pas. Il faut un vrai fil conducteur\u00a0\u00bb et de prendre en exemple Parme, \u00ab\u00a0la capitale Z\u00e9ro d\u00e9chet de l\u2019Italie, ils ont un incin\u00e9rateur et ils verbalisent tout le monde d\u00e8s qu\u2019il y a un papier par terre. On se croirait en Suisse\u00a0\u00bb avant de s\u2019agacer encore : \u00ab\u00a0Arr\u00eatez de nous parler des quartiers populaires. \u00c0 la Mosson il y a plein de familles qui se mobilisent sur le Z\u00e9ro d\u00e9chet, les choses s\u2019am\u00e9liorent au sein des logements sociaux\u00a0\u00bb. Quant \u00e0 l\u2019argument de continuer avec l\u2019incin\u00e9rateur de Lunel-Vieil, il ne comprend pas l\u2019argument : \u00ab\u00a0Il pollue aussi. Saint-G\u00e9ni\u00e8s-des-Mourgues, Baillargues et Sant-Br\u00e8s sont \u00e0 c\u00f4t\u00e9. Alors, quoi ? Il y a une barri\u00e8re comme \u00e0 Tchernobyl, on s\u2019en fout ? Pour le moment, ils nous prennent nos d\u00e9chets mais cela ne va pas durer car ils ont un programme de r\u00e9duction de leur capacit\u00e9. On est en train de discuter pour trouver des solutions provisoires avec S\u00e8te\u00a0\u00bb. Un dialogue n\u00e9cessaire avec les autres intercommunalit\u00e9s voisines car Ren\u00e9 Revol souligne : \u00ab\u00a0La chaudi\u00e8re CSR ne r\u00e8glera pas tout, loin de l\u00e0, mais elle est indispensable\u00a0\u00bb et de pr\u00e9ciser sa limitation \u00e0 45 000 tonnes afin de ne pas avoir \u00e0 payer la taxe g\u00e9n\u00e9rale sur les activit\u00e9s polluantes en assurant \u00e9galement du soutien de l\u2019ADEME.<\/p>\n<p class=\" wall-content\">Affirmant une nouvelle fois que \u00ab\u00a0ce n\u2019est pas un incin\u00e9rateur\u00a0\u00bb, les \u00e9cologistes lavant r\u00e9guli\u00e8rement leur linge sale au conseil, l\u2019Insoumis en fait de m\u00eame : \u00ab\u00a0C\u2019est toi Alenka (Doulain) qui m\u2019a convaincu en 2022 lors du d\u00e9bat sur le Z\u00e9ro d\u00e9chet o\u00f9 pendant ton intervention tu expliques ce que je tentais moi d\u2019expliquer en off \u00e0 Fran\u00e7ois Vasquez qu\u2019il fallait bien trouver une solution finale pour que l\u2019on incin\u00e8re nous. Il m\u2019a dit pas tout de suite car cela allait d\u00e9motiver le geste de tri et tu es intervenue pour dire qu\u2019il fallait une valorisation \u00e9nerg\u00e9tique \u00e0 la fin qui n\u2019est pas n\u00e9cessairement un incin\u00e9rateur polluant car il y a d\u2019autres solutions. Tu es \u00e9nerg\u00e9ticienne, tu as des principes et des points de vue donc, aujourd\u2019hui, ne va pas pour des raisons \u00e9lectorales changer de point de vue. Si tu veux t\u2019opposer \u00e0 Micha\u00ebl Delafosse, il y a plein d\u2019autres sujets mais sur celui-l\u00e0 ce n\u2019est pas n\u00e9cessaire. J\u2019en ai marre de ce genre de d\u00e9bats fauss\u00e9s\u00a0\u00bb.<\/p>\n<p class=\" wall-content\">Quant au choix d\u2019Urbaser et de qui constitue son capitale, Ren\u00e9 Revol ironise : \u00ab\u00a0On peut aussi \u00e9tudier l\u2019actionnariat de Suez, de Patrec, de tout le monde. On peut aussi \u00e9tudier l\u2019actionnariat du groupe Altrad ou d\u2019autres capitalistes locaux\u00a0\u00bb. Le vice-pr\u00e9sident rappelle par ailleurs que Urbaser avait fait l\u2019acquisition de Valorga, entreprise montpelli\u00e9raine, qui a d\u00e9velopp\u00e9 un proc\u00e9d\u00e9 de m\u00e9thanisation dans les ann\u00e9es 80, et que certains avaient \u00e9voqu\u00e9 au moment de la cr\u00e9ation d\u2019Ametyst. \u00ab\u00a0Ils ont une histoire, une capacit\u00e9, des ing\u00e9nieurs, des activit\u00e9s tout \u00e0 fait int\u00e9ressantes donc on va s\u2019appuyer sur eux\u00a0\u00bb d\u00e9fend-il. Enfin, sur l\u2019hypoth\u00e8se de passer la gestion des d\u00e9chets en r\u00e9gie publique, Ren\u00e9 Revol ne l\u2019exclut pas mais temporise : \u00ab\u00a0L\u2019objectif c\u2019est de le faire mais pour le faire il faut s\u2019y prendre t\u00f4t. Si en 2020 on avait dit que l\u2019objectif \u00e9tait de passer en r\u00e9gie et de faire un march\u00e9 globale de performance, pour que ce soit l\u2019industriel qui construise et nous qui contr\u00f4lions, c\u2019\u00e9tait encore possible. En avril 2024, c\u2019\u00e9tait impossible. Aujourd\u2019hui, contraint de faire une DSP, nous devons reprendre la main sur toute la cha\u00eene. Mais si on fait une DSP, il faut que le service m\u00e9tropolitain soit renforc\u00e9e c\u2019est pour \u00e7a que je d\u00e9fends l\u2019id\u00e9e de recruter un pool d\u2019ing\u00e9nieurs, une ing\u00e9nierie publique plus forte que ce qu\u2019elle est aujourd\u2019hui pour prendre en main cette transition et suivre Urbaser pour le faire\u00a0\u00bb.<\/p>\n<p>Micha\u00ebl Delafosse ne veut pas \u00eatre Ponce Pilate<\/p>\n<p class=\" wall-content\"><strong>10h47 :<\/strong> En conclusion des d\u00e9bats, <strong>Micha\u00ebl Delafosse<\/strong> a soulign\u00e9 : \u00ab\u00a0Si nous ne faisons pas plus de tri, de ressourceries et de valorisation, nous serons confront\u00e9s \u00e0 une explosion de la TEOM. Aujourd\u2019hui nous proposons une solution pour \u00e9viter cela et avoir une perspective, si tous les points sont r\u00e9alis\u00e9s, de la voir baisser \u00e0 l\u2019horizon 2030-31\u00a0\u00bb. Abordant la question de \u00ab\u00a0la tenue du d\u00e9bat public\u00a0\u00bb, le pr\u00e9sident de la M\u00e9tropole appuie : \u00ab\u00a0On peut jeter l\u2019opprobre sur les uns et les autres mais l\u2019exigence de la sant\u00e9 environnementale nous la portons tous\u00a0\u00bb et de demander \u00e0 ses opposants d\u2019adresser les m\u00eames reproches aux maires \u00e9cologistes ayant renouvel\u00e9 les DSP de leurs incin\u00e9rateurs \u00e0 Grenoble, Tours et Strasbourg. \u00ab\u00a0Il n\u2019y a pas une m\u00e9tropole qui n\u2019a pas une solution pour traiter ses d\u00e9chets ultime. La seule qui n\u2019en n\u2019a pas c\u2019est Montpellier\u00a0\u00bb rappelle-t-il une nouvelle fois. Quant \u00e0 prendre cette orientation de la fili\u00e8re CSR, il affirme : \u00ab Nous ne pouvons pas \u00eatre en Ponce Pilate, il faut faire des choix alors nous en proposons un qui est celui pr\u00e9conis\u00e9 par l\u2019ADEME qui est aujourd\u2019hui menac\u00e9e par les forces conservatrices et r\u00e9actionnaires parce qu\u2019elle s\u2019efforce justement d\u2019accompagner les territoires et les \u00e9lus pour r\u00e9ussir leur transition \u00e9cologique\u00a0\u00bb et de prendre en exemple l\u2019Amager Bakke, une usine de valorisation \u00e9nerg\u00e9tique des d\u00e9chets m\u00e9nagers \u00e0 Copenhague, dont le maire s\u2019\u00e9tait fix\u00e9 pour objectif d\u2019atteindre la neutralit\u00e9 carbone en 2025. Connue pour sa toiture accueillant un parc urbain et un centre de loisirs, elle br\u00fble 590 000 tonnes de d\u00e9chets et alimente un r\u00e9seau de chaleur de 90 000 logements. \u00c0 Montpellier, la dimension ne sera \u00e9videmment pas la m\u00eame mais cette production d\u2019\u00e9nergie, \u00ab\u00a020% moins ch\u00e8res\u00a0\u00bb, b\u00e9n\u00e9ficiera \u00e0 15 000 logements majoritairement du parc social au sud de la ville. Abordant la question d\u2019Ametyst, Micha\u00ebl Delafosse observe : \u00ab\u00a050 000 personnes ont \u00e9t\u00e9 expos\u00e9es aux nuisances olfactives et ont vu leurs conditions d\u2019habitats d\u00e9grad\u00e9es. Aujourd\u2019hui, c\u2019est \u00e0 \u00e7a que l\u2019on va mettre fin\u00a0\u00bb. Quant \u00e0 sa localisation, saluant au passage \u00ab\u00a0la solidarit\u00e9 des maires de la m\u00e9tropole\u00a0\u00bb, il observe : \u00ab\u00a0Certains disent qu\u2019elle est au centre de la ville. Pardon, j\u2019habite Montpellier et l\u2019usine est proche de l\u2019autoroute, mitoyenne de nos amis de Lattes, elle est excentr\u00e9e, mais elle existe donc on la r\u00e9g\u00e9n\u00e8re. Cette r\u00e9g\u00e9n\u00e9ration va permettre de mettre fin \u00e0 des nuisances et sera, sur le plan environnemental, parce que c\u2019est dans le cahier des charges et que Ren\u00e9 Revol y est associ\u00e9, la r\u00e9f\u00e9rence sur la technologie CSR\u00a0\u00bb. Et justement de conclure en reprenant ce dernier pour exprimer un regret, non d\u00e9nu\u00e9 de malice politique : \u00ab\u00a0Tu as raison Ren\u00e9, madame Doulain nous avait alert\u00e9 sur la solution CSR et on aurait peut-\u00eatre d\u00fb le faire plus t\u00f4t. Entre la fermeture du casier de Castries et maintenant, nous aurions d\u00fb gagner du temps, un temps que nous avons finalement mis \u00e0 profit pour aller voir ailleurs, voir o\u00f9 \u00e9taient nos faiblesses, pour faire le dialogue citoyen\u00a0\u00bb.<\/p>\n<p class=\" wall-content\"><strong>10h58 : Les votes<\/strong>, sans surprise, montrent que le sujet du CSR sera mis au coeur des municipales \u00e0 Montpellier. Sur les 17 en sa d\u00e9faveur, quinze proviennent d\u2019\u00e9lus d\u2019opposition de la ville centre. Au sein de la majorit\u00e9 de Micha\u00ebl Delafosse, les \u00e9cologistes ont opt\u00e9 pour la voie de l\u2019abstention tout comme les \u00e9lus et maires de Murviel-l\u00e8s-Montpellier, P\u00e9rols et Saint-Br\u00e8s qui n\u2019ont pas apport\u00e9 d\u2019explication \u00e0 leur vote durant les d\u00e9bats. D\u00e9tail du vote : 64 pour, 17 contre (Luc Albernhe (Montpellier), Mathilde Borne (Castelnau-le-Lez), Alenka Doulain (Montpellier), Abdi El Kandoussi (Montpellier), Jean-No\u00ebl Fourcace (Lattes), St\u00e9phanie Jannin (Montpellier), Salim Jawhari (Montpellier), Coralie Mantion (Montpellier), Isabelle Marsala (Montpellier), Patricia Mirall\u00e8s (Montpellier), Clothilde Ollier (Montpellier), Catherine Ribot (Montpellier), Philippe Saurel (Montpellier), C\u00e9lia Serrano (Montpellier), Bernard Travier (Montpellier), Jo\u00eblle Urbani (Montpellier), Fran\u00e7ois Vasquez (Montpellier)), 7 abstentions (Bernadette Conte-Arranz (P\u00e9rols), Gilles Cusin (Murviel-l\u00e8s-Montpellier), Laurent Jaoul (maire de Saint-Br\u00e8s), Marie Massart (Montpellier), Buno Paternot (Montpellier), Manu Reynaud (Montpellier), Jean-Pierre Rico (maire de P\u00e9rols), Isabelle Touzard (Murviel-l\u00e8s-Montpellier)).<\/p>\n<p><img decoding=\"async\" src=\"https:\/\/www.europesays.com\/fr\/wp-content\/uploads\/2025\/07\/perspective-ametyst-c-urbaser-640x427.jpg\" alt=\"\" width=\"640\" height=\"427\" loading=\"lazy\"\/>Un contrat majeur pour Urbaser Environnement<\/p>\n<p>Dans un communiqu\u00e9 de presse, le pr\u00e9sident d&rsquo;Urbaser Environnement Claude Saint-Joly n&rsquo;a pas manqu\u00e9 de saluer le choix de la collectivit\u00e9 : \u00ab Nous sommes tr\u00e8s fiers de pouvoir accompagner aujourd\u2019hui la M\u00e9tropole de Montpellier dans la mise en \u0153uvre de ce mod\u00e8le de traitement des d\u00e9chets, tourn\u00e9 vers l\u2019avenir et profond\u00e9ment ancr\u00e9 dans les enjeux environnementaux, \u00e9nerg\u00e9tiques et territoriaux. Nous le ferons comme toujours en bonne intelligence et dans un esprit de dialogue social avec l\u2019ensemble du personnel d\u2019exploitation. Je remercie la M\u00e9tropole pour sa confiance, mais aussi, l\u2019ensemble de nos \u00e9quipes qui ont contribu\u00e9 avec professionnalisme \u00e0 ce succ\u00e8s \u00bb.<\/p>\n<p>\u00c0 compter du 1er janvier 2026 et pour une dur\u00e9e de 15 ans, Urbaser Environnemen aura donc la charge de l\u2019exploitation de l&rsquo;usine Ametyst incluant une p\u00e9riode pr\u00e9visionnelle d\u2019\u00e9tudes techniques, d\u2019instruction administrative et de r\u00e9alisation des travaux. Le projet d\u2019am\u00e9lioration de l\u2019installation repr\u00e9sente un investissement de 110 millions d\u2019euros pr\u00e9voyant notamment la mise en conformit\u00e9 anticip\u00e9e avec la r\u00e9glementation sur les composts issus d\u2019OMR dont la production sera arr\u00eat\u00e9e avant le 1er janvier 2027, une r\u00e9duction significative des taux de refus et des \u00e9missions environnementales ainsi que  l\u2019installation de nouvelles unit\u00e9s de valorisation \u00e9nerg\u00e9tique des sous-produits. \u00ab\u00a0Apr\u00e8s avoir \u00e9t\u00e9, il y a maintenant 40 ans, le pionnier mondial dans la mise en oeuvre industrielle de la m\u00e9thanisation de la fraction organique des d\u00e9chets m\u00e9nagers, nous avons \u00e9t\u00e9 les premiers en France \u00e0 compl\u00e9ter ce mode de traitement par la production et la valorisation \u00e9nerg\u00e9tique, in situ, des CSR, avec comme objectif de limiter l\u2019enfouissement et de maximiser la production d\u2019\u00e9nergie, et ce, sur notre installation de Trifyl dans le Tarn, qui vient d\u2019\u00eatre inaugur\u00e9e le 8 juillet dernier\u00a0\u00bb met en avant Claude Saint-Joly.<\/p>\n<p>Un march\u00e9 important pour Urbaser Environnement, repr\u00e9sentant un chiffre d\u2019affaires pr\u00e9visionnel de pr\u00e8s de 567 millions d\u2019euros HT sur la dur\u00e9e du contrat, comme le souligne son directeur g\u00e9n\u00e9ral : \u00ab\u00a0Apr\u00e8s avoir remport\u00e9 il y a quelques mois le tr\u00e8s gros march\u00e9 du SYCTOM, l\u2019Agence M\u00e9tropolitaine des d\u00e9chets m\u00e9nagers, pour l\u2019exploitation de l\u2019Unit\u00e9 de Valorisation \u00c9nerg\u00e9tique de l\u2019\u00c9toile Verte \u00e0 Saint-Ouen-sur-Seine \u00e0 partir du 1er janvier 2026, ce nouveau march\u00e9 \u00e0 Montpellier, o\u00f9 se situe, depuis plus de 20 ans, le si\u00e8ge de notre Groupe, renforce notre place d\u2019acteur incontournable de la gestion des d\u00e9chets m\u00e9nagers en France. Je me r\u00e9jouis de l\u2019attribution de ce nouveau contrat, qui incarne la dynamique de notre entreprise sur le march\u00e9 fran\u00e7ais et qui r\u00e9pond pleinement aux objectifs ambitieux de croissance d\u2019Urbaser Environnement\u00a0\u00bb.<\/p>\n<p class=\" wall-content\">.<\/p>\n<p class=\" wall-content\">Suivez toute l\u2019actualit\u00e9 de vos villes et m\u00e9dias favoris en vous inscrivant \u00e0 <a href=\"https:\/\/moncompte.actu.fr\" title=\"D\u00e9couvez Mon Actu\" rel=\"nofollow noopener\" data-trk=\"{&quot;cta&quot;:{&quot;action&quot;:&quot;https:\\\/\\\/moncompte.actu.fr&quot;,&quot;category&quot;:&quot;mon compte&quot;,&quot;from&quot;:&quot;article footer&quot;,&quot;name&quot;:&quot;Mon actu&quot;,&quot;type&quot;:&quot;cta&quot;}}\" target=\"_blank\">Mon Actu<\/a>.<\/p>\n","protected":false},"excerpt":{"rendered":"Par C\u00e9dric Nithard Publi\u00e9 le 25 juil. 2025 \u00e0 17h11 L\u2019usine de m\u00e9thanisation Ametyst tourne une page importante.&hellip;\n","protected":false},"author":2,"featured_media":273121,"comment_status":"","ping_status":"","sticky":false,"template":"","format":"standard","meta":{"footnotes":""},"categories":[9599],"tags":[1111,11,436,1777,674,1011,27,2208,12,2680,316,25],"class_list":{"0":"post-273120","1":"post","2":"type-post","3":"status-publish","4":"format-standard","5":"has-post-thumbnail","7":"category-montpellier","8":"tag-actu","9":"tag-actualites","10":"tag-environnement","11":"tag-eu","12":"tag-europe","13":"tag-fr","14":"tag-france","15":"tag-montpellier","16":"tag-news","17":"tag-occitanie","18":"tag-politique","19":"tag-republique-francaise"},"share_on_mastodon":{"url":"https:\/\/pubeurope.com\/@fr\/114914694690031738","error":""},"_links":{"self":[{"href":"https:\/\/www.europesays.com\/fr\/wp-json\/wp\/v2\/posts\/273120","targetHints":{"allow":["GET"]}}],"collection":[{"href":"https:\/\/www.europesays.com\/fr\/wp-json\/wp\/v2\/posts"}],"about":[{"href":"https:\/\/www.europesays.com\/fr\/wp-json\/wp\/v2\/types\/post"}],"author":[{"embeddable":true,"href":"https:\/\/www.europesays.com\/fr\/wp-json\/wp\/v2\/users\/2"}],"replies":[{"embeddable":true,"href":"https:\/\/www.europesays.com\/fr\/wp-json\/wp\/v2\/comments?post=273120"}],"version-history":[{"count":0,"href":"https:\/\/www.europesays.com\/fr\/wp-json\/wp\/v2\/posts\/273120\/revisions"}],"wp:featuredmedia":[{"embeddable":true,"href":"https:\/\/www.europesays.com\/fr\/wp-json\/wp\/v2\/media\/273121"}],"wp:attachment":[{"href":"https:\/\/www.europesays.com\/fr\/wp-json\/wp\/v2\/media?parent=273120"}],"wp:term":[{"taxonomy":"category","embeddable":true,"href":"https:\/\/www.europesays.com\/fr\/wp-json\/wp\/v2\/categories?post=273120"},{"taxonomy":"post_tag","embeddable":true,"href":"https:\/\/www.europesays.com\/fr\/wp-json\/wp\/v2\/tags?post=273120"}],"curies":[{"name":"wp","href":"https:\/\/api.w.org\/{rel}","templated":true}]}}