{"id":273122,"date":"2025-07-25T15:57:11","date_gmt":"2025-07-25T15:57:11","guid":{"rendered":"https:\/\/www.europesays.com\/fr\/273122\/"},"modified":"2025-07-25T15:57:11","modified_gmt":"2025-07-25T15:57:11","slug":"controle-en-pleine-lecon-de-conduite-un-eleve-dauto-ecole-teste-positif-aux-stupefiants","status":"publish","type":"post","link":"https:\/\/www.europesays.com\/fr\/273122\/","title":{"rendered":"Contr\u00f4l\u00e9 en pleine le\u00e7on de conduite, un \u00e9l\u00e8ve d\u2019auto-\u00e9cole test\u00e9 positif aux stup\u00e9fiants"},"content":{"rendered":"<p>Sc\u00e8ne insolite \u00e0 <a href=\"https:\/\/www.20minutes.fr\/magazine\/le-nouveau-montpellier-mag\/\" class=\"color-ultramarine c-link\" rel=\"nofollow noopener\" target=\"_blank\">Montpellier<\/a> (H\u00e9rault). Un \u00e9l\u00e8ve d\u2019une auto-\u00e9cole locale a \u00e9t\u00e9 contr\u00f4l\u00e9 positif aux stup\u00e9fiants alors qu\u2019il \u00e9tait en le\u00e7on de conduite ce lundi. Selon <a href=\"https:\/\/www.midilibre.fr\/2025\/07\/25\/un-eleve-dauto-ecole-teste-positif-en-pleine-lecon-de-conduite-les-controles-dalcoolemie-et-de-stupefiants-renforces-a-montpellier-12844242.php\" rel=\"nofollow noopener\" target=\"_blank\" class=\"color-ultramarine c-link\">Midi Libre<\/a>, le jeune homme a \u00e9t\u00e9 test\u00e9 lors d\u2019une s\u00e9rie de contr\u00f4les de police men\u00e9s\u00a0pr\u00e8s de la Maison de la S\u00e9curit\u00e9 routi\u00e8re.<\/p>\n<p>1.549 permis suspendus en\u00a02025<\/p>\n<p>Au total, 23 v\u00e9hicules d\u2019auto-\u00e9cole ont \u00e9t\u00e9 arr\u00eat\u00e9s. \u00c9l\u00e8ves, moniteurs, accompagnateurs et inspecteurs ont tous \u00e9t\u00e9 soumis \u00e0 des d\u00e9pistages d\u2019alcool\u00e9mie et de stup\u00e9fiants. Seul un \u00e9l\u00e8ve a \u00e9t\u00e9 contr\u00f4l\u00e9\u00a0positif.<\/p>\n<p>D\u2019apr\u00e8s nos confr\u00e8res, les contr\u00f4les sont en nette hausse dans l\u2019<a href=\"https:\/\/www.20minutes.fr\/societe\/herault\/\" class=\"color-ultramarine c-link\" rel=\"nofollow noopener\" target=\"_blank\">H\u00e9rault<\/a>. Et \u00e7a paye\u00a0: depuis le d\u00e9but de l\u2019ann\u00e9e, 1.549 permis ont \u00e9t\u00e9 suspendus, dont 376 pour usage de <a href=\"https:\/\/www.20minutes.fr\/dossier\/stupefiant\" class=\"color-ultramarine c-link\" rel=\"nofollow noopener\" target=\"_blank\">stup\u00e9fiants<\/a> au volant. Des chiffres qui poussent les autorit\u00e9s \u00e0 multiplier\u00a0les op\u00e9rations cibl\u00e9es, notamment dans les zones sensibles ou aupr\u00e8s des publics \u00e0 risque, comme les jeunes conducteurs.<\/p>\n<p>Une infraction grave<\/p>\n<p>Les sanctions en cas de test positif sont imm\u00e9diates\u00a0: retrait de points, suspension ou annulation du <a href=\"https:\/\/www.20minutes.fr\/dossier\/permis_de_conduire\" class=\"color-ultramarine c-link\" rel=\"nofollow noopener\" target=\"_blank\">permis de conduire<\/a>\u2026 Pour les candidats au permis, une interdiction de se repr\u00e9senter \u00e0 l\u2019examen pendant plusieurs ann\u00e9es peut \u00eatre d\u00e9cid\u00e9e. Des poursuites p\u00e9nales sont \u00e9galement possibles. En l\u2019occurrence, le sort du conducteur en herbe n\u2019a pas \u00e9t\u00e9 r\u00e9v\u00e9l\u00e9.<\/p>\n<\/p>\n<p>Le pr\u00e9fet de l\u2019H\u00e9rault a rappel\u00e9 que l\u2019usage de <a href=\"https:\/\/www.20minutes.fr\/dossier\/drogue\" class=\"color-ultramarine c-link\" rel=\"nofollow noopener\" target=\"_blank\">drogues<\/a> au volant, m\u00eame lors de l\u2019apprentissage, constitue une infraction grave susceptible de mettre en danger la vie d\u2019autrui. Ces contr\u00f4les renforc\u00e9s sonnent comme un message clair\u00a0: il n\u2019y aura aucune tol\u00e9rance, y compris en ce qui concerne les automobilistes en formation.<\/p>\n","protected":false},"excerpt":{"rendered":"Sc\u00e8ne insolite \u00e0 Montpellier (H\u00e9rault). Un \u00e9l\u00e8ve d\u2019une auto-\u00e9cole locale a \u00e9t\u00e9 contr\u00f4l\u00e9 positif aux stup\u00e9fiants alors qu\u2019il&hellip;\n","protected":false},"author":2,"featured_media":273123,"comment_status":"","ping_status":"","sticky":false,"template":"","format":"standard","meta":{"footnotes":""},"categories":[9599],"tags":[1111,47,11,1052,1777,674,1011,27,7089,2681,2208,12,2680,1072,25,104,4377],"class_list":{"0":"post-273122","1":"post","2":"type-post","3":"status-publish","4":"format-standard","5":"has-post-thumbnail","7":"category-montpellier","8":"tag-actu","9":"tag-actualite","10":"tag-actualites","11":"tag-drogue","12":"tag-eu","13":"tag-europe","14":"tag-fr","15":"tag-france","16":"tag-herault","17":"tag-languedoc-roussillon","18":"tag-montpellier","19":"tag-news","20":"tag-occitanie","21":"tag-police","22":"tag-republique-francaise","23":"tag-societe","24":"tag-stupefiant"},"share_on_mastodon":{"url":"https:\/\/pubeurope.com\/@fr\/114914698482193893","error":""},"_links":{"self":[{"href":"https:\/\/www.europesays.com\/fr\/wp-json\/wp\/v2\/posts\/273122","targetHints":{"allow":["GET"]}}],"collection":[{"href":"https:\/\/www.europesays.com\/fr\/wp-json\/wp\/v2\/posts"}],"about":[{"href":"https:\/\/www.europesays.com\/fr\/wp-json\/wp\/v2\/types\/post"}],"author":[{"embeddable":true,"href":"https:\/\/www.europesays.com\/fr\/wp-json\/wp\/v2\/users\/2"}],"replies":[{"embeddable":true,"href":"https:\/\/www.europesays.com\/fr\/wp-json\/wp\/v2\/comments?post=273122"}],"version-history":[{"count":0,"href":"https:\/\/www.europesays.com\/fr\/wp-json\/wp\/v2\/posts\/273122\/revisions"}],"wp:featuredmedia":[{"embeddable":true,"href":"https:\/\/www.europesays.com\/fr\/wp-json\/wp\/v2\/media\/273123"}],"wp:attachment":[{"href":"https:\/\/www.europesays.com\/fr\/wp-json\/wp\/v2\/media?parent=273122"}],"wp:term":[{"taxonomy":"category","embeddable":true,"href":"https:\/\/www.europesays.com\/fr\/wp-json\/wp\/v2\/categories?post=273122"},{"taxonomy":"post_tag","embeddable":true,"href":"https:\/\/www.europesays.com\/fr\/wp-json\/wp\/v2\/tags?post=273122"}],"curies":[{"name":"wp","href":"https:\/\/api.w.org\/{rel}","templated":true}]}}