{"id":273128,"date":"2025-07-25T16:00:19","date_gmt":"2025-07-25T16:00:19","guid":{"rendered":"https:\/\/www.europesays.com\/fr\/273128\/"},"modified":"2025-07-25T16:00:19","modified_gmt":"2025-07-25T16:00:19","slug":"cette-mairie-pousse-un-coup-de-gueule-des-decennies-que-ca-dure","status":"publish","type":"post","link":"https:\/\/www.europesays.com\/fr\/273128\/","title":{"rendered":"cette mairie pousse un coup de gueule, \u00ab\u00a0des d\u00e9cennies que \u00e7a dure\u00a0\u00bb"},"content":{"rendered":"<p>            Par<br \/>\n        <strong><br \/>\n            <a href=\"https:\/\/actu.fr\/auteur\/lisa-rodrigues\" title=\"Consulter tous les articles de Lisa Rodrigues\" target=\"_blank\" rel=\"noopener\">Lisa Rodrigues<\/a><br \/>\n        <\/strong><\/p>\n<p>        Publi\u00e9 le<\/p>\n<p>            25 juil. 2025 \u00e0 16h55        <\/p>\n<p>Canap\u00e9, machine \u00e0 laver, v\u00e9lo d\u2019appartement, coussins, chaises, valises, chaussures, bac \u00e0 liti\u00e8re, placards, radiateurs, plantes mortes\u2026 Presque une tonne de d\u00e9chets, repr\u00e9sentant le contenu d\u2019un appartement r\u00e9cemment vid\u00e9, expos\u00e9e sur la voie publique.<br \/>Voici le butin recueilli en un passage des services de la mairie de <a href=\"https:\/\/actu.fr\/auvergne-rhone-alpes\/meylan_38229\" target=\"_blank\" rel=\"noopener\">Meylan<\/a> pr\u00e8s d\u2019un bac \u00e0 verre dans le quartier Buclos il y a quelques jours. Un <strong>d\u00e9p\u00f4t sauvage<\/strong> que la Ville a, non sans col\u00e8re, mis en avant sur ces r\u00e9seaux sociaux d\u00e9non\u00e7ant un \u00e9ni\u00e8me acte \u00ab\u2009illicite\u2009\u00bb.<\/p>\n<p>    <a href=\"https:\/\/www.facebook.com\/plugins\/post.php?href=https%3A%2F%2Fwww.facebook.com%2Fvilledemeylan38%2Fposts%2Fpfbid02y1WYCX9m62Vq4Chm6b3fQR2HqUMRb161u6dFAWGAKxrVFzpEj86trBycvd9nghF4l&amp;show_text=true&amp;width=350\" title=\"Ouvrie le lien\" target=\"_blank\" rel=\"noopener\">Cliquez ici pour visualiser le contenu<\/a><\/p>\n<p>Des zones privil\u00e9gi\u00e9es par les contrevenants<\/p>\n<p class=\" wall-content\">Ce n\u2019est pas la premi\u00e8re fois que la mairie de Meylan se retrouve face \u00e0 ce type d\u2019incivilit\u00e9s, en majorit\u00e9 du fait de particuliers. \u00ab\u2009\u00c7a fait des d\u00e9cennies que \u00e7a dure, se d\u00e9sole le maire, Philippe Cardin, sur ces r\u00e9seaux sociaux. Il n\u2019y a <strong>aucune tol\u00e9rance<\/strong> et tout \u00e9cart sera verbalis\u00e9.\u2009\u00bb<\/p>\n<p>    <a href=\"https:\/\/www.facebook.com\/plugins\/post.php?href=https%3A%2F%2Fwww.facebook.com%2Fphilippe.cardin.31%2Fposts%2Fpfbid0FX4q1C77jZtKBALJvWhGs433AqWVDMwVxBbA5qVUPU9L7SUaLENCiYEWT4GeDFUPl&amp;show_text=true&amp;width=350\" title=\"Ouvrie le lien\" target=\"_blank\" rel=\"noopener\">Cliquez ici pour visualiser le contenu<\/a><\/p>\n<p class=\" wall-content\">\u00ab\u2009Il y a vraiment quelques endroits dans la ville, dont deux \u00e0 Buclos, o\u00f9 on sait que si on ne fait rien, \u00e7a devient une d\u00e9charge publique\u2009\u00bb, pr\u00e9cise \u00e0 actu Grenoble Jean-Baptiste Caillet, adjoint \u00e0 la transition \u00e9nerg\u00e9tique et au patrimoine communal b\u00e2ti, et \u00e9lu de quartier Buclos.<\/p>\n<p class=\" wall-content\">L\u2019\u00e9lu avance<strong> une \u00ab\u2009habitude\u2009\u00bb<\/strong> de certains habitants qui, quelques ann\u00e9es en arri\u00e8re, b\u00e9n\u00e9ficiaient du service de ramassage communal des encombrants, en les laissant \u00e0 une date pr\u00e9cise sur le trottoir. \u00ab\u2009La M\u00e9tropole a r\u00e9cup\u00e9r\u00e9 la comp\u00e9tence d\u00e9chets et a arr\u00eat\u00e9 ce syst\u00e8me pour mettre en place <a href=\"https:\/\/actu.fr\/societe\/metropole-de-grenoble-collecte-d-encombrants-et-objets-volumineux-ce-qui-change-a-partir-de-ce-mercredi_47233352.html\" target=\"_blank\" rel=\"noopener\">un ramassage \u00e0 la demande<\/a>.\u2009\u00bb<\/p>\n<p class=\" wall-content\">Probl\u00e8me, \u00ab\u2009beaucoup d\u2019anciens points de d\u00e9p\u00f4ts ont \u00e9t\u00e9 rep\u00e9r\u00e9s et les gens continuent d\u2019y d\u00e9poser leurs d\u00e9chets\u2009\u00bb, soupire Jean-Baptiste Caillet.<\/p>\n<p>Des mesures aux \u00ab\u2009r\u00e9sultats contrast\u00e9s\u2009\u00bb<\/p>\n<p class=\" wall-content\">La mairie a bien men\u00e9 des actions, notamment en suppriment des logettes qui cachaient les principaux spots de d\u00e9p\u00f4t sauvage ou en renfor\u00e7ant la pr\u00e9vention aupr\u00e8s des riverains, en partenariat avec la SDH, principal bailleur dans le quartier. La toute <a href=\"https:\/\/actu.fr\/auvergne-rhone-alpes\/grenoble_38185\/metropole-de-grenoble-ces-gendarmes-au-role-bien-particulier-vont-patrouiller-tout-l-ete_62824133.html\" target=\"_blank\" rel=\"noopener\">nouvelle brigade environnementale m\u00e9tropolitaine<\/a> aide aussi \u00e0 la surveillance dans les espaces naturels et parcs.<\/p>\n<blockquote class=\"ac-article-quote wall-content\">\n<p>Il y a eu une baisse significative des d\u00e9p\u00f4ts sauvages, mais les r\u00e9sultats restent contrast\u00e9s. <\/p>\n<p>    <strong>Jean-Baptiste Caillet<\/strong><br \/>\n        Adjoint au maire de Meylan et \u00e9lu de quartier Buclos    <\/p><\/blockquote>\n<p class=\" wall-content\">C\u2019est notamment sur la partie <strong>r\u00e9pression<\/strong> que les difficult\u00e9s se font vite ressentir\u2009: pour que la personne en tort paie, il faut qu\u2019elle soit prise en flagrant d\u00e9lit. \u00ab\u2009M\u00eame si on trouve des documents avec des adresses, d\u2019un point de vue juridique, on est coinc\u00e9\u2009\u00bb, souffle Jean-Baptiste Caillet.<\/p>\n<p class=\" wall-content\">Pour rappel, laisser des d\u00e9chets sur la voie publique est un acte passible d\u2019une <strong>amende entre 450 et 1\u2009500\u00a0euros<\/strong>, suivant si vous avez commis le d\u00e9lit avec un v\u00e9hicule ou non.<\/p>\n<p class=\" wall-content\">D\u2019autres communes ont bien mis en place <a href=\"https:\/\/actu.fr\/normandie\/vernon_27681\/depots-sauvages-cette-ville-euroise-utilise-lintelligence-artificielle-pour-traquer-les-pollueurs_60862322.html\" target=\"_blank\" rel=\"noopener\">des cam\u00e9ras<\/a>, mais l\u00e0 aussi \u00ab\u2009cela fonctionne uniquement si on vient avec un v\u00e9hicule\u2009\u00bb sur le d\u00e9p\u00f4t sauvage. \u00ab\u2009Dans les villes o\u00f9 cela a \u00e9t\u00e9 mis en place, il y a eu un effet de d\u00e9port\u2009\u00bb vers d\u2019autres zones non couvertes par la vid\u00e9overbalisation. Pour autant, l\u2019\u00e9lu n\u2019\u00e9carte pas, \u00e0 moyen ou long terme, la possibilit\u00e9 \u00ab\u2009d\u2019une exp\u00e9rimentation\u2009\u00bb des cam\u00e9ras \u00e0 Meylan.<\/p>\n<p>Une facture sal\u00e9e pour la commune<\/p>\n<p class=\" wall-content\">Enfin, il faut parler du co\u00fbt des d\u00e9p\u00f4ts sauvages pour les mairies. Depuis deux ans, les d\u00e9chets des communes (encombrants, mais aussi d\u00e9chets verts, d\u00e9chets de la cantine ou du p\u00e9riscolaire) sont factur\u00e9s au poids par la M\u00e9tropole. \u00ab\u2009\u00c0 Meylan, \u00e7a repr\u00e9sente environ <strong>200\u2009000\u00a0euros par an<\/strong>. Environ 10\u2009%, en \u00e9tant dans la fourchette basse, ce sont les encombrants.\u2009\u00bb<\/p>\n<p class=\" wall-content\">Et c\u2019est sans compter les \u00ab\u2009co\u00fbts p\u00e9riph\u00e9riques masqu\u00e9s\u2009\u00bb du ramassage des d\u00e9p\u00f4ts sauvages avec la mobilisation d\u2019un camion benne et d\u2019agents pendant au moins deux heures pour nettoyer la zone.<\/p>\n<p>    <img   decoding=\"async\" loading=\"lazy\" src=\"https:\/\/www.europesays.com\/fr\/wp-content\/uploads\/2025\/07\/depot-sauvage-meylan-benne-960x588.png\" alt=\"La Ville de Meylan a vivement r\u00e9agi \u00e0 un \u00e9ni\u00e8me d\u00e9p\u00f4t sauvage que ses agents ont d\u00fb ramasser il y a quelques jours.\" width=\"960\" height=\"588\"\/><br \/>\n    La Ville de Meylan a vivement r\u00e9agi \u00e0 un \u00e9ni\u00e8me d\u00e9p\u00f4t sauvage que ses agents ont d\u00fb ramasser il y a quelques jours. (\u00a9Facebook Ville de Meylan)<\/p>\n<p class=\" wall-content\">Quand il ne faut pas tout recommencer dans les jours suivants\u2026 \u00ab\u2009Je suis repass\u00e9 devant le point au Buclos le lendemain du ramassage\u2009: <strong>il y avait \u00e0 nouveau des encombrants<\/strong>, \u00e0 peu pr\u00e8s la moiti\u00e9 de ce qu\u2019il y avait la veille en termes de quantit\u00e9\u2009\u00bb, soupire Jean-Baptiste Caillet.<\/p>\n<p class=\" wall-content\">Suivez toute l\u2019actualit\u00e9 de vos villes et m\u00e9dias favoris en vous inscrivant \u00e0 <a href=\"https:\/\/moncompte.actu.fr\" title=\"D\u00e9couvez Mon Actu\" rel=\"nofollow noopener\" data-trk=\"{&quot;cta&quot;:{&quot;action&quot;:&quot;https:\\\/\\\/moncompte.actu.fr&quot;,&quot;category&quot;:&quot;mon compte&quot;,&quot;from&quot;:&quot;article footer&quot;,&quot;name&quot;:&quot;Mon actu&quot;,&quot;type&quot;:&quot;cta&quot;}}\" target=\"_blank\">Mon Actu<\/a>.<\/p>\n","protected":false},"excerpt":{"rendered":"Par Lisa Rodrigues Publi\u00e9 le 25 juil. 2025 \u00e0 16h55 Canap\u00e9, machine \u00e0 laver, v\u00e9lo d\u2019appartement, coussins, chaises,&hellip;\n","protected":false},"author":2,"featured_media":273129,"comment_status":"","ping_status":"","sticky":false,"template":"","format":"standard","meta":{"footnotes":""},"categories":[9566],"tags":[1111,11,2430,3008,1777,674,1011,27,2731,12,25,104],"class_list":{"0":"post-273128","1":"post","2":"type-post","3":"status-publish","4":"format-standard","5":"has-post-thumbnail","7":"category-grenoble","8":"tag-actu","9":"tag-actualites","10":"tag-auvergne-rhone-alpes","11":"tag-dechets","12":"tag-eu","13":"tag-europe","14":"tag-fr","15":"tag-france","16":"tag-grenoble","17":"tag-news","18":"tag-republique-francaise","19":"tag-societe"},"share_on_mastodon":{"url":"https:\/\/pubeurope.com\/@fr\/114914710248475317","error":""},"_links":{"self":[{"href":"https:\/\/www.europesays.com\/fr\/wp-json\/wp\/v2\/posts\/273128","targetHints":{"allow":["GET"]}}],"collection":[{"href":"https:\/\/www.europesays.com\/fr\/wp-json\/wp\/v2\/posts"}],"about":[{"href":"https:\/\/www.europesays.com\/fr\/wp-json\/wp\/v2\/types\/post"}],"author":[{"embeddable":true,"href":"https:\/\/www.europesays.com\/fr\/wp-json\/wp\/v2\/users\/2"}],"replies":[{"embeddable":true,"href":"https:\/\/www.europesays.com\/fr\/wp-json\/wp\/v2\/comments?post=273128"}],"version-history":[{"count":0,"href":"https:\/\/www.europesays.com\/fr\/wp-json\/wp\/v2\/posts\/273128\/revisions"}],"wp:featuredmedia":[{"embeddable":true,"href":"https:\/\/www.europesays.com\/fr\/wp-json\/wp\/v2\/media\/273129"}],"wp:attachment":[{"href":"https:\/\/www.europesays.com\/fr\/wp-json\/wp\/v2\/media?parent=273128"}],"wp:term":[{"taxonomy":"category","embeddable":true,"href":"https:\/\/www.europesays.com\/fr\/wp-json\/wp\/v2\/categories?post=273128"},{"taxonomy":"post_tag","embeddable":true,"href":"https:\/\/www.europesays.com\/fr\/wp-json\/wp\/v2\/tags?post=273128"}],"curies":[{"name":"wp","href":"https:\/\/api.w.org\/{rel}","templated":true}]}}