{"id":273132,"date":"2025-07-25T16:02:09","date_gmt":"2025-07-25T16:02:09","guid":{"rendered":"https:\/\/www.europesays.com\/fr\/273132\/"},"modified":"2025-07-25T16:02:09","modified_gmt":"2025-07-25T16:02:09","slug":"de-plus-en-plus-de-detenus-difficiles-a-gerer","status":"publish","type":"post","link":"https:\/\/www.europesays.com\/fr\/273132\/","title":{"rendered":"de plus en plus de d\u00e9tenus \u00ab\u00a0difficiles \u00e0 g\u00e9rer\u00a0\u00bb"},"content":{"rendered":"<p>            Par<br \/>\n        <strong><br \/>\n            <a href=\"https:\/\/actu.fr\/auteur\/lou-batteux\" title=\"Consulter tous les articles de Lou Batteux\" target=\"_blank\" rel=\"noopener\">Lou Batteux<\/a><br \/>\n        <\/strong><\/p>\n<p>        Publi\u00e9 le<\/p>\n<p>            25 juil. 2025 \u00e0 17h18        <\/p>\n<p>Jeudi 24 juillet, un agent du Centre p\u00e9nitentiaire pour hommes de <a href=\"https:\/\/actu.fr\/rennes\/\" target=\"_blank\" rel=\"noopener\">Rennes<\/a>-Vezin (CPRV) a subi une agression physique de la part d\u2019un d\u00e9tenu <strong>\u00ab\u00a0au profil psychiatrique\u00a0\u00bb<\/strong>, selon les termes de Florian Adam, secr\u00e9taire local FO-Justice. Et ce n\u2019est pas la premi\u00e8re fois qu\u2019un tel ph\u00e9nom\u00e8ne survient dans l\u2019\u00e9tablissement.<\/p>\n<p>D\u00e9f\u00e9cation, agression et tentative d\u2019incendie<\/p>\n<p class=\" wall-content\">Dans la nuit de mercredi 23 \u00e0 jeudi 24 juillet, le d\u00e9tenu en question a \u00e9t\u00e9 transf\u00e9r\u00e9 en urgence au Quartier Arrivant (QA) de la maison d\u2019arr\u00eat apr\u00e8s s\u2019en \u00eatre \u00ab\u00a0violemment pris au mat\u00e9riel de sa cellule, <strong>brisant la fen\u00eatre ainsi que le r\u00e9frig\u00e9rateur<\/strong>.\u00a0\u00bb Le lendemain, vers 7h, les agents du QA retournent voir le prisonnier et constatent qu\u2019il a \u00ab\u00a0volontairement d\u00e9f\u00e9qu\u00e9 en plein milieu de sa cellule\u00a0\u00bb.<\/p>\n<p class=\" wall-content\">Ce n\u2019est qu\u2019une heure plus tard que l\u2019incident survient. Vers 8h30, en entendant du vacarme provenir de la cellule de l\u2019individu, les agents interviennent et d\u00e9couvrent qu\u2019il tente \u00e0 nouveau de casser sa fen\u00eatre. En les voyant, ce dernier leur fonce alors dessus en \u00ab\u00a0r\u00e9clamant une promenade imm\u00e9diatement\u00a0\u00bb. L\u2019un d\u2019eux r\u00e9torque qu\u2019il n\u2019est pas dans son cr\u00e9neau horaire et la r\u00e9ponse du d\u00e9tenu ne se fait pas attendre : <strong>il lui ass\u00e8ne un coup de poing au visage<\/strong>.<\/p>\n<p class=\" wall-content\">Avec l\u2019aide de son bin\u00f4me, le surveillant parvient \u00e0 ma\u00eetriser l\u2019agresseur. Ce dernier est ensuite <strong>menott\u00e9 puis transf\u00e9r\u00e9 au Quartier Disciplinaire<\/strong> (QD). La victime ne s\u2019en sort qu\u2019avec quelques douleurs, mais d\u00e9cide de <strong>porter plainte<\/strong> imm\u00e9diatement. Et l\u2019histoire ne s\u2019arr\u00eate pas l\u00e0. Plus tard dans la journ\u00e9e, le d\u00e9tenu tente de <strong>mettre le feu \u00e0 sa cellule, <\/strong>puis de tenter s\u2019y pendre avec une corde dans la nuit.<\/p>\n<p class=\" wall-content\">La gendarmerie est actuellement sur le dossier et le d\u00e9tenu, qui est en \u00ab\u00a0cellule adapt\u00e9e\u00a0\u00bb, va \u00eatre \u00ab\u00a0<strong>convoqu\u00e9 en commission d\u2019enqu\u00eate<\/strong>\u00ab\u00a0, explique Anne-Sophie Cortinovis, chef de cabinet et responsable communication \u00e0 la Direction interr\u00e9gionale des services p\u00e9nitentiaires Grand Ouest.<\/p>\n<p>\u00ab\u00a0\u00c7a devient ing\u00e9rable\u00a0\u00bb<\/p>\n<blockquote class=\"ac-article-quote wall-content\">\n<p>Il y a une augmentation des profils psychiatriques dans l&rsquo;\u00e9tablissement. Les autorit\u00e9s m\u00e9dicales refusent de nous transmettre les infos concernant les d\u00e9tenus, mais on le sait \u00e0 force de les c\u00f4toyer. \u00c7a devient ing\u00e9rable.<\/p>\n<p>    <strong>Florian Adam<\/strong><br \/>\n        Secr\u00e9taire local FO-Justice    <\/p><\/blockquote>\n<p class=\" wall-content\">Si Florian Adam explique que ce type de personnes devraient \u00eatre transf\u00e9r\u00e9es \u00e0 <strong>l\u2019Unit\u00e9 Hospitali\u00e8re Sp\u00e9cialement Am\u00e9nag\u00e9e<\/strong> (UHSA) de Rennes, celle-ci est satur\u00e9e, selon lui. Le CPRV n\u2019a donc pas le choix que d\u2019accepter <strong>\u00ab\u00a0des profils qui n\u2019ont rien \u00e0 faire ici\u00a0\u00bb<\/strong> et les \u00ab\u00a0g\u00e9rer comme n\u2019importe quel autre d\u00e9tenu\u00a0\u00bb.<\/p>\n<blockquote class=\"ac-article-quote wall-content\">\n<p>Le CPRV devient progressivement un h\u00f4pital psychiatrique de substitution. La multiplication de ces profils instables au sein du CPRV met gravement en danger les agents et le bon fonctionnement de la d\u00e9tention.<\/p>\n<p>    <strong>Bureau local FO-Justice du CPRV<\/strong>\n            <\/p><\/blockquote>\n<p>Une agression de plus<\/p>\n<p class=\" wall-content\">Ce ph\u00e9nom\u00e8ne de violences de la part d\u2019un d\u00e9tenu \u00ab\u00a0au profil psy\u00a0\u00bb contre le personnel du CPRV, ce n\u2019est pas la premi\u00e8re fois qu\u2019il se produit. Mercredi 16 juillet, un autre individu a <strong>crach\u00e9 sur un agent<\/strong> distribuant le courrier. Au moment o\u00f9 des renforts arrivent pour le menotter, il tente<strong> d\u2019\u00e9trangler un grad\u00e9<\/strong> avant de lui ass\u00e9ner plusieurs coups de pied. <strong>\u00ab\u00a0Je vais te faire assassiner !\u00a0\u00bb<\/strong>, lance-t-il \u00e0 un autre chef.<\/p>\n<p class=\" wall-content\"><strong>D\u00e9pass\u00e9 et \u00ab\u00a0au bord de la rupture<\/strong>\u00ab\u00a0, le bureau local FO-Justice <strong>exige alors \u00ab\u00a0des actes clairs, concrets et imm\u00e9diats\u00a0\u00bb<\/strong> de la part de l\u2019administration.<\/p>\n<p class=\" wall-content\">Suivez toute l\u2019actualit\u00e9 de vos villes et m\u00e9dias favoris en vous inscrivant \u00e0 <a href=\"https:\/\/moncompte.actu.fr\" title=\"D\u00e9couvez Mon Actu\" rel=\"nofollow noopener\" data-trk=\"{&quot;cta&quot;:{&quot;action&quot;:&quot;https:\\\/\\\/moncompte.actu.fr&quot;,&quot;category&quot;:&quot;mon compte&quot;,&quot;from&quot;:&quot;article footer&quot;,&quot;name&quot;:&quot;Mon actu&quot;,&quot;type&quot;:&quot;cta&quot;}}\" target=\"_blank\">Mon Actu<\/a>.<\/p>\n","protected":false},"excerpt":{"rendered":"Par Lou Batteux Publi\u00e9 le 25 juil. 2025 \u00e0 17h18 Jeudi 24 juillet, un agent du Centre p\u00e9nitentiaire&hellip;\n","protected":false},"author":2,"featured_media":29780,"comment_status":"","ping_status":"","sticky":false,"template":"","format":"standard","meta":{"footnotes":""},"categories":[2821],"tags":[1111,11,829,1777,674,1011,27,303,12,899,584,25,104,3427],"class_list":{"0":"post-273132","1":"post","2":"type-post","3":"status-publish","4":"format-standard","5":"has-post-thumbnail","7":"category-rennes","8":"tag-actu","9":"tag-actualites","10":"tag-bretagne","11":"tag-eu","12":"tag-europe","13":"tag-fr","14":"tag-france","15":"tag-justice","16":"tag-news","17":"tag-prisons","18":"tag-rennes","19":"tag-republique-francaise","20":"tag-societe","21":"tag-syndicats"},"share_on_mastodon":{"url":"https:\/\/pubeurope.com\/@fr\/114914718095792741","error":""},"_links":{"self":[{"href":"https:\/\/www.europesays.com\/fr\/wp-json\/wp\/v2\/posts\/273132","targetHints":{"allow":["GET"]}}],"collection":[{"href":"https:\/\/www.europesays.com\/fr\/wp-json\/wp\/v2\/posts"}],"about":[{"href":"https:\/\/www.europesays.com\/fr\/wp-json\/wp\/v2\/types\/post"}],"author":[{"embeddable":true,"href":"https:\/\/www.europesays.com\/fr\/wp-json\/wp\/v2\/users\/2"}],"replies":[{"embeddable":true,"href":"https:\/\/www.europesays.com\/fr\/wp-json\/wp\/v2\/comments?post=273132"}],"version-history":[{"count":0,"href":"https:\/\/www.europesays.com\/fr\/wp-json\/wp\/v2\/posts\/273132\/revisions"}],"wp:featuredmedia":[{"embeddable":true,"href":"https:\/\/www.europesays.com\/fr\/wp-json\/wp\/v2\/media\/29780"}],"wp:attachment":[{"href":"https:\/\/www.europesays.com\/fr\/wp-json\/wp\/v2\/media?parent=273132"}],"wp:term":[{"taxonomy":"category","embeddable":true,"href":"https:\/\/www.europesays.com\/fr\/wp-json\/wp\/v2\/categories?post=273132"},{"taxonomy":"post_tag","embeddable":true,"href":"https:\/\/www.europesays.com\/fr\/wp-json\/wp\/v2\/tags?post=273132"}],"curies":[{"name":"wp","href":"https:\/\/api.w.org\/{rel}","templated":true}]}}