{"id":273133,"date":"2025-07-25T16:03:15","date_gmt":"2025-07-25T16:03:15","guid":{"rendered":"https:\/\/www.europesays.com\/fr\/273133\/"},"modified":"2025-07-25T16:03:15","modified_gmt":"2025-07-25T16:03:15","slug":"que-faire-a-rennes-en-ce-dernier-week-end-de-juillet-voici-nos-7-idees-sorties","status":"publish","type":"post","link":"https:\/\/www.europesays.com\/fr\/273133\/","title":{"rendered":"Que faire \u00e0 Rennes en ce dernier week-end de juillet ? Voici nos 7 id\u00e9es sorties"},"content":{"rendered":"<p>            Par<br \/>\n        <strong><br \/>\n            <a href=\"https:\/\/actu.fr\/auteur\/brian-legoff\" title=\"Consulter tous les articles de Brian Le Goff\" target=\"_blank\" rel=\"noopener\">Brian Le Goff<\/a><br \/>\n        <\/strong><\/p>\n<p>        Publi\u00e9 le<\/p>\n<p>            25 juil. 2025 \u00e0 17h25        <\/p>\n<p>Que vous soyez <strong>plut\u00f4t f\u00eatards<\/strong> ou que vous<strong> recherchiez le calme<\/strong>, on a forc\u00e9ment une id\u00e9e sortie pour vous en ce dernier week-end de juillet. D\u2019une soir\u00e9e drag \u00e0 une animation jeu de l\u2019Oie au mus\u00e9e, vous ne manquerez pas d\u2019id\u00e9es pour sortir ces vendredi\u00a025, samedi\u00a026 et dimanche 27\u00a0juillet \u00e0 <a href=\"https:\/\/actu.fr\/rennes\/\" target=\"_blank\" rel=\"noopener\">Rennes<\/a>. D\u00e9couvrez nos id\u00e9es sorties.<\/p>\n<p>Soir\u00e9e Drag \u00e0 Grabuge<\/p>\n<p class=\" wall-content\">Fashion Victim et le collectif Noctem organisent <strong>vendredi 25\u00a0juillet, de 20\u2009h \u00e0 00h,<\/strong> une soir\u00e9e drags et DJ sets au bar Grabuge, dans le quartier de la Courrouze. \u00ab<strong>\u2009Maya Doll et Revarhia<\/strong> prennent les commandes de Grabuge pour une soir\u00e9e estivale de folie. La canicule n\u2019a qu\u2019\u00e0 bien se tenir.\u2009\u00bb Du c\u00f4t\u00e9 des ma\u00eetresses de c\u00e9r\u00e9monie, retrouvez <strong>Soir Swann et Dolly Bido et H\u00e9m\u00e9ra<\/strong>.<\/p>\n<p class=\" wall-content\"><a href=\"https:\/\/www.instagram.com\/p\/DL0Bhk0tBuy\/embed\" title=\"Ouvrir le lien sur Instagram\" target=\"_blank\" rel=\"noopener\">Visualiser le contenu sur Instagram<\/a><\/p>\n<p class=\" wall-content\">Pour faire vibrer le dancefloor jusqu\u2019\u00e0 minuit, <strong>ACK et Yasmae<\/strong> seront derri\u00e8re les platines.<\/p>\n<p>Prix libre conscient \u2013 6\u00a0euros.<\/p>\n<p>Projections sur le Parlement<br \/>\n    <img   decoding=\"async\" loading=\"lazy\" src=\"https:\/\/www.europesays.com\/fr\/wp-content\/uploads\/2025\/07\/1753459394_598_projections-regards-parlement-de-bretagne-rennes-ete-2025-spectaculaires-heol-installation-esquisses.jpeg\" alt=\"v\" width=\"960\" height=\"640\"\/><br \/>\n    Les projections sur le Parlement de Bretagne \u00e0 Rennes. (\u00a9 Brian Le Goff \/ actu Rennes)<\/p>\n<p class=\" wall-content\">Elles ont <strong>d\u00e9but\u00e9 il y a pr\u00e8s d\u2019une semaine,<\/strong> les projections sur le Parlement de Bretagne, dans le centre historique de Rennes, se poursuivent <strong>jusqu\u2019au samedi 23\u00a0ao\u00fbt.<\/strong> Une seule projection a lieu chaque soir,<strong> \u00e0 23h<\/strong> jusqu\u2019au 2\u00a0ao\u00fbt inclus, et <strong>\u00e0 22h30,<\/strong> \u00e0 partir du 3\u00a0ao\u00fbt.<\/p>\n<p class=\" wall-content\">Cette ann\u00e9e, le spectacle s\u2019intitule <strong>\u00ab\u2009Regards\u2009\u00bb et \u00e9voque la th\u00e9matique du portrait<\/strong>. Elle a \u00e9t\u00e9 cr\u00e9\u00e9e par l\u2019entreprise, bas\u00e9e \u00e0 Saint-Thurial, \u00e0 l\u2019ouest de Rennes, <strong>Spectaculaires.<\/strong><\/p>\n<p>Transat en ville<br \/>\n    <img   decoding=\"async\" loading=\"lazy\" src=\"https:\/\/www.europesays.com\/fr\/wp-content\/uploads\/2025\/07\/transat-en-ville-rennes-festival-960x640.jpg\" alt=\"....\" width=\"960\" height=\"640\"\/><br \/>\n    Le festival Transat en ville, sur la place de la Mairie. (\u00a9 Brian Le Goff \/ actu Rennes)<\/p>\n<p class=\" wall-content\">Le festival prend ses quartiers d\u2019\u00e9t\u00e9 sur la <strong>place de la Mairie<\/strong> \u00e0 Rennes. <strong>De 12h \u00e0 19h,<\/strong> du mardi au samedi, <strong>profitez des transats install\u00e9s<\/strong> sur le parquet, devant la sc\u00e8ne, et entour\u00e9 d\u2019une d\u00e9coration qui casse avec le c\u00f4t\u00e9 min\u00e9ral du centre-ville.<\/p>\n<p class=\" wall-content\">Ce <strong>samedi 26\u00a0juillet,<\/strong> l\u2019organisation laisse carte blanche au Jardin moderne. <strong>L\u2019apr\u00e8s-midi,<\/strong> participez aux <strong>ateliers d\u2019\u00e9criture\u2009:<\/strong> les \u00e9quipes de l\u2019Open Mic Brant vous invitent \u00e0 \u00e9crire les paroles des chansons qui seront ensuite interpr\u00e9t\u00e9es pour un<strong> karaok\u00e9 exp\u00e9rimental et participatif \u00e0 partir de 19h<\/strong>.<\/p>\n<p class=\" wall-content\"><strong>\u00c0 20h15, le groupe rennais St\u00ebrnn<\/strong> se produira dans un univers entre \u00e9lectro et trip-hop.<\/p>\n<p>Exporama<\/p>\n<p class=\" wall-content\">Chaque ann\u00e9e, la Ville organise Exporama, un <strong>\u00e9v\u00e9nement estival d\u00e9di\u00e9 \u00e0 l\u2019art contemporain.<\/strong> De nombreuses <strong>expositions<\/strong> ont lieu dans les lieux de culture et d\u2019art de la capitale bretonne. Ne manquez pas, entre autres, celle nomm\u00e9e <strong>\u00ab\u2009Les yeux dans les yeux\u2009\u00bb, portraits de la collection Pinault,<\/strong> au Couvent des Jacobins, place Sainte-Anne.<\/p>\n<p class=\" wall-content\">Pour d\u00e9couvrir l\u2019ensemble des propositions d\u2019Exporama, <a href=\"https:\/\/www.exporama-rennes.fr\/\" target=\"_blank\" rel=\"noopener\">rendez-vous sur le site d\u00e9di\u00e9<\/a>.<\/p>\n<p>Horaires d\u2019ouverture\u2009: du mardi au dimanche de 10h \u00e0 19h. Tarifs\u2009: Billet unique pour les deux expositions \u00ab\u2009Les yeux dans les yeux, portrait de la Collection Pinault\u2009\u00bb (Couvent des Jacobins) et Claire Tabouret \u00ab\u2009Entre la m\u00e9moire et l\u2019oubli\u2009\u00bb (Mus\u00e9e des beaux-arts \u2013 Quai Zola). Plein tarif 12\u20ac \/ tarif r\u00e9duit 7\u20ac \/ gratuit pour les moins de 26\u00a0ans, les titulaires de la carte Sortir\u2009!, les b\u00e9n\u00e9ficiaires des minima sociaux et les personnes en situation de handicap.<\/p>\n<p>Open Air aux Gayeulles<\/p>\n<p class=\" wall-content\">De 14h \u00e0 21h, Comme \u00c7a et Turtle Corporation pr\u00e9sentent 1,2,3 Soleil, un <strong>open air gratuit<\/strong> au parc des Gayeulles avec deux sc\u00e8nes, un bar et des food trucks, du karaok\u00e9, un village cr\u00e9atif et d\u2019autres animations.<\/p>\n<blockquote class=\"ac-article-quote wall-content\">\n<p> Pour animer cette cour de r\u00e9cr\u00e9, nous aurons l\u2019honneur d\u2019accueillir le grand DAVID VUNK, qui d\u00e9barquera de Rotterdam pour donner une le\u00e7on de style.<\/p>\n<p>    <strong>Comme \u00c7a et Turtle<\/strong>\n            <\/p><\/blockquote>\n<p class=\" wall-content\">\u00ab\u2009Ce n\u2019est pas une interro surprise, c\u2019est la r\u00e9cr\u00e9ation de l\u2019\u00e9t\u00e9\u2009\u00bb, indiquent les organisateurs.<\/p>\n<p class=\" wall-content\"><a href=\"https:\/\/www.instagram.com\/p\/DJRulwvMhOR\/embed\" title=\"Ouvrir le lien sur Instagram\" target=\"_blank\" rel=\"noopener\">Visualiser le contenu sur Instagram<\/a><\/p>\n<p>March\u00e9 de cr\u00e9ateurs au Grand Huit<\/p>\n<p class=\" wall-content\">Le <strong>Grand Huit,<\/strong> guinguette alliant man\u00e8ges, bistro, concert, spectacles et ateliers sur d\u2019anciens terrains de la SNCF, <strong>pr\u00e8s de la gare de Rennes,<\/strong> organise un march\u00e9 des cr\u00e9ateurs ce week-end avec\u2009:<\/p>\n<ul class=\" wall-content\">\n<li>Fe\u00efr (textile, peintures, cadres)\u2009;<\/li>\n<li>Solenn (impressions, goodies)\u2009;<\/li>\n<li>Garance (c\u00e9ramiques)\u2009;<\/li>\n<li>Les Kitcheries de Lolo (cr\u00e9ations, luminaires customis\u00e9s)\u2009;<\/li>\n<li>Bizouh (bijoux)\u2009;<\/li>\n<li>L\u2019atelier Printemps (impressions et peintures)\u2009;<\/li>\n<li>Panthygone (impressions, textiles, bijoux)\u2009;<\/li>\n<li>Maunam\u00e9 Coralie (textiles et bijoux)\u2009;<\/li>\n<li>Moresk (textiles, bijoux)\u2009;<\/li>\n<li>Anne-Julie (atelier autour des broches et kits de broderie).<\/li>\n<\/ul>\n<p>Samedi et dimanche, de 11h30 \u00e0 19h30. 20, rue Pierre Martin.<\/p>\n<p>Jeu de l\u2019Oie au mus\u00e9e des Beaux-Arts<\/p>\n<p class=\" wall-content\"><strong>Gratuite et sans r\u00e9servation,<\/strong> cette activit\u00e9 vous propose de partir \u00e0 l\u2019aventure avec Pagaille au mus\u00e9e, un jeu de l\u2019Oie \u00e0 d\u00e9couvrir et \u00e0 jouer en autonomie. \u00ab\u2009Laissez-vous guider case apr\u00e8s case pour explorer les \u0153uvres tout en vous amusant.\u2009\u00bb<\/p>\n<p>Au mus\u00e9e des Beau-Arts, quai \u00c9mile Zola \u00e0 Rennes. En continu samedi et dimanche, de 11h \u00e0 12h, pour tout public, dans la limite des places disponibles. Enfant \u00e0 partir de six ans.<\/p>\n<p class=\" wall-content\">Suivez toute l\u2019actualit\u00e9 de vos villes et m\u00e9dias favoris en vous inscrivant \u00e0 <a href=\"https:\/\/moncompte.actu.fr\" title=\"D\u00e9couvez Mon Actu\" rel=\"nofollow noopener\" data-trk=\"{&quot;cta&quot;:{&quot;action&quot;:&quot;https:\\\/\\\/moncompte.actu.fr&quot;,&quot;category&quot;:&quot;mon compte&quot;,&quot;from&quot;:&quot;article footer&quot;,&quot;name&quot;:&quot;Mon actu&quot;,&quot;type&quot;:&quot;cta&quot;}}\" target=\"_blank\">Mon Actu<\/a>.<\/p>\n<p>                    <script async src=\"\/\/www.instagram.com\/embed.js\"><\/script><\/p>\n","protected":false},"excerpt":{"rendered":"Par Brian Le Goff Publi\u00e9 le 25 juil. 2025 \u00e0 17h25 Que vous soyez plut\u00f4t f\u00eatards ou que&hellip;\n","protected":false},"author":2,"featured_media":273134,"comment_status":"","ping_status":"","sticky":false,"template":"","format":"standard","meta":{"footnotes":""},"categories":[2821],"tags":[1111,11,1063,829,31700,1777,674,1011,27,1305,12,584,25,853],"class_list":{"0":"post-273133","1":"post","2":"type-post","3":"status-publish","4":"format-standard","5":"has-post-thumbnail","7":"category-rennes","8":"tag-actu","9":"tag-actualites","10":"tag-animations","11":"tag-bretagne","12":"tag-ete-a-rennes","13":"tag-eu","14":"tag-europe","15":"tag-fr","16":"tag-france","17":"tag-lifestyle","18":"tag-news","19":"tag-rennes","20":"tag-republique-francaise","21":"tag-spectacles"},"share_on_mastodon":{"url":"https:\/\/pubeurope.com\/@fr\/114914722031146680","error":""},"_links":{"self":[{"href":"https:\/\/www.europesays.com\/fr\/wp-json\/wp\/v2\/posts\/273133","targetHints":{"allow":["GET"]}}],"collection":[{"href":"https:\/\/www.europesays.com\/fr\/wp-json\/wp\/v2\/posts"}],"about":[{"href":"https:\/\/www.europesays.com\/fr\/wp-json\/wp\/v2\/types\/post"}],"author":[{"embeddable":true,"href":"https:\/\/www.europesays.com\/fr\/wp-json\/wp\/v2\/users\/2"}],"replies":[{"embeddable":true,"href":"https:\/\/www.europesays.com\/fr\/wp-json\/wp\/v2\/comments?post=273133"}],"version-history":[{"count":0,"href":"https:\/\/www.europesays.com\/fr\/wp-json\/wp\/v2\/posts\/273133\/revisions"}],"wp:featuredmedia":[{"embeddable":true,"href":"https:\/\/www.europesays.com\/fr\/wp-json\/wp\/v2\/media\/273134"}],"wp:attachment":[{"href":"https:\/\/www.europesays.com\/fr\/wp-json\/wp\/v2\/media?parent=273133"}],"wp:term":[{"taxonomy":"category","embeddable":true,"href":"https:\/\/www.europesays.com\/fr\/wp-json\/wp\/v2\/categories?post=273133"},{"taxonomy":"post_tag","embeddable":true,"href":"https:\/\/www.europesays.com\/fr\/wp-json\/wp\/v2\/tags?post=273133"}],"curies":[{"name":"wp","href":"https:\/\/api.w.org\/{rel}","templated":true}]}}