{"id":273137,"date":"2025-07-25T16:05:12","date_gmt":"2025-07-25T16:05:12","guid":{"rendered":"https:\/\/www.europesays.com\/fr\/273137\/"},"modified":"2025-07-25T16:05:12","modified_gmt":"2025-07-25T16:05:12","slug":"toute-lactu-top-music-le-tribunal-administratif-de-strasbourg-ordonne-le-demantelement-du-camp-du-heyritz","status":"publish","type":"post","link":"https:\/\/www.europesays.com\/fr\/273137\/","title":{"rendered":"Toute l&rsquo;actu Top Music &#8211; Le tribunal administratif de Strasbourg ordonne le d\u00e9mant\u00e8lement du camp du Heyritz"},"content":{"rendered":"<p><img decoding=\"async\" class=\"\" style=\"width:100%\" src=\"https:\/\/www.europesays.com\/fr\/wp-content\/uploads\/2025\/07\/tempImage5L8Mki1753457250404.jpg\" alt=\"Campement au parc du Heyritz \"\/><\/p>\n<p>Campement au parc du Heyritz <\/p>\n<p>Cr\u00e9dit : Topmusic-LF<\/p>\n<p>Ce vendredi 25 juillet, le juge des r\u00e9f\u00e9r\u00e9s du <strong>tribunal administratif de Strasbourg<\/strong> a ordonn\u00e9 l\u2019<strong>\u00e9vacuation<\/strong> des occupants du camp install\u00e9 dans le <strong>parc du Heyritz<\/strong>, leur donnant <strong>huit jours<\/strong> pour lib\u00e9rer les lieux. <strong>La Ville de Strasbourg<\/strong> avait saisi la justice pour faire <strong>\u00e9vacuer<\/strong> ce <strong>campement<\/strong> qui regroupe pr\u00e8s de <strong>180 personnes<\/strong>, dont une <strong>soixantaine d\u2019enfants<\/strong>, vivant dans des <strong>conditions pr\u00e9caires<\/strong>. \u00ab La majorit\u00e9 des personnes sont dans des tentes depuis le mois de mai, elles ont pass\u00e9 de longues semaines \u00e0 supporter les intemp\u00e9ries, les pluies, ainsi que la p\u00e9riode de canicule \u00bb, explique <strong>Sabine Carriou<\/strong>, responsable de l\u2019<strong>association humanitaire<\/strong> <strong>Les Petites Roues<\/strong> \u00e0 <strong>Strasbourg<\/strong>.<\/p>\n<p><strong>Risques et s\u00e9curit\u00e9<\/strong><\/p>\n<p>Originaires d\u2019<strong>Afghanistan<\/strong>, de <strong>Syrie<\/strong>, ou encore d&rsquo;<strong>Albanie<\/strong>, beaucoup sont <strong>r\u00e9fugi\u00e9s<\/strong> ou en <strong>attente de r\u00e9gularisation<\/strong>. Plusieurs <strong>familles<\/strong> vivaient auparavant dans des h\u00f4tels ou des <strong>logements sociaux<\/strong>, mais ont \u00e9t\u00e9 <strong>mises \u00e0 la rue<\/strong> apr\u00e8s des <strong>r\u00e9ductions<\/strong> de places d\u2019h\u00e9bergement d\u2019urgence. Le <strong>tribunal administratif de Strasbourg<\/strong> a ordonn\u00e9 l\u2019<strong>\u00e9vacuation<\/strong> du <strong>camp du Heyritz<\/strong> en s\u2019appuyant sur les <strong>risques<\/strong> auxquels sont expos\u00e9s les <strong>occupants<\/strong>, notamment en mati\u00e8re de <strong>s\u00e9curit\u00e9 <\/strong>et de <strong>sant\u00e9<\/strong>, ainsi que sur le <strong>risque de trouble \u00e0 l\u2019ordre public. <\/strong>La Ville de Strasbourg, qui avait saisi la justice, a demand\u00e9 <strong>le concours de la force publique <\/strong>pour faire \u00e9vacuer le site si les occupants ne quittaient pas les lieux dans le d\u00e9lai imparti. Lors de l\u2019audience, les avocats des occupants ont soulign\u00e9 l\u2019absence d\u2019une prise en charge adapt\u00e9e et ont insist\u00e9 sur le droit \u00e0<strong> l\u2019h\u00e9bergement inconditionnel.<\/strong><\/p>\n","protected":false},"excerpt":{"rendered":"Campement au parc du Heyritz Cr\u00e9dit : Topmusic-LF Ce vendredi 25 juillet, le juge des r\u00e9f\u00e9r\u00e9s du tribunal&hellip;\n","protected":false},"author":2,"featured_media":273138,"comment_status":"","ping_status":"","sticky":false,"template":"","format":"standard","meta":{"footnotes":""},"categories":[2820],"tags":[1111,11,2389,41256,6951,1777,674,5220,1011,27,775,41257,303,420,1251,12,8916,25,640,7420,15051,4824],"class_list":{"0":"post-273137","1":"post","2":"type-post","3":"status-publish","4":"format-standard","5":"has-post-thumbnail","7":"category-strasbourg","8":"tag-actu","9":"tag-actualites","10":"tag-alsace","11":"tag-campement","12":"tag-communique","13":"tag-eu","14":"tag-europe","15":"tag-evacuation","16":"tag-fr","17":"tag-france","18":"tag-grand-est","19":"tag-heyritz","20":"tag-justice","21":"tag-loi","22":"tag-migrants","23":"tag-news","24":"tag-prefecture","25":"tag-republique-francaise","26":"tag-strasbourg","27":"tag-top-music","28":"tag-tribunal-administratif","29":"tag-ville"},"share_on_mastodon":{"url":"https:\/\/pubeurope.com\/@fr\/114914729904654186","error":""},"_links":{"self":[{"href":"https:\/\/www.europesays.com\/fr\/wp-json\/wp\/v2\/posts\/273137","targetHints":{"allow":["GET"]}}],"collection":[{"href":"https:\/\/www.europesays.com\/fr\/wp-json\/wp\/v2\/posts"}],"about":[{"href":"https:\/\/www.europesays.com\/fr\/wp-json\/wp\/v2\/types\/post"}],"author":[{"embeddable":true,"href":"https:\/\/www.europesays.com\/fr\/wp-json\/wp\/v2\/users\/2"}],"replies":[{"embeddable":true,"href":"https:\/\/www.europesays.com\/fr\/wp-json\/wp\/v2\/comments?post=273137"}],"version-history":[{"count":0,"href":"https:\/\/www.europesays.com\/fr\/wp-json\/wp\/v2\/posts\/273137\/revisions"}],"wp:featuredmedia":[{"embeddable":true,"href":"https:\/\/www.europesays.com\/fr\/wp-json\/wp\/v2\/media\/273138"}],"wp:attachment":[{"href":"https:\/\/www.europesays.com\/fr\/wp-json\/wp\/v2\/media?parent=273137"}],"wp:term":[{"taxonomy":"category","embeddable":true,"href":"https:\/\/www.europesays.com\/fr\/wp-json\/wp\/v2\/categories?post=273137"},{"taxonomy":"post_tag","embeddable":true,"href":"https:\/\/www.europesays.com\/fr\/wp-json\/wp\/v2\/tags?post=273137"}],"curies":[{"name":"wp","href":"https:\/\/api.w.org\/{rel}","templated":true}]}}